{"id":2178,"date":"2010-09-28T09:39:41","date_gmt":"2010-09-28T06:39:41","guid":{"rendered":"http:\/\/www.gocmeniz.biz\/?p=2178"},"modified":"2026-04-03T12:25:36","modified_gmt":"2026-04-03T09:25:36","slug":"bulgaristandaki-alisveris-merkezleri-kriz-dinlemedi","status":"publish","type":"post","link":"https:\/\/www.gocmeniz.biz\/?p=2178","title":{"rendered":"Bulgaristan`daki al\u0131\u015fveri\u015f merkezleri kriz dinlemedi"},"content":{"rendered":"<div><strong>SOFYA(C\u0130HAN)-<\/p>\n<p><\/strong><strong>Avrupa`n\u0131n bir&ccedil;ok &uuml;lkesinde ekonomik krizden dolay\u0131 al\u0131\u015fveri\u015f merkezi (Mall) in\u015faatlar\u0131n\u0131n yar\u0131m kalmas\u0131na kar\u015f\u0131n Bulgaristan`da in\u015faatlar artarak devam ediyor.<\/strong> &Uuml;lkede 2010`un ilk yar\u0131s\u0131nda &uuml;lkede yakla\u015f\u0131k 200 bin metrekare ticari alan hizmete girdi. Bulgaristan, 2010 y\u0131l\u0131n\u0131n ilk yar\u0131s\u0131nda tamamlanan ticari alan miktar\u0131 bak\u0131m\u0131ndan Avrupa Birli\u011fi`nde birinci, Avrupa`da ise Rusya`n\u0131n ard\u0131ndan ikinci s\u0131rada yer al\u0131yor. Rusya`da ayn\u0131 d&ouml;nemde 430 bin metre kare yeni alan in\u015fa edildi.<\/p>\n<p>Cushman&amp; Wakefield(C&amp;W) dan\u0131\u015fmanl\u0131k \u015firketi taraf\u0131ndan yap\u0131lan ara\u015ft\u0131rmaya g&ouml;re, Bulgaristan`da ticari alanlar\u0131n miktar\u0131 2010`un ilk yar\u0131s\u0131nda y&uuml;zde 90 oran\u0131nda artt\u0131. Ticari alanlar\u0131n Bosna Hersek, Romanya, S\u0131rbistan, H\u0131rvatistan, Slovakya ve Slovenya`daki art\u0131\u015f miktarlar\u0131 ise y&uuml;zde 5 ila 10 aras\u0131nda ger&ccedil;ekle\u015fti. Ticari alanlar\u0131n artmas\u0131n\u0131n &ccedil;ok say\u0131da projeye krizden &ouml;nce ba\u015flamas\u0131na ba\u011fl\u0131 oldu\u011fu belirtildi.<\/p><\/div>\n<div><!--more--><\/div>\n<div><\/div>\n<div>\nOcak-Haziran 2010 d&ouml;neminde &ouml;zellikle al\u0131\u015fveri\u015f merkezlerinde 200 bin metrekare ticari alan tamamlanarak kullan\u0131ma a&ccedil;\u0131ld\u0131. Bu y\u0131l\u0131n ilk yar\u0131s\u0131nda Yunanistan, &Ccedil;ek Cumhuriyeti, Estonya, Finlandiya ve \u0130rlanda gibi Avrupa`n\u0131n on &uuml;lkesinde hi&ccedil; al\u0131\u015f veri\u015f merkezi in\u015fa edilmedi.<\/p>\n<p><strong>BO\u015e OF\u0130SLER\u0130N SAYISI ARTACAK<\/p>\n<p><\/strong>Ba\u015fkent Sofya`daki bo\u015f ticari alanlar\u0131n say\u0131s\u0131n\u0131n y\u0131lsonuna kadar y&uuml;zde 26 oran\u0131nda artmas\u0131 bekleniyor. Dan\u0131\u015fmanl\u0131k \u015firketi Regent`s Property Advisors, yeni binalar\u0131n tamamlanmas\u0131yla bo\u015f ofislerin say\u0131s\u0131nda art\u0131\u015f bekliyor.Y\u0131l\u0131n ilk yar\u0131s\u0131nda Sofya`daki bo\u015f ofislerin oran\u0131 y&uuml;zde 22 artt\u0131.<\/p>\n<p>Ara\u015ft\u0131rmaya g&ouml;re, Bulgaristan`da modern ofis alanlar\u0131n\u0131n miktar\u0131 1 milyon 150 bin metrekareye ula\u015ft\u0131. A s\u0131n\u0131f\u0131 modern ofislerin y&uuml;zde 25`i Sofya`n\u0131n merkezinde bulunurken, di\u011fer y&uuml;zde 75`lik k\u0131s\u0131m \u015fehrin ana caddelerinde ve civar semtlerde yer al\u0131yor. Ofis sahipleri kirac\u0131 bulmak i&ccedil;in farkl\u0131 yollara gidiyor. Ofis sahipleri kirac\u0131lar\u0131n ta\u015f\u0131nma masraflar\u0131n\u0131 ve ilave tamiratlar gibi giderleribi de kar\u015f\u0131l\u0131yor.<\/p><\/div>\n","protected":false},"excerpt":{"rendered":"<p>SOFYA(C\u0130HAN)- Avrupa`n\u0131n bir&ccedil;ok &uuml;lkesinde ekonomik krizden dolay\u0131 al\u0131\u015fveri\u015f merkezi (Mall) in\u015faatlar\u0131n\u0131n yar\u0131m kalmas\u0131na kar\u015f\u0131n Bulgaristan`da in\u015faatlar artarak devam ediyor. &Uuml;lkede 2010`un ilk yar\u0131s\u0131nda &uuml;lkede yakla\u015f\u0131k 200 bin metrekare ticari alan hizmete girdi. Bulgaristan, 2010 y\u0131l\u0131n\u0131n ilk yar\u0131s\u0131nda tamamlanan ticari alan miktar\u0131 bak\u0131m\u0131ndan Avrupa Birli\u011fi`nde birinci, Avrupa`da ise Rusya`n\u0131n ard\u0131ndan ikinci s\u0131rada yer al\u0131yor. Rusya`da ayn\u0131 [&hellip;]<\/p>\n","protected":false},"author":331,"featured_media":0,"comment_status":"open","ping_status":"open","sticky":false,"template":"","format":"standard","meta":{"advanced_seo_description":"","jetpack_seo_html_title":"","jetpack_seo_noindex":false,"ngg_post_thumbnail":0,"jetpack_post_was_ever_published":false,"_jetpack_newsletter_access":"","_jetpack_dont_email_post_to_subs":false,"_jetpack_newsletter_tier_id":0,"_jetpack_memberships_contains_paywalled_content":false,"_jetpack_memberships_contains_paid_content":false,"footnotes":""},"categories":[5],"tags":[],"class_list":["post-2178","post","type-post","status-publish","format-standard","hentry","category-haberler"],"jetpack_featured_media_url":"","jetpack_shortlink":"https:\/\/wp.me\/paHHlZ-z8","jetpack-related-posts":[{"id":228,"url":"https:\/\/www.gocmeniz.biz\/?p=228","url_meta":{"origin":2178,"position":0},"title":"Avrupa&#8217;da Evlerin Yar\u0131s\u0131nda \u0130nternet Ba\u011flant\u0131s\u0131 Var","author":"Admin","date":"04 Aral\u0131k 2007","format":false,"excerpt":"Avrupa \u00fclkelerindeki evlerin yar\u0131s\u0131ndan fazlas\u0131nda internet ba\u011flant\u0131s\u0131 oldu\u011fu bildirildi.AB'nin istatistik kurumu Eurostat'\u0131n 2007'nin ilk 3 ay\u0131yla ilgili \u00fcye \u00fclke h\u00fck\u00fcmetlerinden gelen bilgilere dayanan ara\u015ft\u0131rmas\u0131na g\u00f6re, AB \u00fcyesi 27 \u00fclkedeki evlerin y\u00fczde 54'\u00fcnde internet ba\u011flant\u0131s\u0131 var. Bu oran 2006'n\u0131n ilk \u00fc\u00e7 ay\u0131nda y\u00fczde 49 idi.Ayn\u0131 d\u00f6nemde internet ba\u011flant\u0131lar\u0131nda geni\u015f bant kullan\u0131m\u0131n\u0131n\u2026","rel":"","context":"&quot;Haberler&quot; i\u00e7inde","block_context":{"text":"Haberler","link":"https:\/\/www.gocmeniz.biz\/?cat=5"},"img":{"alt_text":"","src":"","width":0,"height":0},"classes":[]},{"id":1058,"url":"https:\/\/www.gocmeniz.biz\/?p=1058","url_meta":{"origin":2178,"position":1},"title":"T\u00fczmen, 100 ki\u015filik bir heyet ile Bulgaristan\u2019a gidiyor","author":"Haberci","date":"14 Nisan 2009","format":false,"excerpt":"Devlet Bakan\u0131 K\u00fcr\u015fad T\u00fczmen, beraberinde 80\u2019den fazla i\u015f adam\u0131 olmak \u00fczere toplam 100 ki\u015filik bir heyet ile bu ak\u015fam Bulgaristan\u2019a gidiyor. D\u0131\u015f Ticaret M\u00fcste\u015farl\u0131\u011f\u0131 (DTM) koordinasyonu, Uluda\u011f \u0130hracat\u00e7\u0131 Birlikleri organizasyonunda d\u00fczenlenen ticaret heyet gezisi 3 g\u00fcn s\u00fcrecek ve T\u00fczmen, ziyaret s\u0131ras\u0131nda, Sofya\u2019da 4 bakan ile g\u00f6r\u00fc\u015fecek, iki \u00fclke aras\u0131nda Teknik\u2026","rel":"","context":"&quot;Haberler&quot; i\u00e7inde","block_context":{"text":"Haberler","link":"https:\/\/www.gocmeniz.biz\/?cat=5"},"img":{"alt_text":"","src":"","width":0,"height":0},"classes":[]},{"id":1570,"url":"https:\/\/www.gocmeniz.biz\/?p=1570","url_meta":{"origin":2178,"position":2},"title":"AB`nin `E\u011fitim Verileri` raporunda `T\u00fcrkiye hari\u00e7` bollu\u011fu","author":"Haberci","date":"20 Temmuz 2009","format":false,"excerpt":"Avrupa Komisyonu`nun ge\u00e7en hafta sonu a\u00e7\u0131klad\u0131\u011f\u0131 `E\u011fitim \u00dczerine Ana Veriler 2009` raporunda T\u00fcrkiye ve Avrupa`n\u0131n e\u011fitim verileri kar\u015f\u0131la\u015ft\u0131r\u0131ld\u0131, e\u011fitimde olumlu geli\u015fmelerle ilgili bir\u00e7ok b\u00f6l\u00fcme `T\u00fcrkiye hari\u00e7` kayd\u0131 d\u00fc\u015f\u00fclmesi dikkat \u00e7ekti. Rapordan: Avrupa \u00fclkelerinde \u00f6\u011fretmen ba\u015f\u0131na 10 \u00f6\u011frenci d\u00fc\u015f\u00fcyor, T\u00fcrkiye`de ise `dikkati \u00e7ekecek kadar fazla` 25 \u00f6\u011frenci bir \u00f6\u011fretmenden yararlan\u0131yor\u2026 \u00dcniversite\u2026","rel":"","context":"&quot;Haberler&quot; i\u00e7inde","block_context":{"text":"Haberler","link":"https:\/\/www.gocmeniz.biz\/?cat=5"},"img":{"alt_text":"","src":"","width":0,"height":0},"classes":[]},{"id":1558,"url":"https:\/\/www.gocmeniz.biz\/?p=1558","url_meta":{"origin":2178,"position":3},"title":"Do\u011falgaz i\u015fbirli\u011fine Bulgaristan da kat\u0131ld\u0131","author":"Haberci","date":"16 Temmuz 2009","format":false,"excerpt":"BEH (Bulgarian Energy Holding), DEPA (Yunanistan Devlet Do\u011falgaz \u015eirketi) ve Edison firmalar\u0131, Yunanistan ile Bulgaristan aras\u0131nda yeni bir do\u011falgaz boru hatt\u0131 olan IGB`nin (Interconnector Greece-Bulgaria) in\u015fas\u0131 i\u00e7in Sofya`da bir Mutabakat Zapt\u0131 imzalad\u0131klar\u0131n\u0131 duyurdular. \u0130STANBUL \/ \u0130HA S\u00f6z konusu anla\u015fma ile Bulgaristan G\u00fcney Koridoru ITGI (T\u00fcrkiye-Yunanistan-\u0130talya Do\u011falgaz Boru Hatt\u0131) projesi \u00fczerinden\u2026","rel":"","context":"&quot;Haberler&quot; i\u00e7inde","block_context":{"text":"Haberler","link":"https:\/\/www.gocmeniz.biz\/?cat=5"},"img":{"alt_text":"","src":"","width":0,"height":0},"classes":[]},{"id":2053,"url":"https:\/\/www.gocmeniz.biz\/?p=2053","url_meta":{"origin":2178,"position":4},"title":"Yunan \u00e7ift\u00e7ilerin ablukas\u0131 yeniden ba\u015flad\u0131","author":"Haberci","date":"25 Ocak 2010","format":false,"excerpt":"Yunanistan;\u0131n tar\u0131m sekt\u00f6r\u00fcndeki politikas\u0131n\u0131 protesto eden \u00e7ift\u00e7iler, Bulgaristan s\u0131n\u0131r\u0131ndaki kap\u0131larda ticari ta\u015f\u0131mac\u0131l\u0131\u011f\u0131 durduran eyleme, k\u0131sa bir aradan sonra yeniden ba\u015flad\u0131. \u0130ki \u00fclke aras\u0131nda ticari ge\u00e7i\u015flerin \u00f6ncelikli olarak yap\u0131ld\u0131\u011f\u0131 Promahon-Kulata s\u0131n\u0131r kap\u0131s\u0131n\u0131n yeniden abluka alt\u0131na al\u0131nd\u0131\u011f\u0131 bildirildi. Bulgaristan ile Yunanistan aras\u0131ndaki di\u011fer 3 s\u0131n\u0131r kap\u0131s\u0131nda otob\u00fcs ve \u00f6zel ara\u00e7lar\u0131n ge\u00e7i\u015flerine izin\u2026","rel":"","context":"&quot;Haberler&quot; i\u00e7inde","block_context":{"text":"Haberler","link":"https:\/\/www.gocmeniz.biz\/?cat=5"},"img":{"alt_text":"","src":"","width":0,"height":0},"classes":[]},{"id":2177,"url":"https:\/\/www.gocmeniz.biz\/?p=2177","url_meta":{"origin":2178,"position":5},"title":"Bulgarlar, Euro`ya ilgi duymuyor","author":"Haberci","date":"28 Eyl\u00fcl 2010","format":false,"excerpt":"Bulgaristan`da halk\u0131n b\u00fcy\u00fck \u00e7o\u011funlu\u011funun Euro`ya ge\u00e7i\u015fin ekonomik a\u00e7\u0131dan k\u00f6t\u00fc sonu\u00e7lar do\u011furaca\u011f\u0131na inand\u0131\u011f\u0131 ortaya \u00e7\u0131kt\u0131. `Transatlantik E\u011filim 2010` adl\u0131 ara\u015ft\u0131rmaya g\u00f6re Bulgarlar\u0131n yaln\u0131zca y\u00fczde 28`i Euro`nun \u00fclke ekonomisine olumlu etki yapaca\u011f\u0131n\u0131 savunuyor.Euro`nun kullan\u0131ld\u0131\u011f\u0131 \u00fclkelerdeki halk da ortak para birimine fazla destek vermiyor. Avrupal\u0131lar\u0131n y\u00fczde 57`si Avrupa`daki ekonomik sorunlar\u0131n daha g\u00fc\u00e7l\u00fc bir\u2026","rel":"","context":"&quot;Haberler&quot; i\u00e7inde","block_context":{"text":"Haberler","link":"https:\/\/www.gocmeniz.biz\/?cat=5"},"img":{"alt_text":"","src":"","width":0,"height":0},"classes":[]}],"jetpack_sharing_enabled":true,"jetpack_likes_enabled":true,"_links":{"self":[{"href":"https:\/\/www.gocmeniz.biz\/index.php?rest_route=\/wp\/v2\/posts\/2178","targetHints":{"allow":["GET"]}}],"collection":[{"href":"https:\/\/www.gocmeniz.biz\/index.php?rest_route=\/wp\/v2\/posts"}],"about":[{"href":"https:\/\/www.gocmeniz.biz\/index.php?rest_route=\/wp\/v2\/types\/post"}],"author":[{"embeddable":true,"href":"https:\/\/www.gocmeniz.biz\/index.php?rest_route=\/wp\/v2\/users\/331"}],"replies":[{"embeddable":true,"href":"https:\/\/www.gocmeniz.biz\/index.php?rest_route=%2Fwp%2Fv2%2Fcomments&post=2178"}],"version-history":[{"count":1,"href":"https:\/\/www.gocmeniz.biz\/index.php?rest_route=\/wp\/v2\/posts\/2178\/revisions"}],"predecessor-version":[{"id":8903,"href":"https:\/\/www.gocmeniz.biz\/index.php?rest_route=\/wp\/v2\/posts\/2178\/revisions\/8903"}],"wp:attachment":[{"href":"https:\/\/www.gocmeniz.biz\/index.php?rest_route=%2Fwp%2Fv2%2Fmedia&parent=2178"}],"wp:term":[{"taxonomy":"category","embeddable":true,"href":"https:\/\/www.gocmeniz.biz\/index.php?rest_route=%2Fwp%2Fv2%2Fcategories&post=2178"},{"taxonomy":"post_tag","embeddable":true,"href":"https:\/\/www.gocmeniz.biz\/index.php?rest_route=%2Fwp%2Fv2%2Ftags&post=2178"}],"curies":[{"name":"wp","href":"https:\/\/api.w.org\/{rel}","templated":true}]}}