{"id":2180,"date":"2010-09-28T09:43:49","date_gmt":"2010-09-28T06:43:49","guid":{"rendered":"http:\/\/www.gocmeniz.biz\/?p=2180"},"modified":"2026-04-03T12:25:36","modified_gmt":"2026-04-03T09:25:36","slug":"bulgar-basbakandan-turkiye-karsiti-tavir","status":"publish","type":"post","link":"https:\/\/www.gocmeniz.biz\/?p=2180","title":{"rendered":"Bulgar Ba\u015fbakan`dan T\u00fcrkiye kar\u015f\u0131t\u0131 tav\u0131r"},"content":{"rendered":"<p><span style=\"font-size: medium;\"><strong><img data-recalc-dims=\"1\"  title=\"\" loading=\"lazy\" decoding=\"async\" style=\"float: left;\" src=\"https:\/\/i0.wp.com\/i.sabah.com.tr\/sbh\/2010\/09\/27\/Haber\/722074712.jpg?resize=200%2C325\"  alt=\"722074712 Bulgar Ba\u015fbakan`dan T\u00fcrkiye kar\u015f\u0131t\u0131 tav\u0131r\"  width=\"200\" height=\"325\" \/>Bulgaristan`\u0131n T&uuml;rk kar\u015f\u0131t\u0131 milliyet&ccedil;i Ba\u015fbakan\u0131 Boyko Borisov, New York`ta per\u015fembe g&uuml;n&uuml; yap\u0131lan `Balkan Liderleri Zirvesi`nde Cumhurba\u015fkan\u0131 Abdullah G&uuml;l`e kar\u015f\u0131 tak\u0131nd\u0131\u011f\u0131 tav\u0131rla geceye damgas\u0131n\u0131 vurdu. <\/strong><\/span><\/p>\n<p>Bulgar gazetesi Trud`un haberine g&ouml;re, onur konu\u011fu Abdullah G&uuml;l olan S\u0131rb\u0131stan hari&ccedil; t&uuml;m Balkan &uuml;lkelerinin liderlerinin kat\u0131ld\u0131\u011f\u0131 gecede, G&uuml;l toplant\u0131ya geldi\u011finde herkes G&uuml;l`le selamla\u015fmak i&ccedil;in aya\u011fa kalkt\u0131. Borisov ise \u015f&ouml;yle konu\u015ftu: `Aya\u011fa kalkmad\u0131m. G&uuml;l oturdu\u011fumu g&ouml;rd&uuml;. Amac\u0131m\u0131 anlad\u0131 ve &ouml;zellikle yan\u0131ma gelerek elimi s\u0131kt\u0131` dedi. Borisov`un geceden erken ayr\u0131ld\u0131\u011f\u0131 da belirtildi.<\/p>\n","protected":false},"excerpt":{"rendered":"<p>Bulgaristan`\u0131n T&uuml;rk kar\u015f\u0131t\u0131 milliyet&ccedil;i Ba\u015fbakan\u0131 Boyko Borisov, New York`ta per\u015fembe g&uuml;n&uuml; yap\u0131lan `Balkan Liderleri Zirvesi`nde Cumhurba\u015fkan\u0131 Abdullah G&uuml;l`e kar\u015f\u0131 tak\u0131nd\u0131\u011f\u0131 tav\u0131rla geceye damgas\u0131n\u0131 vurdu. Bulgar gazetesi Trud`un haberine g&ouml;re, onur konu\u011fu Abdullah G&uuml;l olan S\u0131rb\u0131stan hari&ccedil; t&uuml;m Balkan &uuml;lkelerinin liderlerinin kat\u0131ld\u0131\u011f\u0131 gecede, G&uuml;l toplant\u0131ya geldi\u011finde herkes G&uuml;l`le selamla\u015fmak i&ccedil;in aya\u011fa kalkt\u0131. Borisov ise \u015f&ouml;yle konu\u015ftu: [&hellip;]<\/p>\n","protected":false},"author":331,"featured_media":0,"comment_status":"open","ping_status":"open","sticky":false,"template":"","format":"standard","meta":{"advanced_seo_description":"","jetpack_seo_html_title":"","jetpack_seo_noindex":false,"ngg_post_thumbnail":0,"jetpack_post_was_ever_published":false,"_jetpack_newsletter_access":"","_jetpack_dont_email_post_to_subs":false,"_jetpack_newsletter_tier_id":0,"_jetpack_memberships_contains_paywalled_content":false,"_jetpack_memberships_contains_paid_content":false,"footnotes":""},"categories":[5],"tags":[],"class_list":["post-2180","post","type-post","status-publish","format-standard","hentry","category-haberler"],"jetpack_featured_media_url":"","jetpack_shortlink":"https:\/\/wp.me\/paHHlZ-za","jetpack-related-posts":[{"id":1106,"url":"https:\/\/www.gocmeniz.biz\/?p=1106","url_meta":{"origin":2180,"position":0},"title":"G\u00fcl Bulgaristan&#8217;da 23 Nisan kutlad\u0131","author":"Haberci","date":"25 Nisan 2009","format":false,"excerpt":"Cumhurba\u015fkan\u0131 Abdullah G\u00fcl, Bulgaristan'\u0131n ba\u015fkenti Sofya'da T\u00fcrk B\u00fcy\u00fckel\u00e7ili\u011fi rezidans\u0131n\u0131 ziyaret etti, T\u00fcrk ve Bulgar \u00e7ocuklar\u0131n 23 Nisan kutlamalar\u0131na kat\u0131ld\u0131.G\u00fcl, Sofya'da kat\u0131ld\u0131\u011f\u0131 enerji zirvesinin ard\u0131ndan Atat\u00fcrk'\u00fcn 1913-1914 y\u0131llar\u0131nda askeri ate\u015felik yapt\u0131\u011f\u0131 T\u00fcrk B\u00fcy\u00fckel\u00e7ili\u011fi rezidans\u0131n\u0131 ziyaret etti.T\u00fcrkiye'nin Sofya B\u00fcy\u00fckel\u00e7isi Mehmet G\u00fcc\u00fck'ten bilgi alan G\u00fcl, daha sonra b\u00fcy\u00fckel\u00e7ilik g\u00f6revlileriyle hat\u0131ra foto\u011fraf\u0131 \u00e7ektirdi.Cumhurba\u015fkan\u0131 G\u00fcl,\u2026","rel":"","context":"&quot;Haberler&quot; i\u00e7inde","block_context":{"text":"Haberler","link":"https:\/\/www.gocmeniz.biz\/?cat=5"},"img":{"alt_text":"","src":"https:\/\/i0.wp.com\/www.haberaktuel.com\/images\/news\/38940.jpg?resize=350%2C200","width":350,"height":200},"classes":[]},{"id":1031,"url":"https:\/\/www.gocmeniz.biz\/?p=1031","url_meta":{"origin":2180,"position":1},"title":"CUMHURBA\u015eKANI G\u00dcL, BAHREYN VE BULGAR\u0130STAN Z\u0130YARETLER\u0130 \u00d6NCES\u0130NDE BU \u00dcLKELERLE \u0130LG\u0130L\u0130 ANLA\u015eMALARI ONAYLADI","author":"Haberci","date":"11 Nisan 2009","format":false,"excerpt":"Cumhurba\u015fkan\u0131 Abdullah G\u00fcl, \"T\u00fcrkiye Cumhuriyeti ve K\u00f6rfez Arap \u00dclkeleri \u0130\u015fbirli\u011fi Konseyi \u00dcyesi \u00dclkeler Aras\u0131nda Ekonomik \u0130\u015fbirli\u011fine \u0130li\u015fkin \u00c7er\u00e7eve Anla\u015fman\u0131n Onaylanmas\u0131n\u0131n Uygun Bulundu\u011funa Dair Kanun\"u onaylad\u0131. Cumhurba\u015fkan\u0131 G\u00fcl, \u00f6n\u00fcm\u00fczdeki hafta konsey \u00fcyelerinden Bahreyn'i ziyaret edecek.G\u00fcl, ayr\u0131ca iki hafta sonra yapaca\u011f\u0131 Bulgaristan ziyareti \u00f6ncesinde de bu \u00fclkeyle yap\u0131lan Bilimsel ve Teknolojik \u0130\u015fbirli\u011fi\u2026","rel":"","context":"&quot;Haberler&quot; i\u00e7inde","block_context":{"text":"Haberler","link":"https:\/\/www.gocmeniz.biz\/?cat=5"},"img":{"alt_text":"","src":"","width":0,"height":0},"classes":[]},{"id":685,"url":"https:\/\/www.gocmeniz.biz\/?p=685","url_meta":{"origin":2180,"position":2},"title":"G\u00dcL: &#8220;T\u00dcRK\u0130YE \u0130LE BULGAR\u0130STAN ARASINDAK\u0130 PROBLEMLER, \u00c7\u00d6Z\u00dcLEMEYECEK PROBLEMLER DE\u011e\u0130L&#8221;","author":"Haberci","date":"17 Aral\u0131k 2008","format":false,"excerpt":"Cumhurba\u015fkan\u0131 Abdullah G\u00fcl, T\u00fcrkiye ile Bulgaristan aras\u0131nda \u00e7\u00f6z\u00fclemeyecek sorunlar olmad\u0131\u011f\u0131n\u0131, Bulgaristan'daki T\u00fcrklerle ilgili konularda iki \u00fclke D\u0131\u015fi\u015fleri Bakanl\u0131\u011f\u0131 M\u00fcste\u015farlar\u0131 aras\u0131nda bir komite kurulmas\u0131na karar verdiklerini s\u00f6yledi. Cumhurba\u015fkan\u0131 Abdullah G\u00fcl ve Bulgaristan Cumhurba\u015fkan\u0131 Georgi Parvanov, \u00c7ankaya K\u00f6\u015fk\u00fc'nde ba\u015f ba\u015fa ve heyetler aras\u0131 g\u00f6r\u00fc\u015fmelerin ard\u0131ndan ortak bas\u0131n toplant\u0131s\u0131 d\u00fczenledi. Cumhurba\u015fkan\u0131 G\u00fcl, T\u00fcrkiye\u2026","rel":"","context":"&quot;Haberler&quot; i\u00e7inde","block_context":{"text":"Haberler","link":"https:\/\/www.gocmeniz.biz\/?cat=5"},"img":{"alt_text":"","src":"","width":0,"height":0},"classes":[]},{"id":680,"url":"https:\/\/www.gocmeniz.biz\/?p=680","url_meta":{"origin":2180,"position":3},"title":"Bulgaristan Cumhurba\u015fkan\u0131 T\u00fcrkiye&#8217;ye geliyor","author":"Haberci","date":"16 Aral\u0131k 2008","format":false,"excerpt":"ANKABulgaristan Cumhurba\u015fkan\u0131 Georgi Parvanov, Cumhurba\u015fkan\u0131 Abdullah G\u00fcl\u2019\u00fcn konu\u011fu olarak yar\u0131n T\u00fcrkiye\u2019ye geliyor.Cumhurba\u015fkanl\u0131\u011f\u0131 Bas\u0131n Merkezi\u2019nden yap\u0131lan a\u00e7\u0131klamaya g\u00f6re, Cumhurba\u015fkan\u0131 G\u00fcl ile Bulgaristan Cumhurba\u015fkan\u0131 Parvanov aras\u0131nda yar\u0131n ger\u00e7ekle\u015ftirilecek resmi g\u00f6r\u00fc\u015fmelerde ikili ili\u015fkiler ile b\u00f6lgesel ve uluslararas\u0131 konular ele al\u0131nacak, bu alanlardaki ilave i\u015fbirli\u011fi olanaklar\u0131 de\u011ferlendirilecek.Konuk Cumhurba\u015fkan\u0131 ayr\u0131ca, 17 Aral\u0131k \u00c7ar\u015famba g\u00fcn\u00fc Kayseri\u2019de\u2026","rel":"","context":"&quot;Haberler&quot; i\u00e7inde","block_context":{"text":"Haberler","link":"https:\/\/www.gocmeniz.biz\/?cat=5"},"img":{"alt_text":"","src":"","width":0,"height":0},"classes":[]},{"id":2113,"url":"https:\/\/www.gocmeniz.biz\/?p=2113","url_meta":{"origin":2180,"position":4},"title":"\u00dc\u00e7l\u00fc Balkan Zirvesi \u0130stanbul&#8217;da yap\u0131ld\u0131","author":"Haberci","date":"26 Nisan 2010","format":false,"excerpt":"A.A.Cumhurba\u015fkan\u0131 Abdullah G\u00fcl'\u00fcn ev sahipli\u011finde d\u00fczenlenen \"\u00dc\u00e7l\u00fc Balkan Zirvesi\"nde aile foto\u011fraf\u0131 \u00e7ektirdi.\u00c7\u0131ra\u011fan Saray\u0131 Bosphorus Salonu'nda yap\u0131lan ve yakla\u015f\u0131k 1 saat 15 dakika s\u00fcren zirvenin ard\u0131ndan liderler, aile foto\u011fraf\u0131 \u00e7ekimi i\u00e7in saray\u0131n teras\u0131na ge\u00e7ti.Aile foto\u011fraf\u0131nda Cumhurba\u015fkan\u0131 G\u00fcl, aralar\u0131nda yer ald\u0131\u011f\u0131 Bosna Hersek Cumhurba\u015fkanl\u0131\u011f\u0131 Konseyi Ba\u015fkan\u0131 Haris Sladzi\u00e7 ve S\u0131rbistan Cumhurba\u015fkan\u0131 Boris\u2026","rel":"","context":"&quot;Haberler&quot; i\u00e7inde","block_context":{"text":"Haberler","link":"https:\/\/www.gocmeniz.biz\/?cat=5"},"img":{"alt_text":"","src":"https:\/\/i0.wp.com\/imggaleri.hurriyet.com.tr\/LiveImages%5CFoto%20Haber%5C196%5C%C3%9C%C3%A7l%C3%BC%20Balkan%20Zirvesi%5CA24144933.jpg?resize=350%2C200","width":350,"height":200},"classes":[]},{"id":1099,"url":"https:\/\/www.gocmeniz.biz\/?p=1099","url_meta":{"origin":2180,"position":5},"title":"G\u00fcl, do\u011falgaz zirvesi i\u00e7in Sofya&#8217;da","author":"Haberci","date":"25 Nisan 2009","format":false,"excerpt":"Cumhurba\u015fkan\u0131 Abdullah G\u00fcl, ''Avrupa \u0130\u00e7in Do\u011falgaz: G\u00fcvenlik ve Ortakl\u0131k'' zirvesine kat\u0131lmak \u00fczere Bulgaristan'\u0131n ba\u015fkenti Sofya'ya geldi.Cumhurba\u015fkan\u0131 G\u00fcl'\u00fc Sofya Havaliman\u0131'nda T\u00fcrkiye'nin Sofya B\u00fcy\u00fckel\u00e7isi Mehmet G\u00fcc\u00fck ve di\u011fer ilgililer kar\u015f\u0131lad\u0131.Cumhurba\u015fkan\u0131 G\u00fcl ile birlikte Enerji ve Tabii Kaynaklar Bakan\u0131 Hilmi G\u00fcler de Sofya'ya geldi.Sofya'daki Ulusal K\u00fclt\u00fcr Saray\u0131'nda d\u00fczenlenen zirvenin bug\u00fcnk\u00fc oturumunda bir konu\u015fma\u2026","rel":"","context":"&quot;Haberler&quot; i\u00e7inde","block_context":{"text":"Haberler","link":"https:\/\/www.gocmeniz.biz\/?cat=5"},"img":{"alt_text":"","src":"","width":0,"height":0},"classes":[]}],"jetpack_sharing_enabled":true,"jetpack_likes_enabled":true,"_links":{"self":[{"href":"https:\/\/www.gocmeniz.biz\/index.php?rest_route=\/wp\/v2\/posts\/2180","targetHints":{"allow":["GET"]}}],"collection":[{"href":"https:\/\/www.gocmeniz.biz\/index.php?rest_route=\/wp\/v2\/posts"}],"about":[{"href":"https:\/\/www.gocmeniz.biz\/index.php?rest_route=\/wp\/v2\/types\/post"}],"author":[{"embeddable":true,"href":"https:\/\/www.gocmeniz.biz\/index.php?rest_route=\/wp\/v2\/users\/331"}],"replies":[{"embeddable":true,"href":"https:\/\/www.gocmeniz.biz\/index.php?rest_route=%2Fwp%2Fv2%2Fcomments&post=2180"}],"version-history":[{"count":1,"href":"https:\/\/www.gocmeniz.biz\/index.php?rest_route=\/wp\/v2\/posts\/2180\/revisions"}],"predecessor-version":[{"id":8902,"href":"https:\/\/www.gocmeniz.biz\/index.php?rest_route=\/wp\/v2\/posts\/2180\/revisions\/8902"}],"wp:attachment":[{"href":"https:\/\/www.gocmeniz.biz\/index.php?rest_route=%2Fwp%2Fv2%2Fmedia&parent=2180"}],"wp:term":[{"taxonomy":"category","embeddable":true,"href":"https:\/\/www.gocmeniz.biz\/index.php?rest_route=%2Fwp%2Fv2%2Fcategories&post=2180"},{"taxonomy":"post_tag","embeddable":true,"href":"https:\/\/www.gocmeniz.biz\/index.php?rest_route=%2Fwp%2Fv2%2Ftags&post=2180"}],"curies":[{"name":"wp","href":"https:\/\/api.w.org\/{rel}","templated":true}]}}