{"id":2182,"date":"2010-09-30T08:40:56","date_gmt":"2010-09-30T05:40:56","guid":{"rendered":"http:\/\/www.gocmeniz.biz\/?p=2182"},"modified":"2026-04-03T12:25:36","modified_gmt":"2026-04-03T09:25:36","slug":"bulgaristandan-yunanistana-tir-notasi","status":"publish","type":"post","link":"https:\/\/www.gocmeniz.biz\/?p=2182","title":{"rendered":"Bulgaristan&#8217;dan Yunanistan&#8217;a &#8216;TIR&#8217; notas\u0131"},"content":{"rendered":"<p><span style=\"font-family: Arial, Helvetica, sans-serif; font-size: small;\"><span style=\"font-size: 12px;\"><\/p>\n<p>A.A.<\/p>\n<p><strong>Bulgaristan, Yunanistan&#8217;a nota vererek, Bulgar T\u0131r \u015fof&ouml;rlerine Yunanistan&#8217;da artan sald\u0131r\u0131lar\u0131 protesto etti.<\/strong><\/p>\n<p>Yunanistan&#8217;\u0131n Soyfa B&uuml;y&uuml;kel&ccedil;i\u011fine verilen notada, ta\u015f\u0131mac\u0131lar\u0131n grev eylemlerinin s&uuml;rd&uuml;\u011f&uuml; Yunanistan&#8217;da Bulgar T\u0131r \u015fof&ouml;rlerinin can ve mal g&uuml;venli\u011finin sa\u011flanmas\u0131 talep edildi.<br \/>\nYunanistan&#8217;da, nakliye sekt&ouml;r&uuml;n&uuml;n liberalle\u015ftirilmesi planlar\u0131n\u0131 protesto eden T\u0131r ve tanker \u015fof&ouml;rlerinin, Bulgar T\u0131r \u015fof&ouml;rlerini taciz etti\u011fi, tartaklad\u0131\u011f\u0131 belirtildi.<\/p>\n<p><\/span><\/span><\/p>\n","protected":false},"excerpt":{"rendered":"<p>A.A. Bulgaristan, Yunanistan&#8217;a nota vererek, Bulgar T\u0131r \u015fof&ouml;rlerine Yunanistan&#8217;da artan sald\u0131r\u0131lar\u0131 protesto etti. Yunanistan&#8217;\u0131n Soyfa B&uuml;y&uuml;kel&ccedil;i\u011fine verilen notada, ta\u015f\u0131mac\u0131lar\u0131n grev eylemlerinin s&uuml;rd&uuml;\u011f&uuml; Yunanistan&#8217;da Bulgar T\u0131r \u015fof&ouml;rlerinin can ve mal g&uuml;venli\u011finin sa\u011flanmas\u0131 talep edildi. Yunanistan&#8217;da, nakliye sekt&ouml;r&uuml;n&uuml;n liberalle\u015ftirilmesi planlar\u0131n\u0131 protesto eden T\u0131r ve tanker \u015fof&ouml;rlerinin, Bulgar T\u0131r \u015fof&ouml;rlerini taciz etti\u011fi, tartaklad\u0131\u011f\u0131 belirtildi.<\/p>\n","protected":false},"author":331,"featured_media":0,"comment_status":"open","ping_status":"open","sticky":false,"template":"","format":"standard","meta":{"advanced_seo_description":"","jetpack_seo_html_title":"","jetpack_seo_noindex":false,"ngg_post_thumbnail":0,"jetpack_post_was_ever_published":false,"_jetpack_newsletter_access":"","_jetpack_dont_email_post_to_subs":false,"_jetpack_newsletter_tier_id":0,"_jetpack_memberships_contains_paywalled_content":false,"_jetpack_memberships_contains_paid_content":false,"footnotes":""},"categories":[5],"tags":[],"class_list":["post-2182","post","type-post","status-publish","format-standard","hentry","category-haberler"],"jetpack_featured_media_url":"","jetpack_shortlink":"https:\/\/wp.me\/paHHlZ-zc","jetpack-related-posts":[{"id":1860,"url":"https:\/\/www.gocmeniz.biz\/?p=1860","url_meta":{"origin":2182,"position":0},"title":"Baca\u011f\u0131ndan kur\u015funland\u0131 paralar\u0131 \u00e7al\u0131nd\u0131, r\u00fc\u015fvet verip \u00fclkesine d\u00f6nebildi","author":"Haberci","date":"26 Ekim 2009","format":false,"excerpt":"Bulgaristan`n\u0131n Svilengrad kenti yak\u0131nlar\u0131ndan ge\u00e7erken durdurularak aya\u011f\u0131ndan vurulan T\u00fcrk TIR s\u00fcr\u00fcc\u00fcs\u00fc, gasp edildi. 5 g\u00fcn sonra Bulgar polisine r\u00fc\u015fvet verilerek T\u00fcrkiye`ye getirilen s\u00fcr\u00fcc\u00fc, tedavi alt\u0131na al\u0131nd\u0131.18 y\u0131ll\u0131k TIR s\u00fcr\u00fcc\u00fcs\u00fc Hasan Pehlivan 20 Ekim tarihinde Kap\u0131kule s\u0131n\u0131r kap\u0131s\u0131ndan Bulgaristan`a ge\u00e7ti. Pehlivan, Bulgaristan`a girdikten sonra Swelingrat-Harmanl\u0131 kenti aras\u0131nda seyir halindeyken arac\u0131n\u0131n \u00f6n\u2026","rel":"","context":"&quot;Haberler&quot; i\u00e7inde","block_context":{"text":"Haberler","link":"https:\/\/www.gocmeniz.biz\/?cat=5"},"img":{"alt_text":"","src":"","width":0,"height":0},"classes":[]},{"id":512,"url":"https:\/\/www.gocmeniz.biz\/?p=512","url_meta":{"origin":2182,"position":1},"title":"Kapukule&#8217;de TIR kuyru\u011fu","author":"Haberci","date":"14 Eyl\u00fcl 2008","format":false,"excerpt":"Kap\u0131kule S\u0131n\u0131r Kap\u0131s\u0131nda yurt d\u0131\u015f\u0131na \u00e7\u0131k\u0131\u015f yapacak 600 civar\u0131nda TIR 15 kilometre uzunlu\u011funda kuyruk olu\u015fturdu. Kap\u0131kule g\u00fcmr\u00fck yetkililerinden edindi\u011fi bilgiye g\u00f6re, TIR'lar\u0131n ihracat y\u00fcklerini gidecekleri \u00fclkedeki firmalara pazartesi g\u00fcn\u00fc teslim etmeye \u00e7al\u0131\u015fmas\u0131 nedeniyle T\u00fcrk taraf\u0131nda TIR kuyru\u011fu olu\u015ftu. Kap\u0131kule'deki TIR'lar\u0131n i\u015flemlerinin k\u0131sa s\u00fcrede tamamland\u0131\u011f\u0131n\u0131 ifade eden yetkililer, TIR'lar\u0131n ayn\u0131 anda\u2026","rel":"","context":"&quot;Haberler&quot; i\u00e7inde","block_context":{"text":"Haberler","link":"https:\/\/www.gocmeniz.biz\/?cat=5"},"img":{"alt_text":"","src":"","width":0,"height":0},"classes":[]},{"id":647,"url":"https:\/\/www.gocmeniz.biz\/?p=647","url_meta":{"origin":2182,"position":2},"title":"Kuyrukta bekleyen TIR alev alev yand\u0131","author":"Haberci","date":"24 Kas\u0131m 2008","format":false,"excerpt":"F\u0131rat KESK\u0130NKILI\u00c7\/ED\u0130RNE, (DHA)KAPIKULE S\u0131n\u0131r Kap\u0131s\u0131'nda, i\u015flem s\u0131ras\u0131 kuyru\u011fundaki Bulgar plakal\u0131 mobilya y\u00fckl\u00fc TIR, elektrik aksam\u0131nda meydana gelen k\u0131sa devre sonucu yand\u0131.Alevlere teslim olan TIR'\u0131n \u00e7ekicisi ve dorsesi itfaiye ekiplerini yakla\u015f\u0131k 1 saat s\u00fcren \u00e7al\u0131\u015fmas\u0131 sonras\u0131 s\u00f6nd\u00fcr\u00fclebildi.Yang\u0131n, saat 16.30 s\u0131ralar\u0131nda Kap\u0131kule yolu \u00fczerinde meydana geldi.\u0130stanbul'dan y\u00fckledi\u011fi mobilya e\u015fyalar\u0131n\u0131 Bulgaristan'\u0131n Plovdiv kentine\u2026","rel":"","context":"&quot;Haberler&quot; i\u00e7inde","block_context":{"text":"Haberler","link":"https:\/\/www.gocmeniz.biz\/?cat=5"},"img":{"alt_text":"","src":"","width":0,"height":0},"classes":[]},{"id":759,"url":"https:\/\/www.gocmeniz.biz\/?p=759","url_meta":{"origin":2182,"position":3},"title":"Kap\u0131kule&#8217;de TIR kuyru\u011fu","author":"Haberci","date":"10 Ocak 2009","format":false,"excerpt":"A.A.Kap\u0131kule S\u0131n\u0131r Kap\u0131s\u0131'nda, yurt d\u0131\u015f\u0131na \u00e7\u0131k\u0131\u015f yapacak yakla\u015f\u0131k 200 TIR, 5 kilometre uzunlu\u011funda kuyruk olu\u015fturdu.Kap\u0131kule g\u00fcmr\u00fck yetkililerinden edinilen bilgiye g\u00f6re, TIR'lar\u0131n ihracat y\u00fcklerini gidecekleri \u00fclkedeki firmalara pazartesi g\u00fcn\u00fc teslim etmeye \u00e7al\u0131\u015fmas\u0131 nedeniyle, T\u00fcrk taraf\u0131nda TIR kuyru\u011fu olu\u015ftu.Kap\u0131kule'de TIR'lar\u0131n i\u015flemlerinin k\u0131sa s\u00fcrede tamamland\u0131\u011f\u0131n\u0131 ifade eden yetkililer, Bulgar g\u00fcmr\u00fc\u011f\u00fcnde n\u00f6bet de\u011fi\u015fimi s\u0131ras\u0131ndaki\u2026","rel":"","context":"&quot;Haberler&quot; i\u00e7inde","block_context":{"text":"Haberler","link":"https:\/\/www.gocmeniz.biz\/?cat=5"},"img":{"alt_text":"","src":"","width":0,"height":0},"classes":[]},{"id":630,"url":"https:\/\/www.gocmeniz.biz\/?p=630","url_meta":{"origin":2182,"position":4},"title":"Kap\u0131kule&#8217;de TIR kuyru\u011fu","author":"Haberci","date":"17 Kas\u0131m 2008","format":false,"excerpt":"A.AKap\u0131kule S\u0131n\u0131r Kap\u0131s\u0131nda, yurt d\u0131\u015f\u0131na \u00e7\u0131k\u0131\u015f yapacak 400 civar\u0131nda TIR, 10 kilometre uzunlu\u011funda kuyruk olu\u015fturdu.Kap\u0131kule g\u00fcmr\u00fck yetkililerinden edinilen bilgiye g\u00f6re, TIR'lar\u0131n ihracat y\u00fcklerini gidecekleri \u00fclkedeki firmalara pazartesi g\u00fcn\u00fc teslim etmeye \u00e7al\u0131\u015fmas\u0131 nedeniyle, T\u00fcrk taraf\u0131nda TIR kuyru\u011fu olu\u015ftu.Kap\u0131kule'de TIR'lar\u0131n i\u015flemlerinin k\u0131sa s\u00fcrede tamamland\u0131\u011f\u0131n\u0131 ifade eden yetkililer, Bulgar g\u00fcmr\u00fc\u011f\u00fcnde n\u00f6bet de\u011fi\u015fimi ile\u2026","rel":"","context":"&quot;Haberler&quot; i\u00e7inde","block_context":{"text":"Haberler","link":"https:\/\/www.gocmeniz.biz\/?cat=5"},"img":{"alt_text":"","src":"","width":0,"height":0},"classes":[]},{"id":1490,"url":"https:\/\/www.gocmeniz.biz\/?p=1490","url_meta":{"origin":2182,"position":5},"title":"\u0130hracata se\u00e7im darbesi","author":"Haberci","date":"04 Temmuz 2009","format":false,"excerpt":"A.A.Yurt d\u0131\u015f\u0131na \u00e7\u0131k\u0131\u015f yapacak t\u0131rlar, Kap\u0131kule S\u0131n\u0131r Kap\u0131s\u0131'nda 9, Hamzabeyli S\u0131n\u0131r Kap\u0131s\u0131'nda ise 1 kilometre uzunlu\u011funda kuyruk olu\u015fturdu.Kap\u0131kule g\u00fcmr\u00fck yetkililerinden edinilen bilgiye g\u00f6re, Bulgaristan'da 5 Temmuz Pazar g\u00fcn\u00fc yap\u0131lacak genel se\u00e7imler \u00f6ncesinde, \u0131rk\u00e7\u0131 eylemleriyle bilinen parti ATAKA'n\u0131n Kap\u0131kule'de yapt\u0131\u011f\u0131 eylem nedeni ile Bulgar g\u00fcmr\u00fck\u00e7\u00fcler i\u015flemleri yava\u015f yapt\u0131\u011f\u0131 i\u00e7in Kap\u0131kule'de 9,\u2026","rel":"","context":"&quot;Haberler&quot; i\u00e7inde","block_context":{"text":"Haberler","link":"https:\/\/www.gocmeniz.biz\/?cat=5"},"img":{"alt_text":"","src":"","width":0,"height":0},"classes":[]}],"jetpack_sharing_enabled":true,"jetpack_likes_enabled":true,"_links":{"self":[{"href":"https:\/\/www.gocmeniz.biz\/index.php?rest_route=\/wp\/v2\/posts\/2182","targetHints":{"allow":["GET"]}}],"collection":[{"href":"https:\/\/www.gocmeniz.biz\/index.php?rest_route=\/wp\/v2\/posts"}],"about":[{"href":"https:\/\/www.gocmeniz.biz\/index.php?rest_route=\/wp\/v2\/types\/post"}],"author":[{"embeddable":true,"href":"https:\/\/www.gocmeniz.biz\/index.php?rest_route=\/wp\/v2\/users\/331"}],"replies":[{"embeddable":true,"href":"https:\/\/www.gocmeniz.biz\/index.php?rest_route=%2Fwp%2Fv2%2Fcomments&post=2182"}],"version-history":[{"count":1,"href":"https:\/\/www.gocmeniz.biz\/index.php?rest_route=\/wp\/v2\/posts\/2182\/revisions"}],"predecessor-version":[{"id":8900,"href":"https:\/\/www.gocmeniz.biz\/index.php?rest_route=\/wp\/v2\/posts\/2182\/revisions\/8900"}],"wp:attachment":[{"href":"https:\/\/www.gocmeniz.biz\/index.php?rest_route=%2Fwp%2Fv2%2Fmedia&parent=2182"}],"wp:term":[{"taxonomy":"category","embeddable":true,"href":"https:\/\/www.gocmeniz.biz\/index.php?rest_route=%2Fwp%2Fv2%2Fcategories&post=2182"},{"taxonomy":"post_tag","embeddable":true,"href":"https:\/\/www.gocmeniz.biz\/index.php?rest_route=%2Fwp%2Fv2%2Ftags&post=2182"}],"curies":[{"name":"wp","href":"https:\/\/api.w.org\/{rel}","templated":true}]}}