{"id":2185,"date":"2010-10-11T09:02:56","date_gmt":"2010-10-11T06:02:56","guid":{"rendered":"http:\/\/www.gocmeniz.biz\/?p=2185"},"modified":"2026-04-03T12:25:36","modified_gmt":"2026-04-03T09:25:36","slug":"bulgaristanda-emeklilik-yasinin-yukseltilmesine-protesto","status":"publish","type":"post","link":"https:\/\/www.gocmeniz.biz\/?p=2185","title":{"rendered":"Bulgaristan&#8217;da emeklilik ya\u015f\u0131n\u0131n y\u00fckseltilmesine protesto"},"content":{"rendered":"<div><strong>Bulgaristan&#8217;\u0131n en b&uuml;y&uuml;k sendikalar\u0131ndan Ba\u011f\u0131ms\u0131z Sendikalar Federasyonu (KNSB) ba\u015fkent Sofya;da d&uuml;zenledi\u011fi y&uuml;r&uuml;y&uuml;\u015fte, emeklilik ya\u015f\u0131n\u0131n y&uuml;kseltilmesi planlar\u0131n\u0131 protesto etti.<\/p>\n<p><\/strong>Yakla\u015f\u0131k 4 bin ki\u015finin kat\u0131ld\u0131\u011f\u0131 y&uuml;r&uuml;y&uuml;\u015fte &#8220;Kendi param\u0131zla ba\u015fkalar\u0131n hatalar\u0131n\u0131n bedelini &ouml;demek istemiyoruz&#8221;, &#8220;Balerin 58 ya\u015f\u0131na kadar dans edemez&#8221;, &#8220;Allah rahmetli sa\u011fl\u0131k sekt&ouml;r&uuml;n g&uuml;nahlar\u0131n\u0131 ba\u011f\u0131\u015flas\u0131n&#8221; yaz\u0131l\u0131 pankartlar ta\u015f\u0131nd\u0131.<\/p>\n<p>Madenci, &ouml;\u011fretmen, &uuml;niversite &ouml;\u011frencileri, sanat&ccedil;\u0131 ve devlet memuru gibi devlet ve &ouml;zel sekt&ouml;r&uuml;n bir&ccedil;ok alan\u0131n\u0131 temsil eden protestocular, parlamento &ouml;n&uuml;nde toplanarak h&uuml;k&uuml;met aleyhtar\u0131 sloganlar att\u0131lar.<\/p><\/div>\n<div>KNSB ad\u0131na Parlamento Ba\u015fkan\u0131 Tzetzka Tza&ccedil;eva;ya bir protesto mektubu sunan sendika temsilcisi Plamen Dimitrov, bas\u0131na yapt\u0131\u011f\u0131 a&ccedil;\u0131klamada, &#8220;Eylemimizin amac\u0131 baz\u0131 bakanlar\u0131 uyand\u0131rmakt\u0131. Umar\u0131z uyan\u0131nca &uuml;lkemizdeki durumun ciddiyetinin fark\u0131nda olurlar&#8221; diye konu\u015ftu.<\/div>\n","protected":false},"excerpt":{"rendered":"<p>Bulgaristan&#8217;\u0131n en b&uuml;y&uuml;k sendikalar\u0131ndan Ba\u011f\u0131ms\u0131z Sendikalar Federasyonu (KNSB) ba\u015fkent Sofya;da d&uuml;zenledi\u011fi y&uuml;r&uuml;y&uuml;\u015fte, emeklilik ya\u015f\u0131n\u0131n y&uuml;kseltilmesi planlar\u0131n\u0131 protesto etti. Yakla\u015f\u0131k 4 bin ki\u015finin kat\u0131ld\u0131\u011f\u0131 y&uuml;r&uuml;y&uuml;\u015fte &#8220;Kendi param\u0131zla ba\u015fkalar\u0131n hatalar\u0131n\u0131n bedelini &ouml;demek istemiyoruz&#8221;, &#8220;Balerin 58 ya\u015f\u0131na kadar dans edemez&#8221;, &#8220;Allah rahmetli sa\u011fl\u0131k sekt&ouml;r&uuml;n g&uuml;nahlar\u0131n\u0131 ba\u011f\u0131\u015flas\u0131n&#8221; yaz\u0131l\u0131 pankartlar ta\u015f\u0131nd\u0131. Madenci, &ouml;\u011fretmen, &uuml;niversite &ouml;\u011frencileri, sanat&ccedil;\u0131 ve devlet memuru gibi [&hellip;]<\/p>\n","protected":false},"author":331,"featured_media":0,"comment_status":"open","ping_status":"open","sticky":false,"template":"","format":"standard","meta":{"advanced_seo_description":"","jetpack_seo_html_title":"","jetpack_seo_noindex":false,"ngg_post_thumbnail":0,"jetpack_post_was_ever_published":false,"_jetpack_newsletter_access":"","_jetpack_dont_email_post_to_subs":false,"_jetpack_newsletter_tier_id":0,"_jetpack_memberships_contains_paywalled_content":false,"_jetpack_memberships_contains_paid_content":false,"footnotes":""},"categories":[5],"tags":[],"class_list":["post-2185","post","type-post","status-publish","format-standard","hentry","category-haberler"],"jetpack_featured_media_url":"","jetpack_shortlink":"https:\/\/wp.me\/paHHlZ-zf","jetpack-related-posts":[{"id":774,"url":"https:\/\/www.gocmeniz.biz\/?p=774","url_meta":{"origin":2185,"position":0},"title":"Sofya&#8217;da H\u00fck\u00fcmeti Protesto G\u00f6sterileri","author":"Haberci","date":"15 Ocak 2009","format":false,"excerpt":"Bulgaristan'\u0131n ba\u015fkenti Sofya'da \u00fcniversite \u00f6\u011frencilerinin giri\u015fimiyle h\u00fck\u00fcmete kar\u015f\u0131 bug\u00fcn de protesto g\u00f6sterisi yap\u0131ld\u0131. \u00dcniversite \u00f6\u011frencilerinin yan\u0131 s\u0131ra \u00e7evreciler, tar\u0131m \u00fcreticileri, emekli \u00f6rg\u00fctleri ve sendikalar ile futbol fanatiklerinin de destek verdi\u011fi protesto g\u00f6sterisi bug\u00fcn yine parlamento meydan\u0131nda d\u00fczenlendi. Yakla\u015f\u0131k 3000 ki\u015finin kat\u0131ld\u0131\u011f\u0131 g\u00f6steride, parlamentodaki milletvekillerine kar\u015f\u0131, \"istifa\", \"mafya\" ve \"korkak fareler\"\u2026","rel":"","context":"&quot;Haberler&quot; i\u00e7inde","block_context":{"text":"Haberler","link":"https:\/\/www.gocmeniz.biz\/?cat=5"},"img":{"alt_text":"","src":"","width":0,"height":0},"classes":[]},{"id":267,"url":"https:\/\/www.gocmeniz.biz\/?p=267","url_meta":{"origin":2185,"position":1},"title":"PUT\u0130N, BULGAR\u0130STAN\u2019DA PROTESTO G\u00d6STER\u0130LER\u0130YLE KAR\u015eILANACAK","author":"Haberci","date":"10 Ocak 2008","format":false,"excerpt":"Rusya Devlet Ba\u015fkan\u0131 Vladimir Putin'in ay\u0131n 17'sinde Bulgaristan'a ger\u00e7ekle\u015ftirece\u011fi resmi ziyaret \u00f6ncesinde \u00fclkedeki \u00e7evre ve insan haklar\u0131 \u00f6rg\u00fctleri protesto mitingine haz\u0131rlan\u0131yor. 'Putin istenmeyen adam' ad\u0131nda bir deklarasyon haz\u0131rlayan s\u00f6zkonusu sivil toplum \u00f6rg\u00fctleri deklarsyonda 'Putin'in Bulgaristan'a \u00fclkenin Rusya'ya ekonomik olarak ba\u011f\u0131ml\u0131\u011f\u0131n\u0131 peki\u015ftirmek i\u00e7in geldi\u011fi' belirtiliyor. Bulgaristan'\u0131n Rila Da\u011f\u0131 b\u00f6lgesindeki Rus in\u015faat\u2026","rel":"","context":"&quot;Haberler&quot; i\u00e7inde","block_context":{"text":"Haberler","link":"https:\/\/www.gocmeniz.biz\/?cat=5"},"img":{"alt_text":"","src":"","width":0,"height":0},"classes":[]},{"id":1312,"url":"https:\/\/www.gocmeniz.biz\/?p=1312","url_meta":{"origin":2185,"position":2},"title":"Bulgaristan&#8217;da emeklilere zam","author":"Haberci","date":"05 Haziran 2009","format":false,"excerpt":"Bulgaristan'da 7 Haziranda yap\u0131lacak Avrupa Parlamentosu (AP) se\u00e7imi arifesinde, \u00fcst d\u00fczey devlet memurlar\u0131n\u0131n maa\u015flar\u0131na 1 Temmuzda yap\u0131lmas\u0131 \u00f6ng\u00f6r\u00fclen zamm\u0131n iptal edilece\u011fi ve yerine y\u00fczde 15 oran\u0131nda maa\u015f indirimi yap\u0131laca\u011f\u0131 bildirildi. \u00a0H\u00fck\u00fcmet taraf\u0131ndan ekonomik kriz gerek\u00e7e g\u00f6sterilerek al\u0131nan karar\u0131, Maliye Bakan\u0131 Plamen Ore\u015farski a\u00e7\u0131klad\u0131. Ore\u015farski kriz dolay\u0131s\u0131yla b\u00fct\u00e7e harcamalar\u0131na ciddi k\u0131s\u0131tlamalar\u2026","rel":"","context":"&quot;Haberler&quot; i\u00e7inde","block_context":{"text":"Haberler","link":"https:\/\/www.gocmeniz.biz\/?cat=5"},"img":{"alt_text":"","src":"https:\/\/i0.wp.com\/www.morleyindependent.com\/images\/pensioner.jpg?resize=350%2C200","width":350,"height":200},"classes":[]},{"id":13,"url":"https:\/\/www.gocmeniz.biz\/?p=13","url_meta":{"origin":2185,"position":3},"title":"Bulgar gazetelerinde bug\u00fcn. 26 \u015eubat 2007, Pazartesi","author":"Admin","date":"26 \u015eubat 2007","format":false,"excerpt":"GENEL VE POL\u0130T\u0130KA - H\u00fck\u00fcmetin kabul etti\u011fi trafik g\u00fcvenli\u011fi program\u0131 gere\u011fince, ana yollardaki tabelalar temmuz ay\u0131na kadar de\u011fi\u015ftirilecek. Yeni levhalardaki isimlerin Latince de yaz\u0131lmas\u0131 planlan\u0131yor. (24 \u00c7asa) - Bulgaristan Gazete Yay\u0131nc\u0131lar\u0131 Birli\u011fi, milliyet\u00e7i Ataka partisi lideri Volen Siderov'un ve partisinin sempatizanlar\u0131n\u0131n hafta sonunda iki gazete ofisine girmesini tehlikeli ve \u00e7irkin\u2026","rel":"","context":"&quot;Haberler&quot; i\u00e7inde","block_context":{"text":"Haberler","link":"https:\/\/www.gocmeniz.biz\/?cat=5"},"img":{"alt_text":"","src":"","width":0,"height":0},"classes":[]},{"id":1316,"url":"https:\/\/www.gocmeniz.biz\/?p=1316","url_meta":{"origin":2185,"position":4},"title":"Bulgaristan`da b\u00fcrokratlar\u0131n maa\u015flar\u0131 indirilecek","author":"Haberci","date":"06 Haziran 2009","format":false,"excerpt":"Bulgaristan`da 7 Hazirandaki AP se\u00e7imi \u00f6ncesi, \u00fcst d\u00fczey devlet memurlar\u0131n\u0131n maa\u015flar\u0131na yap\u0131lmas\u0131 \u00f6ng\u00f6r\u00fclen zamm\u0131n iptal edilece\u011fini ve maa\u015flar\u0131n\u0131n indirilece\u011fini a\u00e7\u0131klad\u0131. Bulgaristan`da 7 Haziranda yap\u0131lacak Avrupa Parlamentosu(AP) se\u00e7imi arifesinde, \u00fcst d\u00fczey devlet memurlar\u0131n\u0131n maa\u015flar\u0131na 1 Temmuzda yap\u0131lmas\u0131 \u00f6ng\u00f6r\u00fclen zamm\u0131n iptal edilece\u011fi ve yerine y\u00fczde 15 oran\u0131nda maa\u015f indirimi yap\u0131laca\u011f\u0131 bildirildi. H\u00fck\u00fcmet\u2026","rel":"","context":"&quot;Haberler&quot; i\u00e7inde","block_context":{"text":"Haberler","link":"https:\/\/www.gocmeniz.biz\/?cat=5"},"img":{"alt_text":"","src":"","width":0,"height":0},"classes":[]},{"id":1903,"url":"https:\/\/www.gocmeniz.biz\/?p=1903","url_meta":{"origin":2185,"position":5},"title":"T\u00fcrk\u00e7e yay\u0131n\u0131 protesto i\u00e7in kendini yakt\u0131","author":"Haberci","date":"11 Kas\u0131m 2009","format":false,"excerpt":"Bulgaristan\u2019da \u0131rk\u00e7\u0131 lider Rosen Markov, devlet kanal\u0131nda T\u00fcrk\u00e7e haber yay\u0131n\u0131 yap\u0131lmas\u0131n\u0131 protesto etmek i\u00e7in kendini yakt\u0131.KEND\u0130N\u0130 B\u00d6YLE YAKTI\u201cBulgar Erkekleri Partisi\u201d lideri Markov d\u00fcn gece Bulgar Ulusal Kanal\u0131 (BRT) \u00f6n\u00fcne gelerek cadde ortas\u0131na bir masa kurdu ve \u00fczerinde \u201cBNT\u2019de T\u00fcrk\u00e7e habere hay\u0131r. Bu rezillere ne gerek var?\u201d yaz\u0131l\u0131 bir pankart a\u00e7t\u0131.Markov\u2026","rel":"","context":"&quot;Haberler&quot; i\u00e7inde","block_context":{"text":"Haberler","link":"https:\/\/www.gocmeniz.biz\/?cat=5"},"img":{"alt_text":"","src":"","width":0,"height":0},"classes":[]}],"jetpack_sharing_enabled":true,"jetpack_likes_enabled":true,"_links":{"self":[{"href":"https:\/\/www.gocmeniz.biz\/index.php?rest_route=\/wp\/v2\/posts\/2185","targetHints":{"allow":["GET"]}}],"collection":[{"href":"https:\/\/www.gocmeniz.biz\/index.php?rest_route=\/wp\/v2\/posts"}],"about":[{"href":"https:\/\/www.gocmeniz.biz\/index.php?rest_route=\/wp\/v2\/types\/post"}],"author":[{"embeddable":true,"href":"https:\/\/www.gocmeniz.biz\/index.php?rest_route=\/wp\/v2\/users\/331"}],"replies":[{"embeddable":true,"href":"https:\/\/www.gocmeniz.biz\/index.php?rest_route=%2Fwp%2Fv2%2Fcomments&post=2185"}],"version-history":[{"count":1,"href":"https:\/\/www.gocmeniz.biz\/index.php?rest_route=\/wp\/v2\/posts\/2185\/revisions"}],"predecessor-version":[{"id":8897,"href":"https:\/\/www.gocmeniz.biz\/index.php?rest_route=\/wp\/v2\/posts\/2185\/revisions\/8897"}],"wp:attachment":[{"href":"https:\/\/www.gocmeniz.biz\/index.php?rest_route=%2Fwp%2Fv2%2Fmedia&parent=2185"}],"wp:term":[{"taxonomy":"category","embeddable":true,"href":"https:\/\/www.gocmeniz.biz\/index.php?rest_route=%2Fwp%2Fv2%2Fcategories&post=2185"},{"taxonomy":"post_tag","embeddable":true,"href":"https:\/\/www.gocmeniz.biz\/index.php?rest_route=%2Fwp%2Fv2%2Ftags&post=2185"}],"curies":[{"name":"wp","href":"https:\/\/api.w.org\/{rel}","templated":true}]}}