{"id":2193,"date":"2011-05-23T13:27:00","date_gmt":"2011-05-23T10:27:00","guid":{"rendered":"http:\/\/www.gocmeniz.biz\/?p=2193"},"modified":"2026-04-03T12:25:36","modified_gmt":"2026-04-03T09:25:36","slug":"bulgaristanda-irkci-saldiri","status":"publish","type":"post","link":"https:\/\/www.gocmeniz.biz\/?p=2193","title":{"rendered":"Bulgaristan&#8217;da Irk\u00e7\u0131 Sald\u0131r\u0131"},"content":{"rendered":"<p><strong><span style=\"color: #030087; font-family: 'Trebuchet MS';\"><span style=\"border-collapse: collapse; font-size: 15px;\"><span style=\"font-family: Helvetica, Arial, sans-serif; font-size: 14px; border-collapse: separate; color: #000000; font-weight: normal;\"><img data-recalc-dims=\"1\"  title=\"\" decoding=\"async\" style=\"float: left;\" src=\"https:\/\/i0.wp.com\/www.haberler.com\/haber-resimleri\/850\/bulgaristan-da-irkci-saldiri-2740850_1653_o.jpg?w=640\"  alt=\"bulgaristan-da-irkci-saldiri-2740850_1653_o Bulgaristan&#039;da Irk\u00e7\u0131 Sald\u0131r\u0131\"  \/><\/span>Bulgaristan&#8217;\u0131n ba\u015fkenti Sofya&#8217;da \u0131rk&ccedil;\u0131 ve a\u015f\u0131r\u0131 milliyet&ccedil;i g&ouml;r&uuml;\u015fleriyle tan\u0131nan ATAKA partisi yanda\u015flar\u0131, cami &ouml;n&uuml;nde protesto g&ouml;sterisi d&uuml;zenledi.<\/span><\/span><\/strong><\/p>\n<p><span style=\"border-collapse: collapse; color: #030087; font-family: 'Trebuchet MS'; font-size: 15px;\">Cuma namaz\u0131 k\u0131lan M&uuml;sl&uuml;manlara yumurta atan ATAKA &uuml;yeleri bir seccadeyi yakt\u0131. &Ccedil;\u0131kan olaylarda 10 ki\u015fi yaraland\u0131. Polis olaylar\u0131 tahrik eden 4 ki\u015fiyi g&ouml;zalt\u0131na ald\u0131.<br \/>\n Bu arada ATAKA Lideri Volen Siderov, olay yerine gelerek polisleri su&ccedil;lay\u0131p \u0130&ccedil;i\u015fleri Bakan\u0131&#8217;n\u0131n istifas\u0131n\u0131 istedi. Siderov Bulgar polisini tarafl\u0131 davranmakla su&ccedil;lad\u0131.<br \/>\n (<em>Do\u011fan Haber Ajans\u0131<\/em>)<\/span><\/p>\n","protected":false},"excerpt":{"rendered":"<p>Bulgaristan&#8217;\u0131n ba\u015fkenti Sofya&#8217;da \u0131rk&ccedil;\u0131 ve a\u015f\u0131r\u0131 milliyet&ccedil;i g&ouml;r&uuml;\u015fleriyle tan\u0131nan ATAKA partisi yanda\u015flar\u0131, cami &ouml;n&uuml;nde protesto g&ouml;sterisi d&uuml;zenledi. Cuma namaz\u0131 k\u0131lan M&uuml;sl&uuml;manlara yumurta atan ATAKA &uuml;yeleri bir seccadeyi yakt\u0131. &Ccedil;\u0131kan olaylarda 10 ki\u015fi yaraland\u0131. Polis olaylar\u0131 tahrik eden 4 ki\u015fiyi g&ouml;zalt\u0131na ald\u0131. Bu arada ATAKA Lideri Volen Siderov, olay yerine gelerek polisleri su&ccedil;lay\u0131p \u0130&ccedil;i\u015fleri Bakan\u0131&#8217;n\u0131n istifas\u0131n\u0131 [&hellip;]<\/p>\n","protected":false},"author":331,"featured_media":0,"comment_status":"open","ping_status":"open","sticky":false,"template":"","format":"standard","meta":{"advanced_seo_description":"","jetpack_seo_html_title":"","jetpack_seo_noindex":false,"ngg_post_thumbnail":0,"jetpack_post_was_ever_published":false,"_jetpack_newsletter_access":"","_jetpack_dont_email_post_to_subs":false,"_jetpack_newsletter_tier_id":0,"_jetpack_memberships_contains_paywalled_content":false,"_jetpack_memberships_contains_paid_content":false,"footnotes":""},"categories":[5],"tags":[],"class_list":["post-2193","post","type-post","status-publish","format-standard","hentry","category-haberler"],"jetpack_featured_media_url":"","jetpack_shortlink":"https:\/\/wp.me\/paHHlZ-zn","jetpack-related-posts":[{"id":2199,"url":"https:\/\/www.gocmeniz.biz\/?p=2199","url_meta":{"origin":2193,"position":0},"title":"Irk\u00e7\u0131 liderden T\u00fcrk milletvekiline yumruk","author":"Haberci","date":"23 May\u0131s 2011","format":false,"excerpt":"Bulgaristan'da ge\u00e7en hafta bir camide namaz k\u0131lanlara d\u00fczenlenen sald\u0131r\u0131lar nedeniyle kapat\u0131lmas\u0131 g\u00fcndemde olan \u0131rk\u00e7\u0131 ATAKA partisinin lideri Volen Siderov, d\u00fcn de bir radyo program\u0131nda T\u00fcrk milletvekili Kurman \u0130smailov'a sald\u0131rd\u0131. Sofya'daki Banya Ba\u015f\u0131 Camisi'nde ge\u00e7en Cuma g\u00fcn\u00fc namaz k\u0131lanlara y\u00f6nelik sald\u0131r\u0131n\u0131n ele al\u0131nd\u0131\u011f\u0131 BNR radyosundaki tart\u0131\u015fma s\u0131ras\u0131nda, ATAKA lideri Siderov, Haklar\u2026","rel":"","context":"&quot;Haberler&quot; i\u00e7inde","block_context":{"text":"Haberler","link":"https:\/\/www.gocmeniz.biz\/?cat=5"},"img":{"alt_text":"","src":"","width":0,"height":0},"classes":[]},{"id":876,"url":"https:\/\/www.gocmeniz.biz\/?p=876","url_meta":{"origin":2193,"position":1},"title":"&#8221;T\u00fcrkiye Haritadan Silinmeli&#8221;","author":"Haberci","date":"05 Mart 2009","format":false,"excerpt":"Bulgaristan 'ba\u011f\u0131ms\u0131zl\u0131k' y\u0131ld\u00f6n\u00fcm\u00fc \u0131rk\u00e7\u0131 g\u00f6sterilerle kutlad\u0131. Irk\u00e7\u0131 ATAKA Partisi T\u00fcrkiye'nin Avrupa'dan silinmesini istedi.Bulgaristan'\u0131n Osmanl\u0131 \u0130mparatorlu\u011fu'ndan ayr\u0131\u015f\u0131l\u0131n\u0131n 131'inci y\u0131ld\u00f6n\u00fcm\u00fc Sofya'da \u0131rk\u00e7\u0131 g\u00f6sterilere sahne oldu. A\u015f\u0131r\u0131 sa\u011fc\u0131 ATAKA Partisi yanda\u015flar\u0131, g\u00f6steride 'T\u00fcrkiye Avrupa haritas\u0131ndan silinsin' yaz\u0131l\u0131 pankartlar a\u00e7t\u0131.Bir pankartta da minarelerin ortas\u0131na yerle\u015ftirilmi\u015f Eyfel Kulesi ve Hz. \u0130sa foto\u011fraf\u0131 yer ald\u0131.ATAKA \u00fcyeleri,\u2026","rel":"","context":"&quot;Haberler&quot; i\u00e7inde","block_context":{"text":"Haberler","link":"https:\/\/www.gocmeniz.biz\/?cat=5"},"img":{"alt_text":"","src":"","width":0,"height":0},"classes":[]},{"id":952,"url":"https:\/\/www.gocmeniz.biz\/?p=952","url_meta":{"origin":2193,"position":2},"title":"BULGAR\u0130STAN&#8217;DA CAM\u0130 M\u00dcCADELES\u0130","author":"Haberci","date":"23 Mart 2009","format":false,"excerpt":"Camii in\u015faatlar\u0131n\u0131n \u0131rk\u00e7\u0131 ATAKA taraf\u0131ndan engellenmesi sonras\u0131, M\u00fcsl\u00fcman toplum AB'da hak arama karar\u0131 ald\u0131.Bulgaristan'\u0131n Karadeniz k\u0131y\u0131s\u0131ndaki Burgaz \u015fehrinde bir camii in\u015faat\u0131n\u0131n \u015fehir konseyi taraf\u0131ndan durdurulmas\u0131 M\u00fcsl\u00fcmanlar\u0131n tepkisine yol a\u00e7t\u0131. M\u00fcsl\u00fcman toplum, cami in\u015faat\u0131n\u0131n durdurulmas\u0131n\u0131 Avrupa Birli\u011fi ilgili kurumlar\u0131na \u015fikayet etme karar\u0131 ald\u0131.Burgaz \u015eehir Konseyi, ge\u00e7en per\u015fembe g\u00fcn\u00fc Aral\u0131k 2008'deki kendi\u2026","rel":"","context":"&quot;Haberler&quot; i\u00e7inde","block_context":{"text":"Haberler","link":"https:\/\/www.gocmeniz.biz\/?cat=5"},"img":{"alt_text":"","src":"","width":0,"height":0},"classes":[]},{"id":1504,"url":"https:\/\/www.gocmeniz.biz\/?p=1504","url_meta":{"origin":2193,"position":3},"title":"Reuters: Bulgar \u0131rk\u00e7\u0131lar\u0131 etnik bar\u0131\u015f\u0131 tehdit ediyor","author":"Haberci","date":"06 Temmuz 2009","format":false,"excerpt":"Bulgaristan se\u00e7imlerini de\u011ferlendiren Reuters, \u0131rk\u00e7\u0131 Ataka Partisi'nin s\u00f6yleminin toplumdaki etnik bar\u0131\u015f\u0131 tehdit etti\u011fini duyurdu. Reuters haber ajans\u0131nda yay\u0131mlanan haber analizde, Bulgaristan`da 20 y\u0131l \u00f6nce M\u00fcsl\u00fcman T\u00fcrk az\u0131nl\u0131\u011f\u0131na uygulanmaya \u00e7al\u0131\u015f\u0131lan asimilasyon kampanyas\u0131n\u0131n tekrar geri d\u00f6nmesinden endi\u015fe edildi\u011fini kaydedildi. Haberde, 1989`da M\u00fcsl\u00fcman T\u00fcrklerinin etnik Bulgar isimleri ile zorla de\u011fi\u015ftirilmesi bask\u0131lar\u0131na direnen ve\u2026","rel":"","context":"&quot;Haberler&quot; i\u00e7inde","block_context":{"text":"Haberler","link":"https:\/\/www.gocmeniz.biz\/?cat=5"},"img":{"alt_text":"","src":"","width":0,"height":0},"classes":[]},{"id":1480,"url":"https:\/\/www.gocmeniz.biz\/?p=1480","url_meta":{"origin":2193,"position":4},"title":"Bulgar se\u00e7imlerinde T\u00fcrklere tepki","author":"Haberci","date":"04 Temmuz 2009","format":false,"excerpt":"Bulgar \u0131rk\u00e7\u0131 parti Ataka, yar\u0131n yap\u0131lacak olan se\u00e7imler \u00f6ncesinde, T\u00fcrkiye'de ya\u015fayan ve \u00e7ifte vatanda\u015fl\u0131k stat\u00fcs\u00fc ta\u015f\u0131yan T\u00fcrkler'in oy kullanmamas\u0131 i\u00e7in harekete ge\u00e7ti. Ataka; s\u0131n\u0131r kap\u0131s\u0131n\u0131 kapayarak T\u00fcrkiye'den gidecek olan oylar\u0131 engellemek istiyor... Bulgaristan'da ya\u015fayan az\u0131nl\u0131klara y\u00f6nelik \u0131rk\u00e7\u0131 s\u00f6ylemleriyle dikkat \u00e7eken a\u015f\u0131r\u0131 milliyet\u00e7i parti Ataka, Kap\u0131kule'nin kar\u015f\u0131s\u0131nda bulunan Kapitan Andrevo G\u00fcmr\u00fck\u2026","rel":"","context":"&quot;Haberler&quot; i\u00e7inde","block_context":{"text":"Haberler","link":"https:\/\/www.gocmeniz.biz\/?cat=5"},"img":{"alt_text":"","src":"","width":0,"height":0},"classes":[]},{"id":547,"url":"https:\/\/www.gocmeniz.biz\/?p=547","url_meta":{"origin":2193,"position":5},"title":"Bulgar a\u015f\u0131r\u0131 sa\u011fc\u0131 lider tehdit edildi\u011fini s\u00f6yledi","author":"Haberci","date":"22 Ekim 2008","format":false,"excerpt":"Bulgaristan'da a\u015f\u0131r\u0131 milliyet\u00e7i\u2013\u0131rk\u00e7\u0131 tav\u0131rlar\u0131yla tan\u0131nan ATAKA partisi lideri Volen Siderov, \u00f6l\u00fcmle tehdit edildi\u011fini \u00f6ne s\u00fcrd\u00fc.Siderov, parlamentoda yapt\u0131\u011f\u0131 konu\u015fmada, bu sabah ATAKA parti merkezine postayla \u00fc\u00e7 mektup getirildi\u011fini belirterek, kendisinin ve partinin ba\u015fkan yard\u0131mc\u0131lar\u0131 Pavel \u015eopov ile Anton Sirakov'\u0131n bu mektuplarda \u00f6l\u00fcmle tehdit edildi\u011fini s\u00f6yledi.Tehdit mektuplar\u0131n\u0131 al\u0131r almaz b\u00fcrokratlar\u0131n ve diplomatlar\u0131n\u2026","rel":"","context":"&quot;Haberler&quot; i\u00e7inde","block_context":{"text":"Haberler","link":"https:\/\/www.gocmeniz.biz\/?cat=5"},"img":{"alt_text":"","src":"","width":0,"height":0},"classes":[]}],"jetpack_sharing_enabled":true,"jetpack_likes_enabled":true,"_links":{"self":[{"href":"https:\/\/www.gocmeniz.biz\/index.php?rest_route=\/wp\/v2\/posts\/2193","targetHints":{"allow":["GET"]}}],"collection":[{"href":"https:\/\/www.gocmeniz.biz\/index.php?rest_route=\/wp\/v2\/posts"}],"about":[{"href":"https:\/\/www.gocmeniz.biz\/index.php?rest_route=\/wp\/v2\/types\/post"}],"author":[{"embeddable":true,"href":"https:\/\/www.gocmeniz.biz\/index.php?rest_route=\/wp\/v2\/users\/331"}],"replies":[{"embeddable":true,"href":"https:\/\/www.gocmeniz.biz\/index.php?rest_route=%2Fwp%2Fv2%2Fcomments&post=2193"}],"version-history":[{"count":1,"href":"https:\/\/www.gocmeniz.biz\/index.php?rest_route=\/wp\/v2\/posts\/2193\/revisions"}],"predecessor-version":[{"id":8895,"href":"https:\/\/www.gocmeniz.biz\/index.php?rest_route=\/wp\/v2\/posts\/2193\/revisions\/8895"}],"wp:attachment":[{"href":"https:\/\/www.gocmeniz.biz\/index.php?rest_route=%2Fwp%2Fv2%2Fmedia&parent=2193"}],"wp:term":[{"taxonomy":"category","embeddable":true,"href":"https:\/\/www.gocmeniz.biz\/index.php?rest_route=%2Fwp%2Fv2%2Fcategories&post=2193"},{"taxonomy":"post_tag","embeddable":true,"href":"https:\/\/www.gocmeniz.biz\/index.php?rest_route=%2Fwp%2Fv2%2Ftags&post=2193"}],"curies":[{"name":"wp","href":"https:\/\/api.w.org\/{rel}","templated":true}]}}