{"id":2197,"date":"2011-05-23T13:36:43","date_gmt":"2011-05-23T10:36:43","guid":{"rendered":"http:\/\/www.gocmeniz.biz\/?p=2197"},"modified":"2026-04-03T12:25:36","modified_gmt":"2026-04-03T09:25:36","slug":"ahmed-dogan-bulgaristan-icin-20-yilin-en-buyuk-sermayesi-etnik-baristir","status":"publish","type":"post","link":"https:\/\/www.gocmeniz.biz\/?p=2197","title":{"rendered":"Ahmed Do\u011fan: Bulgaristan \u0130\u00e7in 20 Y\u0131l\u0131n En B\u00fcy\u00fck Sermayesi Etnik Bar\u0131\u015ft\u0131r."},"content":{"rendered":"<p><strong><span style=\"color: #333333;\"><span style=\"color: #000000; font-weight: normal;\"><img data-recalc-dims=\"1\"  title=\"\" decoding=\"async\" style=\"float: left;\" src=\"https:\/\/i0.wp.com\/www.haberler.com\/haber-resimleri\/460\/ahmed-dogan-bulgaristan-icin-20-yilin-en-buyu-2742460_o.jpg?w=640\"  alt=\"ahmed-dogan-bulgaristan-icin-20-yilin-en-buyu-2742460_o Ahmed Do\u011fan: Bulgaristan \u0130\u00e7in 20 Y\u0131l\u0131n En B\u00fcy\u00fck Sermayesi Etnik Bar\u0131\u015ft\u0131r.\"  \/><\/span>Haklar ve &Ouml;zg&uuml;rl&uuml;kler Hareketi (H&Ouml;H) lideri Ahmed Do\u011fan d&uuml;n Sofya Camii &ouml;n&uuml;nde meydana gelen olaylar\u0131 &#8216;&ccedil;irkin ve &ccedil;ok b&uuml;y&uuml;k bir tehlike arz eden geli\u015fmeler&#8217; olarak nitelendirdi.<\/span><\/strong><\/p>\n<p><span style=\"color: #333333;\"> Razgrad \u015fehrinde Bekta\u015fi dedesi Demir Baba Tekkesi&#8217;nde yap\u0131lan anma t&ouml;renlerinde konu\u015fan Do\u011fan, d&uuml;nk&uuml; sald\u0131r\u0131n\u0131n ba\u015fkent ulusal &ccedil;apta ve Avrupa&#8217;da meydana getirebilece\u011fi korkun&ccedil; sonu&ccedil;tan &ccedil;ekindi\u011fini ifade etti.Ahmed Do\u011fan, &#8220;Bulgaristan i&ccedil;in 20 y\u0131l\u0131n en b&uuml;y&uuml;k sermayesi etnik bar\u0131\u015ft\u0131r. Bu demokrasi s&uuml;reci ve g&uuml;venli\u011fimizin &uuml;lkedeki bir temel ta\u015f\u0131d\u0131r. Bir partinin bu bar\u0131\u015f\u0131 dinamitlemesi, sadece ulusal g&uuml;venli\u011fi de\u011fil, Bulgaristan vatanda\u015f\u0131 herkesin g&uuml;venli\u011fini tehlike alt\u0131na atmak demektir. &#8221; ifadesini kulland\u0131. <\/span><\/p>\n<p><span style=\"color: #333333;\">Do\u011fan yerli ilgili kurumlar\u0131n yan\u0131nda, NATO, Avrupa Konseyi ve Avrupa Parlamentosu&#8217;nun provokasyona ciddi bir \u015fekilde e\u011filmesi gerekti\u011fini vurgulad\u0131.Nefret ve sald\u0131rganl\u0131\u011f\u0131n\u0131n sadece nefret ve sald\u0131rganl\u0131k do\u011furdu\u011funu kaydeden H&Ouml;H Ba\u015fkan\u0131, bunun ate\u015fi k&ouml;r&uuml;klemekten &ccedil;ok daha &ouml;te bir \u015fey oldu\u011funu savundu.Bu arada Cumhurba\u015fkan\u0131 Georgi P\u0131rvanov, olayla ilgili olarak Ulusal G&uuml;venlik Dan\u0131\u015fma Kurulu&#8217;nu toplayabilece\u011fini s&ouml;yledi. P\u0131rvanov, \u0130&ccedil;i\u015fleri Bakanl\u0131\u011f\u0131&#8217;n\u0131n elindeki istihbarat\u0131n; &uuml;lkede etnik ve dini gerginli\u011fin t\u0131rmand\u0131\u011f\u0131n\u0131 g&ouml;stermesi durumunda kurulu toplant\u0131ya &ccedil;a\u011f\u0131rmaktan &ccedil;ekinmeyece\u011fini s&ouml;yledi. Bulgar Cumhurba\u015fkan\u0131, bu t&uuml;r olaylara ilgisiz kald\u0131klar\u0131 takdirde i\u015flerin daha da k&ouml;t&uuml;le\u015fece\u011fini dile getirdi. <em>(Cihan Haber Ajans\u0131)<\/em><\/span><\/p>\n","protected":false},"excerpt":{"rendered":"<p>Haklar ve &Ouml;zg&uuml;rl&uuml;kler Hareketi (H&Ouml;H) lideri Ahmed Do\u011fan d&uuml;n Sofya Camii &ouml;n&uuml;nde meydana gelen olaylar\u0131 &#8216;&ccedil;irkin ve &ccedil;ok b&uuml;y&uuml;k bir tehlike arz eden geli\u015fmeler&#8217; olarak nitelendirdi. Razgrad \u015fehrinde Bekta\u015fi dedesi Demir Baba Tekkesi&#8217;nde yap\u0131lan anma t&ouml;renlerinde konu\u015fan Do\u011fan, d&uuml;nk&uuml; sald\u0131r\u0131n\u0131n ba\u015fkent ulusal &ccedil;apta ve Avrupa&#8217;da meydana getirebilece\u011fi korkun&ccedil; sonu&ccedil;tan &ccedil;ekindi\u011fini ifade etti.Ahmed Do\u011fan, &#8220;Bulgaristan i&ccedil;in [&hellip;]<\/p>\n","protected":false},"author":331,"featured_media":0,"comment_status":"open","ping_status":"open","sticky":false,"template":"","format":"standard","meta":{"advanced_seo_description":"","jetpack_seo_html_title":"","jetpack_seo_noindex":false,"ngg_post_thumbnail":0,"jetpack_post_was_ever_published":false,"_jetpack_newsletter_access":"","_jetpack_dont_email_post_to_subs":false,"_jetpack_newsletter_tier_id":0,"_jetpack_memberships_contains_paywalled_content":false,"_jetpack_memberships_contains_paid_content":false,"footnotes":""},"categories":[5],"tags":[],"class_list":["post-2197","post","type-post","status-publish","format-standard","hentry","category-haberler"],"jetpack_featured_media_url":"","jetpack_shortlink":"https:\/\/wp.me\/paHHlZ-zr","jetpack-related-posts":[{"id":571,"url":"https:\/\/www.gocmeniz.biz\/?p=571","url_meta":{"origin":2197,"position":0},"title":"BULGAR\u0130STAN&#8217;DA AS\u0130M\u0130LASYON TARTI\u015eMASI YEN\u0130DEN ALEVLEND\u0130","author":"Haberci","date":"01 Kas\u0131m 2008","format":false,"excerpt":"Bulgaristan'da T\u00fcrk ve M\u00fcsl\u00fcmanlara uygulanan ve 1989 y\u0131l\u0131nda y\u0131k\u0131lan totaliter rejimle sona eren asimilasyon kampanyas\u0131yla ilgili tart\u0131\u015fmalar yeniden alevlendi. Kamuoyu ara\u015ft\u0131rmalar\u0131na g\u00f6re en b\u00fcy\u00fck siyasi parti GERB'in lideri Sofya Belediye Ba\u015fkan\u0131 Boyko Borisov, \u00f6zel BTV televizyonunda, \u00fcyelerin \u00e7o\u011funlu\u011funu T\u00fcrklerin olu\u015fturdu\u011fu Hak ve \u00d6zg\u00fcrl\u00fckler Hareketine (DPS-H\u00d6H) cephe alarak sert s\u00f6zler sarf\u2026","rel":"","context":"&quot;Haberler&quot; i\u00e7inde","block_context":{"text":"Haberler","link":"https:\/\/www.gocmeniz.biz\/?cat=5"},"img":{"alt_text":"","src":"","width":0,"height":0},"classes":[]},{"id":1334,"url":"https:\/\/www.gocmeniz.biz\/?p=1334","url_meta":{"origin":2197,"position":1},"title":"Bulgaristan&#8217;da se\u00e7imin yank\u0131lar\u0131","author":"Haberci","date":"08 Haziran 2009","format":false,"excerpt":"Bulgaristan'da siyasal partilerin liderleri, Avrupa Parlamentosunda \u00fclkeyi temsil edecek 17 milletvekillenin belirlenmesi i\u00e7in d\u00fcn yap\u0131lan se\u00e7imin sonu\u00e7lar\u0131n\u0131 de\u011ferlendirdi. Sofya'daki Ulusal K\u00fclt\u00fcr Merkezinde (NDK) kurulan uluslararas\u0131 se\u00e7im merkezinde art arda bas\u0131n toplant\u0131s\u0131 d\u00fczenleyen liderlerin hepsinin, se\u00e7imde kendi partilerinin b\u00fcy\u00fck ba\u015far\u0131 elde etti\u011fini s\u00f6ylemeleri dikkati \u00e7ekti. Bulgaristan'daki koalisyon h\u00fck\u00fcmetinde yer alan, \u00fcyelerin\u2026","rel":"","context":"&quot;Haberler&quot; i\u00e7inde","block_context":{"text":"Haberler","link":"https:\/\/www.gocmeniz.biz\/?cat=5"},"img":{"alt_text":"","src":"","width":0,"height":0},"classes":[]},{"id":508,"url":"https:\/\/www.gocmeniz.biz\/?p=508","url_meta":{"origin":2197,"position":2},"title":"Edirne\u2019de kurakl\u0131k alarm\u0131","author":"Haberci","date":"11 Eyl\u00fcl 2008","format":false,"excerpt":"ED\u0130RNE'de a\u015f\u0131r\u0131 s\u0131cak ve kurakl\u0131k, Meri\u00e7 ve Tunca nehirlerinin debi oranlar\u0131n\u0131 b\u00fcy\u00fck \u00f6l\u00e7\u00fcde d\u00fc\u015f\u00fcrd\u00fc. Bu y\u0131l Bulgaristan da baraj kapaklar\u0131n\u0131 a\u00e7may\u0131nca 100 metrelik b\u00f6l\u00fcm\u00fc T\u00fcrkiye'den ge\u00e7en Arda nehri tamamen kurudu. DS\u0130 yetkilileri, barajlarda yeterli su oldu\u011funu, nehir suyunun da \u015fimdilik \u00e7ift\u00e7iye yetti\u011fini belirterek, kurakl\u0131\u011f\u0131n devam etmesi halinde ileride su s\u0131k\u0131nt\u0131s\u0131\u2026","rel":"","context":"&quot;Haberler&quot; i\u00e7inde","block_context":{"text":"Haberler","link":"https:\/\/www.gocmeniz.biz\/?cat=5"},"img":{"alt_text":"","src":"","width":0,"height":0},"classes":[]},{"id":1972,"url":"https:\/\/www.gocmeniz.biz\/?p=1972","url_meta":{"origin":2197,"position":3},"title":"Do\u011fan, tekrar H\u00d6H ba\u015fkan\u0131","author":"Haberci","date":"14 Aral\u0131k 2009","format":false,"excerpt":"BULGAR\u0130STAN`DA muhalefette olan Hak ve \u00d6zg\u00fcrl\u00fckler Hareketi(H\u00d6H) Ba\u015fkan\u0131 Ahmet Do\u011fan d\u00fcn partinin 769 delegesinin hepsinin deste\u011fini alarak bir d\u00f6nem daha ba\u015fkan se\u00e7ildi. D\u00fcn yap\u0131lan kongrede hem partinin hem de Do\u011fan`\u0131n liderli\u011finin 20`nci y\u0131ld\u00f6n\u00fcm\u00fc de kutland\u0131. Yapt\u0131\u011f\u0131 konu\u015fmada Do\u011fan, `Allah`a ve oy verenlere \u015f\u00fck\u00fcrler olsun ki muhalefetteyiz. Bu bizim i\u00e7in i\u00e7imizi\u2026","rel":"","context":"&quot;Haberler&quot; i\u00e7inde","block_context":{"text":"Haberler","link":"https:\/\/www.gocmeniz.biz\/?cat=5"},"img":{"alt_text":"","src":"","width":0,"height":0},"classes":[]},{"id":1572,"url":"https:\/\/www.gocmeniz.biz\/?p=1572","url_meta":{"origin":2197,"position":4},"title":"T\u00fcrk heykelt\u0131ra\u015f can dostum Vejdi\u2019yi Bulgaristan K\u00fclt\u00fcr Bakan\u0131 yapaca\u011f\u0131m","author":"Haberci","date":"20 Temmuz 2009","format":false,"excerpt":"Bulgaristan\u2019da 5 Temmuz\u2019da yap\u0131lan genel se\u00e7imlerden, T\u00fcrklere \u00e7ifte vatanda\u015fl\u0131\u011f\u0131 kald\u0131raca\u011f\u0131ndan korkulan Boyko Borisov (49) galip \u00e7\u0131kt\u0131. Borisov\u2019un partisi GERB, oylar\u0131n y\u00fczde 40\u2019\u0131n\u0131 alarak parlamentoda 116 milletvekilli\u011fi al\u0131rken, son iki d\u00f6nemdir T\u00fcrklerin oyuyla koalisyon orta\u011f\u0131 olan Hak ve \u00d6zg\u00fcrl\u00fckler Hareketi (DPS) muhalefette kald\u0131. Yeni Ba\u015fbakan, korkulan\u0131n aksine Bulgaristan\u2019da dini ve etnik\u2026","rel":"","context":"&quot;Haberler&quot; i\u00e7inde","block_context":{"text":"Haberler","link":"https:\/\/www.gocmeniz.biz\/?cat=5"},"img":{"alt_text":"","src":"","width":0,"height":0},"classes":[]},{"id":354,"url":"https:\/\/www.gocmeniz.biz\/?p=354","url_meta":{"origin":2197,"position":5},"title":"Rezve suyu Karadeniz&#8217;den borularla \u0130stanbul&#8217;a gelecek","author":"Haberci","date":"28 Nisan 2008","format":false,"excerpt":"\u0130stanbul'a Rezve Deresi'nden (Rezovo) su getirme projesi tamamland\u0131. Daha \u00f6nce Rezve'den gelecek suyun Longoz ormanlar\u0131 i\u00e7inden ge\u00e7irilecek isale hatt\u0131 ile \u0130stanbul'a getirilmesi planlan\u0131rken bu proje \u00e7evreciler taraf\u0131ndan tepki ile kar\u015f\u0131lanm\u0131\u015ft\u0131. Baz\u0131 sivil toplum \u00f6rg\u00fctleri Rezve'den su getirme \u00e7al\u0131\u015fmalar\u0131ndan ormanlar\u0131n tahrip edilece\u011fi ve bu ormanlar\u0131n yok edilece\u011fini s\u00f6ylemi\u015fti. \u0130stanbul B\u00fcy\u00fck\u015fehir Belediyesi\u2026","rel":"","context":"&quot;Haberler&quot; i\u00e7inde","block_context":{"text":"Haberler","link":"https:\/\/www.gocmeniz.biz\/?cat=5"},"img":{"alt_text":"","src":"","width":0,"height":0},"classes":[]}],"jetpack_sharing_enabled":true,"jetpack_likes_enabled":true,"_links":{"self":[{"href":"https:\/\/www.gocmeniz.biz\/index.php?rest_route=\/wp\/v2\/posts\/2197","targetHints":{"allow":["GET"]}}],"collection":[{"href":"https:\/\/www.gocmeniz.biz\/index.php?rest_route=\/wp\/v2\/posts"}],"about":[{"href":"https:\/\/www.gocmeniz.biz\/index.php?rest_route=\/wp\/v2\/types\/post"}],"author":[{"embeddable":true,"href":"https:\/\/www.gocmeniz.biz\/index.php?rest_route=\/wp\/v2\/users\/331"}],"replies":[{"embeddable":true,"href":"https:\/\/www.gocmeniz.biz\/index.php?rest_route=%2Fwp%2Fv2%2Fcomments&post=2197"}],"version-history":[{"count":1,"href":"https:\/\/www.gocmeniz.biz\/index.php?rest_route=\/wp\/v2\/posts\/2197\/revisions"}],"predecessor-version":[{"id":8894,"href":"https:\/\/www.gocmeniz.biz\/index.php?rest_route=\/wp\/v2\/posts\/2197\/revisions\/8894"}],"wp:attachment":[{"href":"https:\/\/www.gocmeniz.biz\/index.php?rest_route=%2Fwp%2Fv2%2Fmedia&parent=2197"}],"wp:term":[{"taxonomy":"category","embeddable":true,"href":"https:\/\/www.gocmeniz.biz\/index.php?rest_route=%2Fwp%2Fv2%2Fcategories&post=2197"},{"taxonomy":"post_tag","embeddable":true,"href":"https:\/\/www.gocmeniz.biz\/index.php?rest_route=%2Fwp%2Fv2%2Ftags&post=2197"}],"curies":[{"name":"wp","href":"https:\/\/api.w.org\/{rel}","templated":true}]}}