{"id":2198,"date":"2011-05-23T13:42:12","date_gmt":"2011-05-23T10:42:12","guid":{"rendered":"http:\/\/www.gocmeniz.biz\/?p=2198"},"modified":"2026-04-03T12:25:36","modified_gmt":"2026-04-03T09:25:36","slug":"bulgaristandaki-ataka-partisinin-irkci-eylemi","status":"publish","type":"post","link":"https:\/\/www.gocmeniz.biz\/?p=2198","title":{"rendered":"Bulgaristan&#8217;daki Ataka Partisinin Irk\u00e7\u0131 Eylemi"},"content":{"rendered":"<p><strong>Alperen Ocaklar\u0131 Edirne \u015eube Ba\u015fkan\u0131 Alpaslan Cankalo\u011flu, &#8220;Bulgaristan&#8217;daki Ataka Partisi taraftarlar\u0131n\u0131n Sofya Banyaba\u015f\u0131 Caminde namaz k\u0131lan cemaate sald\u0131r\u0131p, cemaatin &uuml;zerine yumurta at\u0131p ve bir seccadeyi yakmalar\u0131n\u0131 esefle k\u0131n\u0131yoruz&#8221; dedi.<\/strong><\/p>\n<p>Cankalo\u011flu, yapt\u0131\u011f\u0131 yaz\u0131l\u0131 a&ccedil;\u0131klamada, ibadet i&ccedil;in camiye giden soyda\u015flar\u0131m\u0131za y&ouml;nelik sald\u0131r\u0131lar\u0131n hi&ccedil; bir \u015fekilde kabul edilemeyece\u011fini bildirdi.&#8221;Bulgaristan&#8217;daki Ataka Partisi taraftarlar\u0131n\u0131n Sofya Banyaba\u015f\u0131 Caminde namaz k\u0131lan cemaate sald\u0131r\u0131p, cemaatin &uuml;zerine yumurta at\u0131p ve bir seccadeyi yakmalar\u0131n\u0131 esefle k\u0131n\u0131yoruz&#8221; diyen Cankalo\u011flu, \u015f&ouml;yle devam etti:&#8221;Oradaki soyda\u015flar\u0131m\u0131z zor \u015fartlarda ya\u015f\u0131yor. Bu sald\u0131r\u0131 onlar\u0131n ibadet h&uuml;rriyetine y&ouml;neliktir. Bulgaristan&#8217;da ki M&uuml;sl&uuml;manlara y&ouml;nelik asimilasyon ve insan haklar\u0131na ayk\u0131r\u0131 uygulamalar sadece m&uuml;ft&uuml;l&uuml;k se&ccedil;imlerinde kendini g&ouml;stermedi. &ouml;nce Bulgaristan&#8217;da ezan protestolar\u0131 d&uuml;zenlendi.Bulgarlar ezan\u0131 susturmaya &ccedil;al\u0131\u015ft\u0131lar. Baz\u0131 \u015fehirlerde ezana izin vermiyorlar. Sadece &ouml;\u011flen ve ikindi vakitlerinde ezan okunabiliyor. Bug&uuml;n Bulgaristan&#8217;da 1, 5&#8217;2 milyon civar\u0131nda M&uuml;sl&uuml;man, bin 128 cami ve 302 mescit bulunuyor. Bunun yan\u0131 s\u0131ra Osmanl\u0131 d&ouml;neminden kalm\u0131\u015f 12 camiye el konulmu\u015f durumda ve bu camilerde ibadet edilemiyor.Konuyla ilgili kanunlara ra\u011fmen bu camiler M&uuml;sl&uuml;manlara geri verilmiyor. Bu geli\u015fmelere bir AB &uuml;yesi &uuml;lkede \u015fahit olunmas\u0131 &ouml;zellikle dikkat &ccedil;ekicidir.En temel hak ve &ouml;zg&uuml;rl&uuml;klerden olan ibadet &ouml;zg&uuml;rl&uuml;\u011f&uuml;ne y&ouml;nelik bu menfur sald\u0131r\u0131n\u0131n faillerinin ve k\u0131\u015fk\u0131rt\u0131c\u0131lar\u0131n\u0131n s&uuml;ratle yakalanarak gerekli cezaya &ccedil;arpt\u0131r\u0131lmalar\u0131n\u0131 &ouml;nemle bekliyoruz. Bu menfur sald\u0131r\u0131lar\u0131n bir daha ya\u015fanmamas\u0131n\u0131 diliyor, ac\u0131lar\u0131n\u0131 payla\u015f\u0131yor, soyda\u015flar\u0131m\u0131za ge&ccedil;mi\u015f olsun diyorum. &#8220;- <em>ED\u0130RNE (Anadolu Ajans\u0131)<\/em><\/p>\n","protected":false},"excerpt":{"rendered":"<p>Alperen Ocaklar\u0131 Edirne \u015eube Ba\u015fkan\u0131 Alpaslan Cankalo\u011flu, &#8220;Bulgaristan&#8217;daki Ataka Partisi taraftarlar\u0131n\u0131n Sofya Banyaba\u015f\u0131 Caminde namaz k\u0131lan cemaate sald\u0131r\u0131p, cemaatin &uuml;zerine yumurta at\u0131p ve bir seccadeyi yakmalar\u0131n\u0131 esefle k\u0131n\u0131yoruz&#8221; dedi. Cankalo\u011flu, yapt\u0131\u011f\u0131 yaz\u0131l\u0131 a&ccedil;\u0131klamada, ibadet i&ccedil;in camiye giden soyda\u015flar\u0131m\u0131za y&ouml;nelik sald\u0131r\u0131lar\u0131n hi&ccedil; bir \u015fekilde kabul edilemeyece\u011fini bildirdi.&#8221;Bulgaristan&#8217;daki Ataka Partisi taraftarlar\u0131n\u0131n Sofya Banyaba\u015f\u0131 Caminde namaz k\u0131lan cemaate [&hellip;]<\/p>\n","protected":false},"author":331,"featured_media":0,"comment_status":"open","ping_status":"open","sticky":false,"template":"","format":"standard","meta":{"advanced_seo_description":"","jetpack_seo_html_title":"","jetpack_seo_noindex":false,"ngg_post_thumbnail":0,"jetpack_post_was_ever_published":false,"_jetpack_newsletter_access":"","_jetpack_dont_email_post_to_subs":false,"_jetpack_newsletter_tier_id":0,"_jetpack_memberships_contains_paywalled_content":false,"_jetpack_memberships_contains_paid_content":false,"footnotes":""},"categories":[5],"tags":[],"class_list":["post-2198","post","type-post","status-publish","format-standard","hentry","category-haberler"],"jetpack_featured_media_url":"","jetpack_shortlink":"https:\/\/wp.me\/paHHlZ-zs","jetpack-related-posts":[{"id":2199,"url":"https:\/\/www.gocmeniz.biz\/?p=2199","url_meta":{"origin":2198,"position":0},"title":"Irk\u00e7\u0131 liderden T\u00fcrk milletvekiline yumruk","author":"Haberci","date":"23 May\u0131s 2011","format":false,"excerpt":"Bulgaristan'da ge\u00e7en hafta bir camide namaz k\u0131lanlara d\u00fczenlenen sald\u0131r\u0131lar nedeniyle kapat\u0131lmas\u0131 g\u00fcndemde olan \u0131rk\u00e7\u0131 ATAKA partisinin lideri Volen Siderov, d\u00fcn de bir radyo program\u0131nda T\u00fcrk milletvekili Kurman \u0130smailov'a sald\u0131rd\u0131. Sofya'daki Banya Ba\u015f\u0131 Camisi'nde ge\u00e7en Cuma g\u00fcn\u00fc namaz k\u0131lanlara y\u00f6nelik sald\u0131r\u0131n\u0131n ele al\u0131nd\u0131\u011f\u0131 BNR radyosundaki tart\u0131\u015fma s\u0131ras\u0131nda, ATAKA lideri Siderov, Haklar\u2026","rel":"","context":"&quot;Haberler&quot; i\u00e7inde","block_context":{"text":"Haberler","link":"https:\/\/www.gocmeniz.biz\/?cat=5"},"img":{"alt_text":"","src":"","width":0,"height":0},"classes":[]},{"id":2193,"url":"https:\/\/www.gocmeniz.biz\/?p=2193","url_meta":{"origin":2198,"position":1},"title":"Bulgaristan&#8217;da Irk\u00e7\u0131 Sald\u0131r\u0131","author":"Haberci","date":"23 May\u0131s 2011","format":false,"excerpt":"Bulgaristan'\u0131n ba\u015fkenti Sofya'da \u0131rk\u00e7\u0131 ve a\u015f\u0131r\u0131 milliyet\u00e7i g\u00f6r\u00fc\u015fleriyle tan\u0131nan ATAKA partisi yanda\u015flar\u0131, cami \u00f6n\u00fcnde protesto g\u00f6sterisi d\u00fczenledi. Cuma namaz\u0131 k\u0131lan M\u00fcsl\u00fcmanlara yumurta atan ATAKA \u00fcyeleri bir seccadeyi yakt\u0131. \u00c7\u0131kan olaylarda 10 ki\u015fi yaraland\u0131. Polis olaylar\u0131 tahrik eden 4 ki\u015fiyi g\u00f6zalt\u0131na ald\u0131. Bu arada ATAKA Lideri Volen Siderov, olay yerine gelerek\u2026","rel":"","context":"&quot;Haberler&quot; i\u00e7inde","block_context":{"text":"Haberler","link":"https:\/\/www.gocmeniz.biz\/?cat=5"},"img":{"alt_text":"","src":"","width":0,"height":0},"classes":[]},{"id":323,"url":"https:\/\/www.gocmeniz.biz\/?p=323","url_meta":{"origin":2198,"position":2},"title":"Cihan Haber Ajans\u0131 Bulgaristan T\u00fcrklerine \u2018T\u00fcrk as\u0131ll\u0131 Bulgarlar\u2019 diyor","author":"Haberci","date":"11 Nisan 2008","format":false,"excerpt":"Cihan Haber Ajans\u0131, d\u00fcn Sofya \u015eehir Mahkemesi taraf\u0131ndan Ataka Partisi lideri Volen Siderov\u2019un T\u00fcrklere y\u00f6nelik \u0131rk ayr\u0131mc\u0131l\u0131\u011f\u0131 su\u00e7undan uyar\u0131lmas\u0131n\u0131 duyururken Bulgaristan T\u00fcrkleri i\u00e7in \u2018T\u00fcrk as\u0131ll\u0131 Bulgarlar ifadesini\u2019 kulland\u0131. Bulgaristan\u2019da gazetesi olan ve muhabirleri bulunan CHA\u2019n\u0131n Bulgaristan\u2019daki T\u00fcrklere \u2018T\u00fcrk as\u0131ll\u0131 Bulgarlar\u2019 demesi d\u00fc\u015f\u00fcnd\u00fcr\u00fcc\u00fc. Bulgaristan Hadise","rel":"","context":"&quot;Haberler&quot; i\u00e7inde","block_context":{"text":"Haberler","link":"https:\/\/www.gocmeniz.biz\/?cat=5"},"img":{"alt_text":"","src":"","width":0,"height":0},"classes":[]},{"id":1801,"url":"https:\/\/www.gocmeniz.biz\/?p=1801","url_meta":{"origin":2198,"position":3},"title":"SOFYA BANYABA\u015eI CAM\u0130\u0130 D\u0130B\u0130NDE BA\u015eLATILAN METRO KAZISI CAM\u0130DE \u00c7ATLAKLAR MEYDANA GET\u0130RD\u0130","author":"Haberci","date":"15 Eyl\u00fcl 2009","format":false,"excerpt":"Bulgaristan Ba\u015fm\u00fcft\u00fcl\u00fc\u011f\u00fc, Osmanl\u0131 eseri Banyaba\u015f\u0131 camiine iki metre yak\u0131nl\u0131kta ba\u015flat\u0131lan metro kaz\u0131s\u0131n\u0131n camide \u00e7atlaklar meydana getirdi\u011fini bildirdi.Medya organlar\u0131na g\u00f6nderilen bildiride \"M\u00fcsl\u00fcman cemaatin temsilcileri olarak cami dibinde ba\u015flat\u0131lan bu in\u015faat\u0131 protesto ediyoruz\" denildi.Hafriyat \u00e7al\u0131\u015fmas\u0131 cami duvarlar\u0131 ve kubbede \u00e7atlaklar meydana getirmi\u015f durumda. M\u00fcft\u00fcl\u00fck, caminin bir ibadethane olmas\u0131n\u0131n yan\u0131nda ayn\u0131 zamanda k\u00fclt\u00fcr\u2026","rel":"","context":"&quot;Haberler&quot; i\u00e7inde","block_context":{"text":"Haberler","link":"https:\/\/www.gocmeniz.biz\/?cat=5"},"img":{"alt_text":"","src":"https:\/\/i0.wp.com\/www.kircaalihaber.com\/tr_haber_images\/800px-Banya-basi-camii.jpg?resize=350%2C200","width":350,"height":200},"classes":[]},{"id":855,"url":"https:\/\/www.gocmeniz.biz\/?p=855","url_meta":{"origin":2198,"position":4},"title":"Melih A\u015f\u0131k&#8217;\u0131n K\u00f6\u015fe Yaz\u0131s\u0131ndan;","author":"Haberci","date":"23 \u015eubat 2009","format":false,"excerpt":"Uyumay\u0131n beyler!G\u00f6z\u00fcm\u00fcz ayd\u0131n! Ermeni, Pontus, S\u00fcryani, Keldani derken nurtopu gibi bir \u00e7ocu\u011fumuz daha oldu: Bulgar soyk\u0131r\u0131m\u0131. Bulgaristan\u2019daki a\u015f\u0131r\u0131 sa\u011fc\u0131 Ataka (Sald\u0131r\u0131) partisi Sofya B\u00fcy\u00fckel\u00e7ili\u011fimiz \u00f6n\u00fcnde d\u00fczenledi\u011fi protesto g\u00f6sterisinde T\u00fcrkiye\u2019nin, \u201cOsmanl\u0131 \u0130mparatorlu\u011fu d\u00f6neminde uygulad\u0131\u011f\u0131 Bulgar soyk\u0131r\u0131m\u0131\u201d nedeniyle \u00f6z\u00fcr dilemesini istedi. Okurumuz Ercan D\u00fcz, g\u00f6nderdi\u011fi notta aynen \u015f\u00f6yle diyor:\u201cHaberi gazetelerde okuyunca fena\u2026","rel":"","context":"&quot;Haberler&quot; i\u00e7inde","block_context":{"text":"Haberler","link":"https:\/\/www.gocmeniz.biz\/?cat=5"},"img":{"alt_text":"","src":"https:\/\/i0.wp.com\/www.internethaber.com\/images\/news\/32386.jpg?resize=350%2C200","width":350,"height":200},"classes":[]},{"id":2326,"url":"https:\/\/www.gocmeniz.biz\/?p=2326","url_meta":{"origin":2198,"position":5},"title":"A\u0130HM Bulgaristan&#8217;\u0131 mahkum etti","author":"Haberci","date":"25 \u015eubat 2015","format":false,"excerpt":"A\u0130HM, Sofya'da cami cemaatine sald\u0131ran a\u015f\u0131r\u0131 sa\u011fc\u0131 parti ATAKA militanlar\u0131na m\u00fcdahale etmeyen Bulgaristan'a ceza verdi.Avrupa \u0130nsan Haklar\u0131 Mahkemesi (A\u0130HM), ba\u015fkent Sofya'da cami \u00f6n\u00fcnde cemaate sald\u0131ran a\u015f\u0131r\u0131 sa\u011fc\u0131 parti ATAKA militanlar\u0131na m\u00fcdahale etmeyen ve gerekli yasal i\u015flemleri yapmayan Bulgaristan'\u0131 mahkum etti. Bulgaristan'da ya\u015fanan olay\u0131n ma\u011fdurlar\u0131ndan 1976 do\u011fumlu Veli Karaahmed'in 2013 y\u0131l\u0131nda\u2026","rel":"","context":"&quot;Haberler&quot; i\u00e7inde","block_context":{"text":"Haberler","link":"https:\/\/www.gocmeniz.biz\/?cat=5"},"img":{"alt_text":"","src":"https:\/\/i0.wp.com\/img.hurriyet.com.tr\/_np\/8650\/28038650.jpg?resize=350%2C200","width":350,"height":200},"classes":[]}],"jetpack_sharing_enabled":true,"jetpack_likes_enabled":true,"_links":{"self":[{"href":"https:\/\/www.gocmeniz.biz\/index.php?rest_route=\/wp\/v2\/posts\/2198","targetHints":{"allow":["GET"]}}],"collection":[{"href":"https:\/\/www.gocmeniz.biz\/index.php?rest_route=\/wp\/v2\/posts"}],"about":[{"href":"https:\/\/www.gocmeniz.biz\/index.php?rest_route=\/wp\/v2\/types\/post"}],"author":[{"embeddable":true,"href":"https:\/\/www.gocmeniz.biz\/index.php?rest_route=\/wp\/v2\/users\/331"}],"replies":[{"embeddable":true,"href":"https:\/\/www.gocmeniz.biz\/index.php?rest_route=%2Fwp%2Fv2%2Fcomments&post=2198"}],"version-history":[{"count":1,"href":"https:\/\/www.gocmeniz.biz\/index.php?rest_route=\/wp\/v2\/posts\/2198\/revisions"}],"predecessor-version":[{"id":8893,"href":"https:\/\/www.gocmeniz.biz\/index.php?rest_route=\/wp\/v2\/posts\/2198\/revisions\/8893"}],"wp:attachment":[{"href":"https:\/\/www.gocmeniz.biz\/index.php?rest_route=%2Fwp%2Fv2%2Fmedia&parent=2198"}],"wp:term":[{"taxonomy":"category","embeddable":true,"href":"https:\/\/www.gocmeniz.biz\/index.php?rest_route=%2Fwp%2Fv2%2Fcategories&post=2198"},{"taxonomy":"post_tag","embeddable":true,"href":"https:\/\/www.gocmeniz.biz\/index.php?rest_route=%2Fwp%2Fv2%2Ftags&post=2198"}],"curies":[{"name":"wp","href":"https:\/\/api.w.org\/{rel}","templated":true}]}}