{"id":2199,"date":"2011-05-23T13:46:59","date_gmt":"2011-05-23T10:46:59","guid":{"rendered":"http:\/\/www.gocmeniz.biz\/?p=2199"},"modified":"2026-04-03T12:11:56","modified_gmt":"2026-04-03T09:11:56","slug":"irkci-liderden-turk-milletvekiline-yumruk","status":"publish","type":"post","link":"https:\/\/www.gocmeniz.biz\/?p=2199","title":{"rendered":"Irk\u00e7\u0131 liderden T\u00fcrk milletvekiline yumruk"},"content":{"rendered":"<p><strong><span style=\"font-weight: normal;\"><img data-recalc-dims=\"1\"  title=\"\" decoding=\"async\" style=\"float: left;\" src=\"https:\/\/i0.wp.com\/i.sabah.com.tr\/sbh\/2011\/05\/23\/Haber\/433256149976.jpg?w=640\"  alt=\"433256149976 Irk\u00e7\u0131 liderden T\u00fcrk milletvekiline yumruk\"  \/><\/span>Bulgaristan&#8217;da ge&ccedil;en hafta bir camide namaz k\u0131lanlara d&uuml;zenlenen sald\u0131r\u0131lar nedeniyle kapat\u0131lmas\u0131 g&uuml;ndemde olan \u0131rk&ccedil;\u0131 ATAKA partisinin lideri Volen Siderov, d&uuml;n de bir radyo program\u0131nda T&uuml;rk milletvekili Kurman \u0130smailov&#8217;a sald\u0131rd\u0131<\/strong>.<\/p>\n<p>Sofya&#8217;daki Banya Ba\u015f\u0131 Camisi&#8217;nde ge&ccedil;en Cuma g&uuml;n&uuml; namaz k\u0131lanlara y&ouml;nelik sald\u0131r\u0131n\u0131n ele al\u0131nd\u0131\u011f\u0131 BNR radyosundaki tart\u0131\u015fma s\u0131ras\u0131nda, ATAKA lideri Siderov, Haklar ve &Ouml;zg&uuml;rl&uuml;kler Hareketi eski &uuml;yesi ve ba\u011f\u0131ms\u0131z milletvekili \u0130smailov&#8217;a yumruk att\u0131.Program\u0131n sunucusu Veli&ccedil;ko Konak&ccedil;iyev, Siderov&#8217;un &uuml;lkedeki camilerin a\u015f\u0131r\u0131 dincilerin yuvas\u0131 haline geldi\u011fini s&ouml;ylemesi ve T&uuml;rk milletvekiline k&uuml;f&uuml;rler savurmas\u0131 &uuml;zerine, araya girerek dinleyicilerden &ouml;z&uuml;r diledi. Bu s\u0131rada ATAKA liderinin \u0130smailov&#8217;a yumruk att\u0131\u011f\u0131 belirtildi. \u0130ki konu\u011fun yumruk yumru\u011fa kavga etmesi &uuml;zerine programa bir s&uuml;re ara verildi.5 dakika m&uuml;zik yay\u0131n\u0131 yap\u0131ld\u0131ktan sonra devam eden program, ATAKA liderinin k&uuml;fretmeye devam etmesi &uuml;zerine erken bitirildi.&nbsp;Program\u0131n ard\u0131ndan kavgay\u0131 ATAKA lideri Siderov&#8217;un ba\u015flatt\u0131\u011f\u0131n\u0131 s&ouml;yleyen sunucu Konak&ccedil;iyev, &#8220;23 y\u0131ll\u0131k gazetecilik hayat\u0131mda b&ouml;yle bir sa&ccedil;mal\u0131k g&ouml;rmedim&#8221; dedi.<\/p>\n<p><strong>IRK&Ccedil;I PART\u0130 KAPATILAB\u0130L\u0130R<\/strong><br \/>\nBanya Ba\u015f\u0131 Camisi&#8217;nde ge&ccedil;en Cuma g&uuml;n&uuml; aralar\u0131nda Siderov&#8217;un da bulundu\u011fu ATAKA &uuml;yeleri, T&uuml;rkiye&#8217;nin AB &uuml;yeli\u011fine kar\u015f\u0131 g&ouml;steri d&uuml;zenlemi\u015f, cami &ouml;n&uuml;nde Cuma namaz\u0131 k\u0131lan cemaatin &uuml;zerine yumurta atm\u0131\u015f ve bir seccadeyi yakm\u0131\u015ft\u0131. Olayda be\u015fi polis 7 ki\u015fi yaralanm\u0131\u015ft\u0131.Bulgaristan Ba\u015fsavc\u0131l\u0131\u011f\u0131&#8217;n\u0131n, cami sald\u0131r\u0131s\u0131 ve \u0131rk&ccedil;\u0131 s&ouml;ylemleri nedeniyle ATAKA&#8217;n\u0131n yasaklanmas\u0131 i&ccedil;in &ouml;neride bulunabilece\u011fi belirtildi.Sofya Ba\u015fsavc\u0131s\u0131 Nikolay Kokinov, ATAKA&#8217;n\u0131n etnik ve dini nefreti k&ouml;r&uuml;kledi\u011fi y&ouml;n&uuml;nde yeterli kan\u0131ta sahip olmalar\u0131 halinde partinin yasaklanmas\u0131 i&ccedil;in harekete ge&ccedil;eceklerini s&ouml;yledi.<\/p>\n","protected":false},"excerpt":{"rendered":"<p>Bulgaristan&#8217;da ge&ccedil;en hafta bir camide namaz k\u0131lanlara d&uuml;zenlenen sald\u0131r\u0131lar nedeniyle kapat\u0131lmas\u0131 g&uuml;ndemde olan \u0131rk&ccedil;\u0131 ATAKA partisinin lideri Volen Siderov, d&uuml;n de bir radyo program\u0131nda T&uuml;rk milletvekili Kurman \u0130smailov&#8217;a sald\u0131rd\u0131. Sofya&#8217;daki Banya Ba\u015f\u0131 Camisi&#8217;nde ge&ccedil;en Cuma g&uuml;n&uuml; namaz k\u0131lanlara y&ouml;nelik sald\u0131r\u0131n\u0131n ele al\u0131nd\u0131\u011f\u0131 BNR radyosundaki tart\u0131\u015fma s\u0131ras\u0131nda, ATAKA lideri Siderov, Haklar ve &Ouml;zg&uuml;rl&uuml;kler Hareketi eski &uuml;yesi [&hellip;]<\/p>\n","protected":false},"author":331,"featured_media":0,"comment_status":"open","ping_status":"open","sticky":false,"template":"","format":"standard","meta":{"advanced_seo_description":"","jetpack_seo_html_title":"","jetpack_seo_noindex":false,"ngg_post_thumbnail":0,"jetpack_post_was_ever_published":false,"_jetpack_newsletter_access":"","_jetpack_dont_email_post_to_subs":false,"_jetpack_newsletter_tier_id":0,"_jetpack_memberships_contains_paywalled_content":false,"_jetpack_memberships_contains_paid_content":false,"footnotes":""},"categories":[5],"tags":[],"class_list":["post-2199","post","type-post","status-publish","format-standard","hentry","category-haberler"],"jetpack_featured_media_url":"","jetpack_shortlink":"https:\/\/wp.me\/paHHlZ-zt","jetpack-related-posts":[{"id":1480,"url":"https:\/\/www.gocmeniz.biz\/?p=1480","url_meta":{"origin":2199,"position":0},"title":"Bulgar se\u00e7imlerinde T\u00fcrklere tepki","author":"Haberci","date":"04 Temmuz 2009","format":false,"excerpt":"Bulgar \u0131rk\u00e7\u0131 parti Ataka, yar\u0131n yap\u0131lacak olan se\u00e7imler \u00f6ncesinde, T\u00fcrkiye'de ya\u015fayan ve \u00e7ifte vatanda\u015fl\u0131k stat\u00fcs\u00fc ta\u015f\u0131yan T\u00fcrkler'in oy kullanmamas\u0131 i\u00e7in harekete ge\u00e7ti. Ataka; s\u0131n\u0131r kap\u0131s\u0131n\u0131 kapayarak T\u00fcrkiye'den gidecek olan oylar\u0131 engellemek istiyor... Bulgaristan'da ya\u015fayan az\u0131nl\u0131klara y\u00f6nelik \u0131rk\u00e7\u0131 s\u00f6ylemleriyle dikkat \u00e7eken a\u015f\u0131r\u0131 milliyet\u00e7i parti Ataka, Kap\u0131kule'nin kar\u015f\u0131s\u0131nda bulunan Kapitan Andrevo G\u00fcmr\u00fck\u2026","rel":"","context":"&quot;Haberler&quot; i\u00e7inde","block_context":{"text":"Haberler","link":"https:\/\/www.gocmeniz.biz\/?cat=5"},"img":{"alt_text":"","src":"","width":0,"height":0},"classes":[]},{"id":2193,"url":"https:\/\/www.gocmeniz.biz\/?p=2193","url_meta":{"origin":2199,"position":1},"title":"Bulgaristan&#8217;da Irk\u00e7\u0131 Sald\u0131r\u0131","author":"Haberci","date":"23 May\u0131s 2011","format":false,"excerpt":"Bulgaristan'\u0131n ba\u015fkenti Sofya'da \u0131rk\u00e7\u0131 ve a\u015f\u0131r\u0131 milliyet\u00e7i g\u00f6r\u00fc\u015fleriyle tan\u0131nan ATAKA partisi yanda\u015flar\u0131, cami \u00f6n\u00fcnde protesto g\u00f6sterisi d\u00fczenledi. Cuma namaz\u0131 k\u0131lan M\u00fcsl\u00fcmanlara yumurta atan ATAKA \u00fcyeleri bir seccadeyi yakt\u0131. \u00c7\u0131kan olaylarda 10 ki\u015fi yaraland\u0131. Polis olaylar\u0131 tahrik eden 4 ki\u015fiyi g\u00f6zalt\u0131na ald\u0131. Bu arada ATAKA Lideri Volen Siderov, olay yerine gelerek\u2026","rel":"","context":"&quot;Haberler&quot; i\u00e7inde","block_context":{"text":"Haberler","link":"https:\/\/www.gocmeniz.biz\/?cat=5"},"img":{"alt_text":"","src":"","width":0,"height":0},"classes":[]},{"id":1504,"url":"https:\/\/www.gocmeniz.biz\/?p=1504","url_meta":{"origin":2199,"position":2},"title":"Reuters: Bulgar \u0131rk\u00e7\u0131lar\u0131 etnik bar\u0131\u015f\u0131 tehdit ediyor","author":"Haberci","date":"06 Temmuz 2009","format":false,"excerpt":"Bulgaristan se\u00e7imlerini de\u011ferlendiren Reuters, \u0131rk\u00e7\u0131 Ataka Partisi'nin s\u00f6yleminin toplumdaki etnik bar\u0131\u015f\u0131 tehdit etti\u011fini duyurdu. Reuters haber ajans\u0131nda yay\u0131mlanan haber analizde, Bulgaristan`da 20 y\u0131l \u00f6nce M\u00fcsl\u00fcman T\u00fcrk az\u0131nl\u0131\u011f\u0131na uygulanmaya \u00e7al\u0131\u015f\u0131lan asimilasyon kampanyas\u0131n\u0131n tekrar geri d\u00f6nmesinden endi\u015fe edildi\u011fini kaydedildi. Haberde, 1989`da M\u00fcsl\u00fcman T\u00fcrklerinin etnik Bulgar isimleri ile zorla de\u011fi\u015ftirilmesi bask\u0131lar\u0131na direnen ve\u2026","rel":"","context":"&quot;Haberler&quot; i\u00e7inde","block_context":{"text":"Haberler","link":"https:\/\/www.gocmeniz.biz\/?cat=5"},"img":{"alt_text":"","src":"","width":0,"height":0},"classes":[]},{"id":547,"url":"https:\/\/www.gocmeniz.biz\/?p=547","url_meta":{"origin":2199,"position":3},"title":"Bulgar a\u015f\u0131r\u0131 sa\u011fc\u0131 lider tehdit edildi\u011fini s\u00f6yledi","author":"Haberci","date":"22 Ekim 2008","format":false,"excerpt":"Bulgaristan'da a\u015f\u0131r\u0131 milliyet\u00e7i\u2013\u0131rk\u00e7\u0131 tav\u0131rlar\u0131yla tan\u0131nan ATAKA partisi lideri Volen Siderov, \u00f6l\u00fcmle tehdit edildi\u011fini \u00f6ne s\u00fcrd\u00fc.Siderov, parlamentoda yapt\u0131\u011f\u0131 konu\u015fmada, bu sabah ATAKA parti merkezine postayla \u00fc\u00e7 mektup getirildi\u011fini belirterek, kendisinin ve partinin ba\u015fkan yard\u0131mc\u0131lar\u0131 Pavel \u015eopov ile Anton Sirakov'\u0131n bu mektuplarda \u00f6l\u00fcmle tehdit edildi\u011fini s\u00f6yledi.Tehdit mektuplar\u0131n\u0131 al\u0131r almaz b\u00fcrokratlar\u0131n ve diplomatlar\u0131n\u2026","rel":"","context":"&quot;Haberler&quot; i\u00e7inde","block_context":{"text":"Haberler","link":"https:\/\/www.gocmeniz.biz\/?cat=5"},"img":{"alt_text":"","src":"","width":0,"height":0},"classes":[]},{"id":138,"url":"https:\/\/www.gocmeniz.biz\/?p=138","url_meta":{"origin":2199,"position":4},"title":"Bulgaristan&#8217;da Yerel Se\u00e7im Kanunu Kabul Edildi","author":"Admin","date":"27 Temmuz 2007","format":false,"excerpt":"Bulgaristan'da yeni yerel se\u00e7im kanunu, parlamentonun bug\u00fcnk\u00fc oturumunda 9 saat s\u00fcren sert tart\u0131\u015fmalar sonunda kabul edildi. Bulgaristan'da yerel se\u00e7imler 28 ekimde yap\u0131lacak. Yeni yasada, \"Avrupa Birli\u011fi d\u0131\u015f\u0131nda olduklar\u0131 gerek\u00e7esiyle\" T\u00fcrkiye'deki Bulgaristan g\u00f6\u00e7menlerine oy kullanma hakk\u0131 verilmesine ili\u015fkin maddenin g\u00f6r\u00fc\u015f\u00fclmesi s\u0131ras\u0131nda sert tart\u0131\u015fmalar oldu. Parlamentoda bug\u00fcnk\u00fc son g\u00f6r\u00fc\u015fmelerde, H\u00d6H'\u00fcn yo\u011fun kat\u0131l\u0131m\u0131\u2026","rel":"","context":"&quot;Haberler&quot; i\u00e7inde","block_context":{"text":"Haberler","link":"https:\/\/www.gocmeniz.biz\/?cat=5"},"img":{"alt_text":"","src":"","width":0,"height":0},"classes":[]},{"id":876,"url":"https:\/\/www.gocmeniz.biz\/?p=876","url_meta":{"origin":2199,"position":5},"title":"&#8221;T\u00fcrkiye Haritadan Silinmeli&#8221;","author":"Haberci","date":"05 Mart 2009","format":false,"excerpt":"Bulgaristan 'ba\u011f\u0131ms\u0131zl\u0131k' y\u0131ld\u00f6n\u00fcm\u00fc \u0131rk\u00e7\u0131 g\u00f6sterilerle kutlad\u0131. Irk\u00e7\u0131 ATAKA Partisi T\u00fcrkiye'nin Avrupa'dan silinmesini istedi.Bulgaristan'\u0131n Osmanl\u0131 \u0130mparatorlu\u011fu'ndan ayr\u0131\u015f\u0131l\u0131n\u0131n 131'inci y\u0131ld\u00f6n\u00fcm\u00fc Sofya'da \u0131rk\u00e7\u0131 g\u00f6sterilere sahne oldu. A\u015f\u0131r\u0131 sa\u011fc\u0131 ATAKA Partisi yanda\u015flar\u0131, g\u00f6steride 'T\u00fcrkiye Avrupa haritas\u0131ndan silinsin' yaz\u0131l\u0131 pankartlar a\u00e7t\u0131.Bir pankartta da minarelerin ortas\u0131na yerle\u015ftirilmi\u015f Eyfel Kulesi ve Hz. \u0130sa foto\u011fraf\u0131 yer ald\u0131.ATAKA \u00fcyeleri,\u2026","rel":"","context":"&quot;Haberler&quot; i\u00e7inde","block_context":{"text":"Haberler","link":"https:\/\/www.gocmeniz.biz\/?cat=5"},"img":{"alt_text":"","src":"","width":0,"height":0},"classes":[]}],"jetpack_sharing_enabled":true,"jetpack_likes_enabled":true,"_links":{"self":[{"href":"https:\/\/www.gocmeniz.biz\/index.php?rest_route=\/wp\/v2\/posts\/2199","targetHints":{"allow":["GET"]}}],"collection":[{"href":"https:\/\/www.gocmeniz.biz\/index.php?rest_route=\/wp\/v2\/posts"}],"about":[{"href":"https:\/\/www.gocmeniz.biz\/index.php?rest_route=\/wp\/v2\/types\/post"}],"author":[{"embeddable":true,"href":"https:\/\/www.gocmeniz.biz\/index.php?rest_route=\/wp\/v2\/users\/331"}],"replies":[{"embeddable":true,"href":"https:\/\/www.gocmeniz.biz\/index.php?rest_route=%2Fwp%2Fv2%2Fcomments&post=2199"}],"version-history":[{"count":1,"href":"https:\/\/www.gocmeniz.biz\/index.php?rest_route=\/wp\/v2\/posts\/2199\/revisions"}],"predecessor-version":[{"id":8598,"href":"https:\/\/www.gocmeniz.biz\/index.php?rest_route=\/wp\/v2\/posts\/2199\/revisions\/8598"}],"wp:attachment":[{"href":"https:\/\/www.gocmeniz.biz\/index.php?rest_route=%2Fwp%2Fv2%2Fmedia&parent=2199"}],"wp:term":[{"taxonomy":"category","embeddable":true,"href":"https:\/\/www.gocmeniz.biz\/index.php?rest_route=%2Fwp%2Fv2%2Fcategories&post=2199"},{"taxonomy":"post_tag","embeddable":true,"href":"https:\/\/www.gocmeniz.biz\/index.php?rest_route=%2Fwp%2Fv2%2Ftags&post=2199"}],"curies":[{"name":"wp","href":"https:\/\/api.w.org\/{rel}","templated":true}]}}