{"id":2291,"date":"2014-06-24T20:28:36","date_gmt":"2014-06-24T17:28:36","guid":{"rendered":"http:\/\/www.gocmeniz.biz\/?p=2291"},"modified":"2014-06-24T20:28:36","modified_gmt":"2014-06-24T17:28:36","slug":"kayit-disinin-lideri-bulgaristan-oldu","status":"publish","type":"post","link":"https:\/\/www.gocmeniz.biz\/?p=2291","title":{"rendered":"Kay\u0131t d\u0131\u015f\u0131n\u0131n lideri Bulgaristan oldu"},"content":{"rendered":"<p><strong>Avrupa Birli\u011fi \u00fclkeleri i\u00e7inde kay\u0131t d\u0131\u015f\u0131 ekonomide Bulgaristan&#8217;\u0131n ilk s\u0131rada yer ald\u0131\u011f\u0131 bildirildi.<\/strong><\/p>\n<p><a href=\"https:\/\/i0.wp.com\/image.cdn.haber7.com\/haber\/haber7\/photos\/kayit_disinin_lideri_bulgaristan_oldu_1403613195_5246.jpg\"><strong><img data-recalc-dims=\"1\"  title=\"\" loading=\"lazy\" decoding=\"async\" src=\"https:\/\/i0.wp.com\/image.cdn.haber7.com\/haber\/haber7\/photos\/kayit_disinin_lideri_bulgaristan_oldu_1403613195_5246.jpg?resize=300%2C145\"  alt=\"kayit_disinin_lideri_bulgaristan_oldu_1403613195_5246 Kay\u0131t d\u0131\u015f\u0131n\u0131n lideri Bulgaristan oldu\"  width=\"300\" height=\"145\" \/><\/strong><\/a><\/p>\n<p>Fransa Ekonomik ve Sosyal Konseyi taraf\u0131ndan yapt\u0131r\u0131lan ara\u015ft\u0131rmaya g\u00f6re Bulgaristan&#8217;da kay\u0131t d\u0131\u015f\u0131 ekonomi gayri safi milli has\u0131lan\u0131n y\u00fczde 31,9&#8217;una denk geliyor. Bu konuda AB i\u00e7inde en disiplinli \u00fclke ise Avusturya, Avusturya&#8217;da bu oran y\u00fczde 7,6.<\/p>\n<p>\u0130talya&#8217;da kay\u0131t d\u0131\u015f\u0131 ekonomi gayri safi milli has\u0131lan\u0131n y\u00fcze 16,3&#8217;\u00fcne tekab\u00fcl ederken, bu oran Fransa&#8217;da y\u00fczde 10,8 civar\u0131nda.<\/p>\n<p>AB \u00fclkeleri genelinde ise kay\u0131t d\u0131\u015f\u0131 ekonomi gayri safi milli has\u0131lan\u0131n ortalama y\u00fczde 18,9&#8217;u civar\u0131nda seyrediyor.<\/p>\n","protected":false},"excerpt":{"rendered":"<p>Avrupa Birli\u011fi \u00fclkeleri i\u00e7inde kay\u0131t d\u0131\u015f\u0131 ekonomide Bulgaristan&#8217;\u0131n ilk s\u0131rada yer ald\u0131\u011f\u0131 bildirildi. Fransa Ekonomik ve Sosyal Konseyi taraf\u0131ndan yapt\u0131r\u0131lan ara\u015ft\u0131rmaya g\u00f6re Bulgaristan&#8217;da kay\u0131t d\u0131\u015f\u0131 ekonomi gayri safi milli has\u0131lan\u0131n y\u00fczde 31,9&#8217;una denk geliyor. Bu konuda AB i\u00e7inde en disiplinli \u00fclke ise Avusturya, Avusturya&#8217;da bu oran y\u00fczde 7,6. \u0130talya&#8217;da kay\u0131t d\u0131\u015f\u0131 ekonomi gayri safi milli [&hellip;]<\/p>\n","protected":false},"author":331,"featured_media":0,"comment_status":"open","ping_status":"open","sticky":false,"template":"","format":"standard","meta":{"advanced_seo_description":"","jetpack_seo_html_title":"","jetpack_seo_noindex":false,"ngg_post_thumbnail":0,"jetpack_post_was_ever_published":false,"_jetpack_newsletter_access":"","_jetpack_dont_email_post_to_subs":false,"_jetpack_newsletter_tier_id":0,"_jetpack_memberships_contains_paywalled_content":false,"_jetpack_memberships_contains_paid_content":false,"footnotes":""},"categories":[5],"tags":[],"class_list":["post-2291","post","type-post","status-publish","format-standard","hentry","category-haberler"],"jetpack_featured_media_url":"","jetpack_shortlink":"https:\/\/wp.me\/paHHlZ-AX","jetpack-related-posts":[{"id":1921,"url":"https:\/\/www.gocmeniz.biz\/?p=1921","url_meta":{"origin":2291,"position":0},"title":"Yeni y\u0131lda 100 bin \u00e7al\u0131\u015fan\u0131n daha i\u015fsiz kalmas\u0131 bekleniyor","author":"Haberci","date":"14 Kas\u0131m 2009","format":false,"excerpt":"\u00c7al\u0131\u015fma ve Sosyal Politika Bakan\u0131 Totyu Mladenov yapt\u0131\u011f\u0131 a\u00e7\u0131klamas\u0131nda, son zamanlarda krizden dolay\u0131 i\u015f\u00e7i \u00e7\u0131karmalar\u0131n\u0131n artt\u0131\u011f\u0131n\u0131 ve \u00fclkedeki istihdam b\u00fcrolar\u0131nda kay\u0131tl\u0131 i\u015fsiz say\u0131s\u0131n\u0131n art\u0131k 300 bini a\u015ft\u0131\u011f\u0131n\u0131 dile getirdi.Eyl\u00fcl ay\u0131nda i\u015fsizlik oran\u0131n\u0131n y\u00fczde 8.03 oldu\u011funu hat\u0131rlatan Bakan Mladenov,\u00a0 ekim\u2019de bu oran\u0131n y\u00fczde 8.23\u2019e y\u00fckseldi\u011fini bildirdi. Ancak bu istatistiklerin kay\u0131t d\u0131\u015f\u0131\u2026","rel":"","context":"&quot;Haberler&quot; i\u00e7inde","block_context":{"text":"Haberler","link":"https:\/\/www.gocmeniz.biz\/?cat=5"},"img":{"alt_text":"","src":"","width":0,"height":0},"classes":[]},{"id":1289,"url":"https:\/\/www.gocmeniz.biz\/?p=1289","url_meta":{"origin":2291,"position":1},"title":"2020 y\u0131l\u0131na kadar, Bulgaristan\u2019\u0131 30 milyon turistin ziyaret etmesi bekleniyor","author":"Haberci","date":"29 May\u0131s 2009","format":false,"excerpt":"2020 y\u0131l\u0131na kadar, 700 milyon turistin Avrupa\u2019y\u0131, bunlardan 30 milyonu Bulgaristan\u2019\u0131 tercih etmesi bekleniyor.\u201d Bulgaristan turizm end\u00fcstrisinde koporatif sosyal sorumluluk- hakikatler ve gelecek\u201d proje m\u00fcd\u00fcr\u00fc Barabara Page- Roberts, gazetecilere verdi\u011fi deme\u00e7te bunu s\u00f6yledi.\u00a0Avrupa\u2019y\u0131 ziyaret eden tursitlerin say\u0131s\u0131 1950 y\u0131l\u0131nda 25.3 milyon iken 2003 y\u0131l\u0131nda bu rakam 414 milyona artt\u0131. Barbara\u2026","rel":"","context":"&quot;Haberler&quot; i\u00e7inde","block_context":{"text":"Haberler","link":"https:\/\/www.gocmeniz.biz\/?cat=5"},"img":{"alt_text":"","src":"","width":0,"height":0},"classes":[]},{"id":9718,"url":"https:\/\/www.gocmeniz.biz\/?p=9718","url_meta":{"origin":2291,"position":2},"title":"AB&#8217;nin Yeni Giri\u015f\/\u00c7\u0131k\u0131\u015f Sistemi EES 10 Nisan&#8217;da Tamamen Devreye Giriyor: Yolcular Dikkat!","author":"Admin","date":"07 Nisan 2026","format":false,"excerpt":"Avrupa'ya seyahat planlayanlar i\u00e7in \u00f6nemli bir de\u011fi\u015fiklik kap\u0131da. Ge\u00e7en y\u0131l Ekim ay\u0131nda 29 Avrupa \u00fclkesinde kademeli olarak ba\u015flat\u0131lan AB Giri\u015f\/\u00c7\u0131k\u0131\u015f Sistemi (EES), 10 Nisan 2026 itibar\u0131yla tamamen hayata ge\u00e7iyor. Bu sistem, pasaportlara vurulan damgalar\u0131n yerini dijital kay\u0131tlara b\u0131rakmas\u0131n\u0131 \u00f6ng\u00f6r\u00fcyor. AB \u00fcyesi olmayan ve k\u0131sa s\u00fcreli seyahat eden yolcular\u0131n y\u00fcz g\u00f6r\u00fcnt\u00fcs\u00fc\u2026","rel":"","context":"&quot;Haberler&quot; i\u00e7inde","block_context":{"text":"Haberler","link":"https:\/\/www.gocmeniz.biz\/?cat=5"},"img":{"alt_text":"","src":"https:\/\/i0.wp.com\/www.gocmeniz.biz\/wp-content\/1366x768_cmsv2_feb5042c-d113-5961-a562-fbd908ed4ea3-9711809.webp?fit=1200%2C675&ssl=1&resize=350%2C200","width":350,"height":200,"srcset":"https:\/\/i0.wp.com\/www.gocmeniz.biz\/wp-content\/1366x768_cmsv2_feb5042c-d113-5961-a562-fbd908ed4ea3-9711809.webp?fit=1200%2C675&ssl=1&resize=350%2C200 1x, https:\/\/i0.wp.com\/www.gocmeniz.biz\/wp-content\/1366x768_cmsv2_feb5042c-d113-5961-a562-fbd908ed4ea3-9711809.webp?fit=1200%2C675&ssl=1&resize=525%2C300 1.5x, https:\/\/i0.wp.com\/www.gocmeniz.biz\/wp-content\/1366x768_cmsv2_feb5042c-d113-5961-a562-fbd908ed4ea3-9711809.webp?fit=1200%2C675&ssl=1&resize=700%2C400 2x, https:\/\/i0.wp.com\/www.gocmeniz.biz\/wp-content\/1366x768_cmsv2_feb5042c-d113-5961-a562-fbd908ed4ea3-9711809.webp?fit=1200%2C675&ssl=1&resize=1050%2C600 3x"},"classes":[]},{"id":1894,"url":"https:\/\/www.gocmeniz.biz\/?p=1894","url_meta":{"origin":2291,"position":3},"title":"Domuz gribi \u00e7apk\u0131nlar\u0131n ka\u00e7amak turizmini bitirdi","author":"Haberci","date":"05 Kas\u0131m 2009","format":false,"excerpt":"T\u00fcrk \u00e7apk\u0131nlar\u0131n g\u00f6zde mekanlar\u0131 aras\u0131nda yer alan Ukrayna, Romanya ve Rusya`da domuz gribi salg\u0131n\u0131 h\u0131zlan\u0131nca bu \u00fclkelere turlar y\u00fczde 75 azald\u0131. Domuz gribinin yaratt\u0131\u011f\u0131 panik `uluslararas\u0131` T\u00fcrk \u00e7apk\u0131nlar\u0131n g\u00f6zde mekanlar\u0131ndan Ukrayna, Rusya, Romanya ve \u00c7ek Cumhuriyeti gibi \u00fclkelere yap\u0131lan turlar\u0131 vurdu. Gribe neden olan H1N1 vir\u00fcs\u00fcn\u00fcn d\u00fc\u015f\u00fck hava s\u0131cakl\u0131\u011f\u0131nda aktifle\u015fmesi\u2026","rel":"","context":"&quot;Haberler&quot; i\u00e7inde","block_context":{"text":"Haberler","link":"https:\/\/www.gocmeniz.biz\/?cat=5"},"img":{"alt_text":"","src":"","width":0,"height":0},"classes":[]},{"id":1570,"url":"https:\/\/www.gocmeniz.biz\/?p=1570","url_meta":{"origin":2291,"position":4},"title":"AB`nin `E\u011fitim Verileri` raporunda `T\u00fcrkiye hari\u00e7` bollu\u011fu","author":"Haberci","date":"20 Temmuz 2009","format":false,"excerpt":"Avrupa Komisyonu`nun ge\u00e7en hafta sonu a\u00e7\u0131klad\u0131\u011f\u0131 `E\u011fitim \u00dczerine Ana Veriler 2009` raporunda T\u00fcrkiye ve Avrupa`n\u0131n e\u011fitim verileri kar\u015f\u0131la\u015ft\u0131r\u0131ld\u0131, e\u011fitimde olumlu geli\u015fmelerle ilgili bir\u00e7ok b\u00f6l\u00fcme `T\u00fcrkiye hari\u00e7` kayd\u0131 d\u00fc\u015f\u00fclmesi dikkat \u00e7ekti. Rapordan: Avrupa \u00fclkelerinde \u00f6\u011fretmen ba\u015f\u0131na 10 \u00f6\u011frenci d\u00fc\u015f\u00fcyor, T\u00fcrkiye`de ise `dikkati \u00e7ekecek kadar fazla` 25 \u00f6\u011frenci bir \u00f6\u011fretmenden yararlan\u0131yor\u2026 \u00dcniversite\u2026","rel":"","context":"&quot;Haberler&quot; i\u00e7inde","block_context":{"text":"Haberler","link":"https:\/\/www.gocmeniz.biz\/?cat=5"},"img":{"alt_text":"","src":"","width":0,"height":0},"classes":[]},{"id":228,"url":"https:\/\/www.gocmeniz.biz\/?p=228","url_meta":{"origin":2291,"position":5},"title":"Avrupa&#8217;da Evlerin Yar\u0131s\u0131nda \u0130nternet Ba\u011flant\u0131s\u0131 Var","author":"Admin","date":"04 Aral\u0131k 2007","format":false,"excerpt":"Avrupa \u00fclkelerindeki evlerin yar\u0131s\u0131ndan fazlas\u0131nda internet ba\u011flant\u0131s\u0131 oldu\u011fu bildirildi.AB'nin istatistik kurumu Eurostat'\u0131n 2007'nin ilk 3 ay\u0131yla ilgili \u00fcye \u00fclke h\u00fck\u00fcmetlerinden gelen bilgilere dayanan ara\u015ft\u0131rmas\u0131na g\u00f6re, AB \u00fcyesi 27 \u00fclkedeki evlerin y\u00fczde 54'\u00fcnde internet ba\u011flant\u0131s\u0131 var. Bu oran 2006'n\u0131n ilk \u00fc\u00e7 ay\u0131nda y\u00fczde 49 idi.Ayn\u0131 d\u00f6nemde internet ba\u011flant\u0131lar\u0131nda geni\u015f bant kullan\u0131m\u0131n\u0131n\u2026","rel":"","context":"&quot;Haberler&quot; i\u00e7inde","block_context":{"text":"Haberler","link":"https:\/\/www.gocmeniz.biz\/?cat=5"},"img":{"alt_text":"","src":"","width":0,"height":0},"classes":[]}],"jetpack_sharing_enabled":true,"jetpack_likes_enabled":true,"_links":{"self":[{"href":"https:\/\/www.gocmeniz.biz\/index.php?rest_route=\/wp\/v2\/posts\/2291","targetHints":{"allow":["GET"]}}],"collection":[{"href":"https:\/\/www.gocmeniz.biz\/index.php?rest_route=\/wp\/v2\/posts"}],"about":[{"href":"https:\/\/www.gocmeniz.biz\/index.php?rest_route=\/wp\/v2\/types\/post"}],"author":[{"embeddable":true,"href":"https:\/\/www.gocmeniz.biz\/index.php?rest_route=\/wp\/v2\/users\/331"}],"replies":[{"embeddable":true,"href":"https:\/\/www.gocmeniz.biz\/index.php?rest_route=%2Fwp%2Fv2%2Fcomments&post=2291"}],"version-history":[{"count":0,"href":"https:\/\/www.gocmeniz.biz\/index.php?rest_route=\/wp\/v2\/posts\/2291\/revisions"}],"wp:attachment":[{"href":"https:\/\/www.gocmeniz.biz\/index.php?rest_route=%2Fwp%2Fv2%2Fmedia&parent=2291"}],"wp:term":[{"taxonomy":"category","embeddable":true,"href":"https:\/\/www.gocmeniz.biz\/index.php?rest_route=%2Fwp%2Fv2%2Fcategories&post=2291"},{"taxonomy":"post_tag","embeddable":true,"href":"https:\/\/www.gocmeniz.biz\/index.php?rest_route=%2Fwp%2Fv2%2Ftags&post=2291"}],"curies":[{"name":"wp","href":"https:\/\/api.w.org\/{rel}","templated":true}]}}