{"id":2293,"date":"2014-06-27T19:02:36","date_gmt":"2014-06-27T16:02:36","guid":{"rendered":"http:\/\/www.gocmeniz.biz\/?p=2293"},"modified":"2026-04-03T12:17:06","modified_gmt":"2026-04-03T09:17:06","slug":"temmuz-alarmi","status":"publish","type":"post","link":"https:\/\/www.gocmeniz.biz\/?p=2293","title":{"rendered":"TEMMUZ ALARMI"},"content":{"rendered":"<p><a href=\"https:\/\/i0.wp.com\/img.hurriyet.com.tr\/_np\/5963\/24975963.jpg\"><img data-recalc-dims=\"1\"  title=\"\" loading=\"lazy\" decoding=\"async\" src=\"https:\/\/i0.wp.com\/img.hurriyet.com.tr\/_np\/5963\/24975963.jpg?resize=300%2C169\"  alt=\"24975963 TEMMUZ ALARMI\"  width=\"300\" height=\"169\" \/><\/a><\/p>\n<p>\u00a0<\/p>\n<p><strong>Temmuz ay\u0131 tatilciler i\u00e7in dert ay\u0131 olacak. \u00dclkedeki ilk ve orta dereceli okullar t\u00fcm eyaletlerde Temmuz ay\u0131 i\u00e7inde tatile giriyor. Yollarda trafik t\u0131kanacak. Ge\u00e7ilecek s\u0131n\u0131r kap\u0131lar\u0131nda y\u0131\u011f\u0131lmalar olacak.<\/strong><\/p>\n<p>ALMANYA\u2019da 16 eyaletteki t\u00fcm ilk ve orta dereceli okullar bu y\u0131l yaz tatiline Temmuz ay\u0131nda girecek. Temmuz ay\u0131 ara\u00e7lar\u0131yla yollara d\u00fc\u015fecek tatilciler i\u00e7in dert ay\u0131 olacak. Her y\u0131l farkl\u0131 farkl\u0131 tarihlerde ve aral\u0131klarla ilk ve orta dereceli okullar yaz tatiline girerken bu kez k\u0131sa aral\u0131klarla yaz tatili ba\u015flayacak.\u00a0<\/p>\n<p>Bu durum \u00f6zellikle ara\u00e7lar\u0131yla yollara d\u00fc\u015fecek tatilcilere b\u00fcy\u00fck s\u0131k\u0131nt\u0131lar do\u011furmas\u0131 bekleniyor. Tatilcilerin yaz s\u0131ca\u011f\u0131nda otobanlarda kilometrelerce uzun kuyruklar\u0131 ve s\u0131n\u0131rlarda saatlerce beklemeyi hesaba katmalar\u0131 gerekecek. Almanya\u2019da 16 eyaletteki ilk ve orta dereceli okullarda karneler 4 ile 30 Temmuz aras\u0131nda \u00f6\u011frencilere verilecek. Karnelerin verilmesiyle de tatil ba\u015flayacak.\u00a0<\/p>\n<p><strong>YOLLAR TIKANACAK<\/strong><\/p>\n<p><!--more--><\/p>\n<p>\u0130lk olarak Kuzey Ren Vestfalya (NRW) Eyaleti\u2019ndeki okullar tatile girecek. Eyaletteki t\u00fcm ilk ve orta dereceli okullarda e\u011fitim g\u00f6ren \u00f6\u011frenciler 4 Temmuz\u2019da karne alacak. \u00c7ocuklar\u0131 karne alanlar ayn\u0131 g\u00fcn izne \u00e7\u0131kacak. Cuma g\u00fcnleri yo\u011fun olan otobanlardaki trafik, 4 Temmuz\u2019da bu kez daha da s\u0131k\u0131\u015facak. Uzun kuyruklar olu\u015facak. Belki de kimi yerlerde durma noktas\u0131na gelecek. Trafikteki ara\u00e7 yo\u011funlu\u011fu kaza riskini de art\u0131racak. Almanya\u2019n\u0131n en kalabal\u0131k n\u00fcfuslu NRW eyaleti T\u00fcrklerin de en yo\u011fun ya\u015fad\u0131\u011f\u0131 b\u00f6lge.\u00a0<\/p>\n<p><strong>\u0130K\u0130 \u00dcLKEYE D\u0130KKAT<\/strong><\/p>\n<p>NRW\u2019den yola \u00e7\u0131kanlar, otoban kuyruklar\u0131ndan sonra bir de y\u0131\u011f\u0131lmalar nedeniyle s\u0131n\u0131r kap\u0131lar\u0131nda da uzun s\u00fcre beklemeyi hesaplamal\u0131. \u00d6zellikle Makedonya ile Bulgaristan\u2019a giri\u015fte en \u00e7ok s\u0131k\u0131nt\u0131lar\u0131n ya\u015fanaca\u011f\u0131 tahmin ediliyor. Bu iki \u00fclkedeki g\u00fcmr\u00fck g\u00f6revliler genelde yava\u015f \u00e7al\u0131\u015f\u0131yor. N\u00f6bet de\u011fi\u015fim zamanlar\u0131nda ise g\u00fcmr\u00fckteki i\u015flemler iyice durma noktas\u0131na geliyor. Avrupa\u2019dan T\u00fcrkiye\u2019ye her y\u0131l yaz aylar\u0131nda 200 bine yak\u0131n ara\u00e7 ve 800 bine yak\u0131n yolcu karayoluyla T\u00fcrkiye\u2019ye gitti\u011fi g\u00f6z \u00f6n\u00fcne al\u0131n\u0131rsa ya\u015fanacak s\u0131k\u0131\u015f\u0131kl\u0131\u011f\u0131 tahmin etmek zor de\u011fil.\u00a0<\/p>\n<p><strong>SIKINTI BEKL\u0130YOR<\/strong><\/p>\n<p>NRW\u2019den sonra, 8 Temmuz Sal\u0131 g\u00fcn\u00fc Berlin\u2019de tatil ba\u015fl\u0131yor. Ancak bir \u00e7ok tatilci \u00e7ocuklar\u0131n\u0131n Sal\u0131 g\u00fcn\u00fc karne almay\u0131 beklemeden, Cumartesi Pazar g\u00fcn\u00fcn\u00fc de kazanmak i\u00e7in 4 Temmuz Cuma\u2019dan yola \u00e7\u0131kacak. NRW ve Berlin\u2019den tatile \u00e7\u0131kanlar\u0131n yola Belgrad\u2019da birle\u015fecek. NRW\u2019liler H\u0131rvatistan \u00fczerinden klasik olarak bilinen S\u0131la Yolu\u2019ndan, Berlinliler de Macaristan \u00fczerinden S\u0131rbistan\u2019a giri\u015f yapacak. Bat\u0131dan ve kuzeyden gelen yollar Belgrad giri\u015finde birle\u015fince yeniden trafik s\u0131k\u0131\u015f\u0131kl\u0131\u011f\u0131 ya\u015fanacak. S\u0131k\u0131nt\u0131l\u0131 anlar burada tekrar ortaya \u00e7\u0131kacak.\u00a0<\/p>\n<p><strong>AY BOYUNCA DEVAM<\/strong><\/p>\n<p>NRW ve Berlin\u2019in tatile girmesiyle Temmuz ay\u0131n\u0131n ba\u015f\u0131nda ba\u015flayacak yollardaki s\u0131k\u0131\u015f\u0131kl\u0131k t\u00fcm ay boyunca kimi g\u00fcnler daha yo\u011fun, kimi g\u00fcnler ise daha d\u00fc\u015f\u00fck yo\u011funlukta s\u00fcrecek. Baz\u0131 eyaletlerin ayn\u0131 g\u00fcn tatile girmesi ise yollardaki s\u0131k\u0131\u015f\u0131kl\u0131\u011f\u0131 daha art\u0131racak. Temmuz ay\u0131ndaki ikinci b\u00fcy\u00fck yo\u011funluk Rheinland Phalz, Saarland ve Hessen Eyaletlerinde tatilin ba\u015flamas\u0131yla hissedilecek. \u00dc\u00e7 eyalette tatilciler 25 Temmuz Cuma g\u00fcn\u00fc yollara koyulacak. 30 Temmuz\u2019da bu kez Baden W\u00fcrttemberg, Bremen ve A\u015fa\u011f\u0131 Saksonya\u2019da izin ba\u015fl\u0131yor. \u00dc\u00e7 eyalet tatile \u00e7\u0131kt\u0131ktan sonra hem s\u0131k\u0131nt\u0131 sona erecek hem de Temmuz ay\u0131. \u00a0<\/p>\n<p><strong>Bu g\u00fcnlere dikkat edin<\/strong><\/p>\n<p>\u0130\u015eTE T\u00fcrk n\u00fcfusunun yo\u011fun oldu\u011fu eyaletlerde okullar\u0131n \u00a0tatile girece\u011fi g\u00fcnler:<\/p>\n<p>Kuzey Ren Vestfalya 4 Temmuz cuma, Berlin 8 Temmuz Sal\u0131, Hamburg 9 Temmuz \u00c7ar\u015famba, Schleswig Holstein 11 Temmuz Cuma, Rheinland Phalz, Saarland ve Hessen 25 Temmuz Cuma, Bavyera 29 Temmuz Sal\u0131, Baden W\u00fcrttemberg, Bremen ve A\u015fa\u011f\u0131 Saksonya 30 Temmuz \u00c7ar\u015famba.<\/p>\n","protected":false},"excerpt":{"rendered":"<p>\u00a0 Temmuz ay\u0131 tatilciler i\u00e7in dert ay\u0131 olacak. \u00dclkedeki ilk ve orta dereceli okullar t\u00fcm eyaletlerde Temmuz ay\u0131 i\u00e7inde tatile giriyor. Yollarda trafik t\u0131kanacak. Ge\u00e7ilecek s\u0131n\u0131r kap\u0131lar\u0131nda y\u0131\u011f\u0131lmalar olacak. ALMANYA\u2019da 16 eyaletteki t\u00fcm ilk ve orta dereceli okullar bu y\u0131l yaz tatiline Temmuz ay\u0131nda girecek. Temmuz ay\u0131 ara\u00e7lar\u0131yla yollara d\u00fc\u015fecek tatilciler i\u00e7in dert ay\u0131 olacak. [&hellip;]<\/p>\n","protected":false},"author":331,"featured_media":0,"comment_status":"open","ping_status":"open","sticky":false,"template":"","format":"standard","meta":{"advanced_seo_description":"","jetpack_seo_html_title":"","jetpack_seo_noindex":false,"ngg_post_thumbnail":0,"jetpack_post_was_ever_published":false,"_jetpack_newsletter_access":"","_jetpack_dont_email_post_to_subs":false,"_jetpack_newsletter_tier_id":0,"_jetpack_memberships_contains_paywalled_content":false,"_jetpack_memberships_contains_paid_content":false,"footnotes":""},"categories":[5],"tags":[],"class_list":["post-2293","post","type-post","status-publish","format-standard","hentry","category-haberler"],"jetpack_featured_media_url":"","jetpack_shortlink":"https:\/\/wp.me\/paHHlZ-AZ","jetpack-related-posts":[{"id":112,"url":"https:\/\/www.gocmeniz.biz\/?p=112","url_meta":{"origin":2293,"position":0},"title":"BGTuning&#8217;ten Duyuru | \u0130stanbul Drift Show","author":"Admin","date":"20 Haziran 2007","format":false,"excerpt":"Reyhan TUNCEL Bildiriyor; Bilet fiyatlar\u0131 15 YTL \u0130STANBUL CNR EXPO'DA M\u00dcTH\u0130\u015e SHOW T\u00fcm d\u00fcnyada b\u00fcy\u00fck bir izleyici kitlesine sahip \"drift\" ilk kez T\u00fcrkiye'ye geliyor. \u00dcnl\u00fc Alman drift pilotu Harry M\u00fcller taraf\u0131ndan 03-06 Temmuz 2007 tarihleri aras\u0131nda \u0130stanbul CNR EXPO Fuar Merkezi'nde CNR Holding kurulu\u015fu CNR EVENTS deste\u011fi ile ger\u00e7ekle\u015ftirilecek olan\u2026","rel":"","context":"&quot;Haberler&quot; i\u00e7inde","block_context":{"text":"Haberler","link":"https:\/\/www.gocmeniz.biz\/?cat=5"},"img":{"alt_text":"","src":"","width":0,"height":0},"classes":[]},{"id":115,"url":"https:\/\/www.gocmeniz.biz\/?p=115","url_meta":{"origin":2293,"position":1},"title":"Atat\u00fcrk Y\u00fcz\u00fcn\u00fc G\u00f6sterdi","author":"Admin","date":"29 Haziran 2007","format":false,"excerpt":"Ardahan'\u0131n Damal il\u00e7esinde Karada\u011f s\u0131rtlar\u0131na her y\u0131l yans\u0131yan Atat\u00fcrk sil\u00fceti bu y\u0131l da g\u00f6r\u00fcnmeye ba\u015fland\u0131. ARDAHAN - Damal il\u00e7esine ba\u011fl\u0131 Yukar\u0131 G\u00fcnde\u015f k\u00f6y\u00fc Karada\u011f s\u0131rtlar\u0131na her y\u0131l 15 Haziran-15 Temmuz tarihleri aras\u0131nda 17.55-18.10 saatlerinde izlenebilen Atat\u00fcrk sil\u00fcetini g\u00f6rmeye gelenler, bu do\u011fa mucizesi kar\u015f\u0131s\u0131nda \u015fa\u015fk\u0131nl\u0131klar\u0131n\u0131 gizleyemiyorlar. Sil\u00fceti izlemeye gelenler hat\u0131ra foto\u011fraf\u0131\u2026","rel":"","context":"&quot;Haberler&quot; i\u00e7inde","block_context":{"text":"Haberler","link":"https:\/\/www.gocmeniz.biz\/?cat=5"},"img":{"alt_text":"","src":"","width":0,"height":0},"classes":[]},{"id":1601,"url":"https:\/\/www.gocmeniz.biz\/?p=1601","url_meta":{"origin":2293,"position":2},"title":"Kap\u0131kule&#8217;den bir g\u00fcnde 47 bin ki\u015fi giri\u015f yapt\u0131","author":"Haberci","date":"28 Temmuz 2009","format":false,"excerpt":"YAZ izinlerini ge\u00e7irmek i\u00e7in Avrupa\u2019n\u0131n de\u011fi\u015fik \u00fclkelerinden yola koyulan i\u015f\u00e7ilerin yurda giri\u015fleri devam ediyor. Temmuz ay\u0131n\u0131n 26 g\u00fcnl\u00fck s\u00fcresinde Kap\u0131kule S\u0131n\u0131r Kap\u0131s\u0131\u2019n\u0131 kullanarak yurda 605 bin ki\u015fi giri\u015f yapt\u0131. Modernizasyon \u00e7al\u0131\u015fmalar\u0131n\u0131n tamamlanmas\u0131 ve giri\u015f \u00e7\u0131k\u0131\u015flarda ya\u015fanan rahatl\u0131\u011f\u0131n ard\u0131ndan, s\u0131n\u0131r kap\u0131s\u0131 tarihinde bir rekora imza at\u0131ld\u0131 ve Temmuz ay\u0131nda bir g\u00fcnde\u2026","rel":"","context":"&quot;Haberler&quot; i\u00e7inde","block_context":{"text":"Haberler","link":"https:\/\/www.gocmeniz.biz\/?cat=5"},"img":{"alt_text":"","src":"","width":0,"height":0},"classes":[]},{"id":1852,"url":"https:\/\/www.gocmeniz.biz\/?p=1852","url_meta":{"origin":2293,"position":3},"title":"Saatler 1 Saat Geri Al\u0131nacak","author":"Haberci","date":"24 Ekim 2009","format":false,"excerpt":"ANKARA (A.A) - 24.10.2009 - Yaz saati uygulamas\u0131 bu gece sona eriyor. Gece 04.00'de saatler 1 saat geri al\u0131nacak. 29 Mart 2009 tarihinde ba\u015flayan yaz saati (ileri saat) uygulamas\u0131, \u00e7al\u0131\u015fma saatlerinin g\u00fcn\u00fcn g\u00fcne\u015fli b\u00f6l\u00fcm\u00fcne al\u0131nmas\u0131 suretiyle, g\u00fcn \u0131\u015f\u0131\u011f\u0131ndan daha fazla yararlan\u0131lmas\u0131, elektrik enerjisinin ayd\u0131nlatmada kullan\u0131lan b\u00f6l\u00fcm\u00fcnden tasarruf sa\u011flanmas\u0131 amac\u0131yla yap\u0131l\u0131yor.\u2026","rel":"","context":"&quot;Haberler&quot; i\u00e7inde","block_context":{"text":"Haberler","link":"https:\/\/www.gocmeniz.biz\/?cat=5"},"img":{"alt_text":"","src":"","width":0,"height":0},"classes":[]},{"id":157,"url":"https:\/\/www.gocmeniz.biz\/?p=157","url_meta":{"origin":2293,"position":4},"title":"Bulgaristan\u2019da i\u015fsizlik oran\u0131 Avrupa normlar\u0131na yakla\u015ft\u0131","author":"Admin","date":"17 A\u011fustos 2007","format":false,"excerpt":"Bulgaristan \u0130stihdam Ajans\u0131, Temmuz ay\u0131 itibar\u0131yla \u00fclkede i\u015fsizlik oran\u0131n\u0131n y\u00fczde 7,25 ve temmuz 2006\u2019ya k\u0131yasla 1,71 puan d\u00fc\u015ft\u00fc\u011f\u00fcn\u00fc ve b\u00f6ylece Avrupa\u2019daki ortalama d\u00fczeye yakla\u015ft\u0131\u011f\u0131n\u0131 a\u00e7\u0131klad\u0131. \u0130\u015f bulma kurumlar\u0131nda Temmuz ay\u0131nda kay\u0131tlar yakla\u015f\u0131k 268 500\u2019ye kadar azald\u0131. Bir y\u0131l i\u00e7inde 63 bin azal\u0131yorlar. \u0130\u015fsizlerin toplam say\u0131s\u0131nda en b\u00fcy\u00fck pay\u0131 y\u00fczde 58,8\u2026","rel":"","context":"&quot;Haberler&quot; i\u00e7inde","block_context":{"text":"Haberler","link":"https:\/\/www.gocmeniz.biz\/?cat=5"},"img":{"alt_text":"","src":"","width":0,"height":0},"classes":[]},{"id":204,"url":"https:\/\/www.gocmeniz.biz\/?p=204","url_meta":{"origin":2293,"position":5},"title":"1 Temmuz 2008\u2019den itibaren emekli maa\u015flar\u0131na %9.5 zam","author":"Admin","date":"12 Kas\u0131m 2007","format":false,"excerpt":"Koalisyon h\u00fck\u00fcmetinin onaylad\u0131\u011f\u0131 2008 y\u0131l\u0131na ili\u015fkin b\u00fct\u00e7e tasar\u0131s\u0131nda e\u011fitim ve sa\u011fl\u0131k alanlar\u0131na a\u011f\u0131rl\u0131k verildi.\u00a0 E\u011fitim i\u00e7in ayr\u0131lan kaynaklar, GS\u0130H'n\u0131n %4.22'si olup, 470 milyon levayla artt\u0131r\u0131ld\u0131. Sa\u011fl\u0131k i\u00e7in \u00f6ng\u00f6r\u00fclen b\u00fct\u00e7e kaynaklar\u0131 da bu y\u0131la k\u0131yasla 350 milyon leva artt\u0131r\u0131ld\u0131. 2008 y\u0131l\u0131ndan GS\u0130H'n\u0131n %6.4 art\u0131\u015f kaydetmesi bekleniyor. Y\u0131l sonu itibar\u0131yla enflasyon oran\u0131n\u2026","rel":"","context":"&quot;Haberler&quot; i\u00e7inde","block_context":{"text":"Haberler","link":"https:\/\/www.gocmeniz.biz\/?cat=5"},"img":{"alt_text":"","src":"","width":0,"height":0},"classes":[]}],"jetpack_sharing_enabled":true,"jetpack_likes_enabled":true,"_links":{"self":[{"href":"https:\/\/www.gocmeniz.biz\/index.php?rest_route=\/wp\/v2\/posts\/2293","targetHints":{"allow":["GET"]}}],"collection":[{"href":"https:\/\/www.gocmeniz.biz\/index.php?rest_route=\/wp\/v2\/posts"}],"about":[{"href":"https:\/\/www.gocmeniz.biz\/index.php?rest_route=\/wp\/v2\/types\/post"}],"author":[{"embeddable":true,"href":"https:\/\/www.gocmeniz.biz\/index.php?rest_route=\/wp\/v2\/users\/331"}],"replies":[{"embeddable":true,"href":"https:\/\/www.gocmeniz.biz\/index.php?rest_route=%2Fwp%2Fv2%2Fcomments&post=2293"}],"version-history":[{"count":1,"href":"https:\/\/www.gocmeniz.biz\/index.php?rest_route=\/wp\/v2\/posts\/2293\/revisions"}],"predecessor-version":[{"id":8642,"href":"https:\/\/www.gocmeniz.biz\/index.php?rest_route=\/wp\/v2\/posts\/2293\/revisions\/8642"}],"wp:attachment":[{"href":"https:\/\/www.gocmeniz.biz\/index.php?rest_route=%2Fwp%2Fv2%2Fmedia&parent=2293"}],"wp:term":[{"taxonomy":"category","embeddable":true,"href":"https:\/\/www.gocmeniz.biz\/index.php?rest_route=%2Fwp%2Fv2%2Fcategories&post=2293"},{"taxonomy":"post_tag","embeddable":true,"href":"https:\/\/www.gocmeniz.biz\/index.php?rest_route=%2Fwp%2Fv2%2Ftags&post=2293"}],"curies":[{"name":"wp","href":"https:\/\/api.w.org\/{rel}","templated":true}]}}