{"id":2295,"date":"2014-06-27T19:05:56","date_gmt":"2014-06-27T16:05:56","guid":{"rendered":"http:\/\/www.gocmeniz.biz\/?p=2295"},"modified":"2026-04-03T12:25:36","modified_gmt":"2026-04-03T09:25:36","slug":"pilotun-kulagina-muzik-sesi-gelince-polis-radyosu-kapatildi","status":"publish","type":"post","link":"https:\/\/www.gocmeniz.biz\/?p=2295","title":{"rendered":"Pilotun kula\u011f\u0131na m\u00fczik sesi gelince Polis Radyosu kapat\u0131ld\u0131"},"content":{"rendered":"<p><a href=\"https:\/\/i0.wp.com\/img.hurriyet.com.tr\/_np\/1577\/24991577.jpg\"><img data-recalc-dims=\"1\"  title=\"\" loading=\"lazy\" decoding=\"async\" src=\"https:\/\/i0.wp.com\/img.hurriyet.com.tr\/_np\/1577\/24991577.jpg?resize=300%2C169\"  alt=\"24991577 Pilotun kula\u011f\u0131na m\u00fczik sesi gelince Polis Radyosu kapat\u0131ld\u0131\"  width=\"300\" height=\"169\" \/><\/a><\/p>\n<p><strong>Edirne Polis Radyosu&#8217;nun yay\u0131nlar\u0131na, frekans\u0131 baz\u0131 u\u00e7aklar\u0131n haberle\u015fme sistemini etkiledi\u011fi i\u00e7in ara verildi.<\/strong><\/p>\n<p>2007&#8217;de kurulan Polis Radyosu Edirne St\u00fcdyosu, 90,5 frekans\u0131ndan sabah ve \u00f6\u011fleden sonra iki\u015fer saat olmak \u00fczere g\u00fcnde 4 saat yay\u0131n yap\u0131yordu. Radyo, ilk kuruldu\u011funda, frekans g\u00fcc\u00fcn\u00fcn y\u00fcksekli\u011fi nedeniyle Bolu civar\u0131nda da dinlenebiliyordu. Yunan ve Bulgar makamlar\u0131n\u0131n, radyonun frekans\u0131n\u0131n kendi radyolar\u0131n\u0131 da etkiledi\u011fini belirtmesi \u00fczerine frekans\u0131n g\u00fcc\u00fc d\u00fc\u015f\u00fcr\u00fcld\u00fc, bir s\u00fcre sonra radyonun anteninde ar\u0131za olu\u015ftu.<\/p>\n<p>Bu arada, radyonun frekans\u0131n\u0131n, g\u00fcc\u00fc d\u00fc\u015f\u00fcr\u00fclmesine ra\u011fmen Edirne \u00fczerinden ge\u00e7en baz\u0131 u\u00e7aklar\u0131n haberle\u015fme sistemlerini etkiledi\u011fi tespit edildi. Radyo, Bilgi Teknolojileri ve \u0130leti\u015fim Kurumunun incelemesinin ard\u0131ndan 10 Nisan Polis G\u00fcn\u00fc&#8217;nde bir s\u00fcre mikrofonunu kapatt\u0131.<\/p>\n<p>Yeni cihazlar\u0131n al\u0131nmas\u0131 ve anten sisteminin yenilenmesinin ard\u0131ndan radyo yeniden yay\u0131na ba\u015flayacak. T\u00fcrkiye&#8217;de st\u00fcdyosu bulunan 21 polis radyosu da T\u00fcrkiye Polis Radyosu&#8217;na katk\u0131da bulunabiliyor.<\/p>\n","protected":false},"excerpt":{"rendered":"<p>Edirne Polis Radyosu&#8217;nun yay\u0131nlar\u0131na, frekans\u0131 baz\u0131 u\u00e7aklar\u0131n haberle\u015fme sistemini etkiledi\u011fi i\u00e7in ara verildi. 2007&#8217;de kurulan Polis Radyosu Edirne St\u00fcdyosu, 90,5 frekans\u0131ndan sabah ve \u00f6\u011fleden sonra iki\u015fer saat olmak \u00fczere g\u00fcnde 4 saat yay\u0131n yap\u0131yordu. Radyo, ilk kuruldu\u011funda, frekans g\u00fcc\u00fcn\u00fcn y\u00fcksekli\u011fi nedeniyle Bolu civar\u0131nda da dinlenebiliyordu. Yunan ve Bulgar makamlar\u0131n\u0131n, radyonun frekans\u0131n\u0131n kendi radyolar\u0131n\u0131 da etkiledi\u011fini [&hellip;]<\/p>\n","protected":false},"author":331,"featured_media":0,"comment_status":"open","ping_status":"open","sticky":false,"template":"","format":"standard","meta":{"advanced_seo_description":"","jetpack_seo_html_title":"","jetpack_seo_noindex":false,"ngg_post_thumbnail":0,"jetpack_post_was_ever_published":false,"_jetpack_newsletter_access":"","_jetpack_dont_email_post_to_subs":false,"_jetpack_newsletter_tier_id":0,"_jetpack_memberships_contains_paywalled_content":false,"_jetpack_memberships_contains_paid_content":false,"footnotes":""},"categories":[5],"tags":[492,491,493,494,495],"class_list":["post-2295","post","type-post","status-publish","format-standard","hentry","category-haberler","tag-muzik-2","tag-pilot","tag-polis","tag-polis-radyosu","tag-ucak"],"jetpack_featured_media_url":"","jetpack_shortlink":"https:\/\/wp.me\/paHHlZ-B1","jetpack-related-posts":[{"id":791,"url":"https:\/\/www.gocmeniz.biz\/?p=791","url_meta":{"origin":2295,"position":0},"title":"Bulgaristan Devlet Radyosu kurlu\u015funun 74. y\u0131l\u0131n\u0131 kutluyor","author":"Haberci","date":"26 Ocak 2009","format":false,"excerpt":"Bulgaristan\u2019da devlet radyosu ba\u015flad\u0131\u011f\u0131 tarihin \u00fczerinden 74 y\u0131l ge\u00e7ti. Radyo kurlu\u015funun 74. y\u0131l\u0131n\u0131 kutluyor.25 Ocak 1935 y\u0131l\u0131nda \u00c7ar III. Boris\u2019in genelgesiyle, Bulgairstan\u2019da radyo yay\u0131nlar\u0131 devletle\u015ftirilir. O tarihe kadar Sofya\u2019da \u201cRodno radio\u201d adl\u0131 bir radyo istasyonu programlar yapmaktd\u0131r. Bu yay\u0131nlara \u00fclkenin \u00f6nde gelen ayd\u0131nlar\u0131 kat\u0131l\u0131r. Ayn\u0131 zamanda Varna ve Stara Zagora\u2019da\u2026","rel":"","context":"&quot;Haberler&quot; i\u00e7inde","block_context":{"text":"Haberler","link":"https:\/\/www.gocmeniz.biz\/?cat=5"},"img":{"alt_text":"","src":"","width":0,"height":0},"classes":[]},{"id":2618,"url":"https:\/\/www.gocmeniz.biz\/?p=2618","url_meta":{"origin":2295,"position":1},"title":"72 Y\u0131ld\u0131r Bulgaristan&#8217;daki T\u00fcrklerin Sesi Oldu","author":"Haberci","date":"15 \u015eubat 2019","format":false,"excerpt":"Bulgaristan Ulusal Radyosu (BNR) T\u00fcrk\u00e7e Yay\u0131nlar Edit\u00f6rl\u00fc\u011f\u00fc, 72 y\u0131ld\u0131r \u00fclkedeki T\u00fcrkleri ilgilendiren konularda yay\u0131nlar ger\u00e7ekle\u015ftiriyor. Ulusal Radyo T\u00fcrk\u00e7e Yay\u0131nlar\u0131 Edit\u00f6rl\u00fc\u011f\u00fc, 13 \u015eubat D\u00fcnya Radyo G\u00fcn\u00fc kapsam\u0131nda 72 y\u0131ll\u0131k yay\u0131n hayat\u0131n\u0131 kutluyor. BNR T\u00fcrk\u00e7e Yay\u0131nlar\u0131 Edit\u00f6rl\u00fc\u011f\u00fc \u00e7al\u0131\u015fanlar\u0131, 13 \u015eubat D\u00fcnya Radyo G\u00fcn\u00fc vesilesiyle T\u00fcrk Bulgar Kad\u0131nlar\u0131 Dostluk Derne\u011fi (TUBUKADD) \u00fcyeleriyle bir\u2026","rel":"","context":"&quot;Haberler&quot; i\u00e7inde","block_context":{"text":"Haberler","link":"https:\/\/www.gocmeniz.biz\/?cat=5"},"img":{"alt_text":"","src":"https:\/\/i0.wp.com\/www.gocmeniz.biz\/wp-content\/bnr.jpg?fit=645%2C423&ssl=1&resize=350%2C200","width":350,"height":200,"srcset":"https:\/\/i0.wp.com\/www.gocmeniz.biz\/wp-content\/bnr.jpg?fit=645%2C423&ssl=1&resize=350%2C200 1x, https:\/\/i0.wp.com\/www.gocmeniz.biz\/wp-content\/bnr.jpg?fit=645%2C423&ssl=1&resize=525%2C300 1.5x"},"classes":[]},{"id":1983,"url":"https:\/\/www.gocmeniz.biz\/?p=1983","url_meta":{"origin":2295,"position":2},"title":"Edirne&#8217;de sel alarm\u0131","author":"Haberci","date":"21 Aral\u0131k 2009","format":false,"excerpt":"Bulgaristan a\u015f\u0131r\u0131 ya\u011f\u0131\u015flar nedeniyle baraj kapaklar\u0131n\u0131 a\u00e7\u0131nca Edirne''de ta\u015fk\u0131n alarm\u0131 verildi. Polis ve belediye ekipleri, debi oran\u0131n\u0131n y\u00fckseldi\u011fi k\u00f6pr\u00fcleri ara\u00e7 trafi\u011fine kapatt\u0131 ve \u00e7evrede ya\u015fayanlar\u0131 uyard\u0131.Edirne''de g\u00fcn boyu ya\u011fan ya\u011fmur ya\u011f\u0131\u015f\u0131n\u0131n ard\u0131ndan Bulgaristan''da saat 23.30 s\u0131ralar\u0131nda baraj kapaklar\u0131n a\u00e7t\u0131\u011f\u0131n\u0131 Edirne''deki yetkililere bildirince ta\u015fk\u0131n alarm\u0131 verildi. Tunca nehrinin her ge\u00e7en dakika\u2026","rel":"","context":"&quot;Haberler&quot; i\u00e7inde","block_context":{"text":"Haberler","link":"https:\/\/www.gocmeniz.biz\/?cat=5"},"img":{"alt_text":"","src":"","width":0,"height":0},"classes":[]},{"id":2199,"url":"https:\/\/www.gocmeniz.biz\/?p=2199","url_meta":{"origin":2295,"position":3},"title":"Irk\u00e7\u0131 liderden T\u00fcrk milletvekiline yumruk","author":"Haberci","date":"23 May\u0131s 2011","format":false,"excerpt":"Bulgaristan'da ge\u00e7en hafta bir camide namaz k\u0131lanlara d\u00fczenlenen sald\u0131r\u0131lar nedeniyle kapat\u0131lmas\u0131 g\u00fcndemde olan \u0131rk\u00e7\u0131 ATAKA partisinin lideri Volen Siderov, d\u00fcn de bir radyo program\u0131nda T\u00fcrk milletvekili Kurman \u0130smailov'a sald\u0131rd\u0131. Sofya'daki Banya Ba\u015f\u0131 Camisi'nde ge\u00e7en Cuma g\u00fcn\u00fc namaz k\u0131lanlara y\u00f6nelik sald\u0131r\u0131n\u0131n ele al\u0131nd\u0131\u011f\u0131 BNR radyosundaki tart\u0131\u015fma s\u0131ras\u0131nda, ATAKA lideri Siderov, Haklar\u2026","rel":"","context":"&quot;Haberler&quot; i\u00e7inde","block_context":{"text":"Haberler","link":"https:\/\/www.gocmeniz.biz\/?cat=5"},"img":{"alt_text":"","src":"","width":0,"height":0},"classes":[]},{"id":527,"url":"https:\/\/www.gocmeniz.biz\/?p=527","url_meta":{"origin":2295,"position":4},"title":"BTA&#8217;NIN 4&#8217;\u00dc ESK\u0130 GENEL M\u00dcD\u00dcR, 20 GAZETEC\u0130S\u0130 AJAN \u00c7IKTI","author":"Haberci","date":"09 Ekim 2008","format":false,"excerpt":"Bulgaristan'\u0131n resmi haber ajans\u0131 BTA'da 4'\u00fc eski genel m\u00fcd\u00fcr olmak \u00fczere, 20 gazetecinin kom\u00fcnizm d\u00f6nemindeki siyasi polisinin ajan\u0131 oldu\u011fu ortaya \u00e7\u0131kt\u0131.Bulgaristan parlamentosuna ba\u011fl\u0131 \u00e7al\u0131\u015fan komisyon, 1989 y\u0131l\u0131nda sona eren kom\u00fcnizm d\u00f6neminde \"DS\" k\u0131sa ad\u0131yla bilinen siyasi polis ajanlar\u0131n\u0131 ara\u015ft\u0131r\u0131p vard\u0131\u011f\u0131 sonu\u00e7lar\u0131 a\u00e7\u0131klad\u0131. Buna g\u00f6re BTA'n\u0131n eski genel m\u00fcd\u00fcrlerinden Boyan Traykov,\u2026","rel":"","context":"&quot;Haberler&quot; i\u00e7inde","block_context":{"text":"Haberler","link":"https:\/\/www.gocmeniz.biz\/?cat=5"},"img":{"alt_text":"","src":"","width":0,"height":0},"classes":[]},{"id":1004,"url":"https:\/\/www.gocmeniz.biz\/?p=1004","url_meta":{"origin":2295,"position":5},"title":"Polis \u00fcniformal\u0131 soygun","author":"Haberci","date":"03 Nisan 2009","format":false,"excerpt":"Bulgaristan'\u0131n ba\u015fkenti Sofya'da polis \u00fcniformal\u0131 soyguncular\u0131n bir banka \u015fubesindeki emanet kasalar\u0131n\u0131 soydu\u011fu bildirildi.\u0130\u00e7i\u015fleri Bakanl\u0131\u011f\u0131 Bas\u0131n Merkezinin a\u00e7\u0131klamas\u0131na g\u00f6re, kapan\u0131\u015f saatinde polis \u00fcniformal\u0131 iki ki\u015fi banka \u015fubesine gelerek koruma g\u00f6revlilerine g\u00fcvenlik sistemini kontrol edeceklerini s\u00f6yledi. M\u00fc\u015fterilere ait emanet kasalar\u0131n\u0131n bulundu\u011fu b\u00f6l\u00fcme giren soyguncular, burada silah tehdidiyle koruma g\u00f6revlilerini etkisiz hale getirdi.\u2026","rel":"","context":"&quot;Haberler&quot; i\u00e7inde","block_context":{"text":"Haberler","link":"https:\/\/www.gocmeniz.biz\/?cat=5"},"img":{"alt_text":"","src":"","width":0,"height":0},"classes":[]}],"jetpack_sharing_enabled":true,"jetpack_likes_enabled":true,"_links":{"self":[{"href":"https:\/\/www.gocmeniz.biz\/index.php?rest_route=\/wp\/v2\/posts\/2295","targetHints":{"allow":["GET"]}}],"collection":[{"href":"https:\/\/www.gocmeniz.biz\/index.php?rest_route=\/wp\/v2\/posts"}],"about":[{"href":"https:\/\/www.gocmeniz.biz\/index.php?rest_route=\/wp\/v2\/types\/post"}],"author":[{"embeddable":true,"href":"https:\/\/www.gocmeniz.biz\/index.php?rest_route=\/wp\/v2\/users\/331"}],"replies":[{"embeddable":true,"href":"https:\/\/www.gocmeniz.biz\/index.php?rest_route=%2Fwp%2Fv2%2Fcomments&post=2295"}],"version-history":[{"count":1,"href":"https:\/\/www.gocmeniz.biz\/index.php?rest_route=\/wp\/v2\/posts\/2295\/revisions"}],"predecessor-version":[{"id":8888,"href":"https:\/\/www.gocmeniz.biz\/index.php?rest_route=\/wp\/v2\/posts\/2295\/revisions\/8888"}],"wp:attachment":[{"href":"https:\/\/www.gocmeniz.biz\/index.php?rest_route=%2Fwp%2Fv2%2Fmedia&parent=2295"}],"wp:term":[{"taxonomy":"category","embeddable":true,"href":"https:\/\/www.gocmeniz.biz\/index.php?rest_route=%2Fwp%2Fv2%2Fcategories&post=2295"},{"taxonomy":"post_tag","embeddable":true,"href":"https:\/\/www.gocmeniz.biz\/index.php?rest_route=%2Fwp%2Fv2%2Ftags&post=2295"}],"curies":[{"name":"wp","href":"https:\/\/api.w.org\/{rel}","templated":true}]}}