{"id":2342,"date":"2015-08-12T11:19:25","date_gmt":"2015-08-12T08:19:25","guid":{"rendered":"http:\/\/www.gocmeniz.biz\/?p=2342"},"modified":"2026-04-03T12:10:48","modified_gmt":"2026-04-03T09:10:48","slug":"bulgaristanda-tren-kazasi","status":"publish","type":"post","link":"https:\/\/www.gocmeniz.biz\/?p=2342","title":{"rendered":"Bulgaristan&#8217;da Tren Kazas\u0131"},"content":{"rendered":"<p class=\"ustblkgenislet2 spot \"><strong>Bulgaristan&#8217;\u0131n Filibe (Plovdiv) kentinde Sofya&#8217;dan \u0130stanbul&#8217;a gitmekte olan bir yolcu treni ile lokomotifin \u00e7arp\u0131\u015fmas\u0131 sonucu kaza meydana geldi.<\/strong><\/p>\n<p><iframe loading=\"lazy\" title=\"Bulgaristan&#039;da tren kazas\u0131\" frameborder=\"0\" width=\"640\" height=\"362\" src=\"https:\/\/geo.dailymotion.com\/player.html?video=x31661k&#038;\" allowfullscreen allow=\"autoplay; fullscreen; picture-in-picture; web-share\"><\/iframe><\/p>\n<p><img data-recalc-dims=\"1\"  title=\"\" decoding=\"async\" class=\" alignleft\" src=\"https:\/\/i0.wp.com\/img.haberler.com\/haber\/324\/bulgaristan-da-tren-kazasi-7587324_x_300.jpg?w=640\"  alt=\"bulgaristan-da-tren-kazasi-7587324_x_300 Bulgaristan&#039;da Tren Kazas\u0131\" >Aralar\u0131nda Alman, \u0130spanyol ve Portekizli yolcular\u0131n bulundu\u011fu dokuz ki\u015fi yaraland\u0131. Kazan\u0131n ard\u0131ndan 60 yolcu otob\u00fcslerle Kap\u0131kule S\u0131n\u0131r Kap\u0131s\u0131&#8217;na g\u00f6t\u00fcr\u00fcld\u00fc.<\/p>\n<p>Yazar: <a href=\"http:\/\/ads.haberler.com\/redir.asp?tur=habericilink&amp;url=http:\/\/www.dailymotion.com\/euronews-tr\"><img loading=\"lazy\" decoding=\"async\" class=\"\"  title=\"\"  src=\"http:\/\/rss.haberler.com\/partner\/RssImage.aspx?img=http:\/\/s2.dmcdn.net\/D3v3s\/80x80-uEu.png&amp;width=600&amp;quality=100\"  alt=\"80x80-uEu Bulgaristan&#039;da Tren Kazas\u0131\"  width=\"52\" height=\"52\"><\/a><\/p>\n<p>&nbsp;<\/p>\n","protected":false},"excerpt":{"rendered":"<p>Bulgaristan&#8217;\u0131n Filibe (Plovdiv) kentinde Sofya&#8217;dan \u0130stanbul&#8217;a gitmekte olan bir yolcu treni ile lokomotifin \u00e7arp\u0131\u015fmas\u0131 sonucu kaza meydana geldi. Aralar\u0131nda Alman, \u0130spanyol ve Portekizli yolcular\u0131n bulundu\u011fu dokuz ki\u015fi yaraland\u0131. Kazan\u0131n ard\u0131ndan 60 yolcu otob\u00fcslerle Kap\u0131kule S\u0131n\u0131r Kap\u0131s\u0131&#8217;na g\u00f6t\u00fcr\u00fcld\u00fc. Yazar: &nbsp;<\/p>\n","protected":false},"author":331,"featured_media":2503,"comment_status":"open","ping_status":"open","sticky":false,"template":"","format":"standard","meta":{"advanced_seo_description":"","jetpack_seo_html_title":"","jetpack_seo_noindex":false,"ngg_post_thumbnail":0,"jetpack_post_was_ever_published":false,"_jetpack_newsletter_access":"","_jetpack_dont_email_post_to_subs":false,"_jetpack_newsletter_tier_id":0,"_jetpack_memberships_contains_paywalled_content":false,"_jetpack_memberships_contains_paid_content":false,"footnotes":""},"categories":[5],"tags":[518,517,511,514,515,512,513,516],"class_list":["post-2342","post","type-post","status-publish","format-standard","has-post-thumbnail","hentry","category-haberler","tag-bulgaristan","tag-bulgaristanda","tag-demiryolu","tag-kaza","tag-kazasi","tag-tasimaciligi","tag-tren","tag-tren-kazasi"],"jetpack_featured_media_url":"https:\/\/i0.wp.com\/www.gocmeniz.biz\/wp-content\/bulgaristan-da-tren-kazasi-7587324_x_300.jpg?fit=292%2C165&ssl=1","jetpack_shortlink":"https:\/\/wp.me\/paHHlZ-BM","jetpack-related-posts":[{"id":1281,"url":"https:\/\/www.gocmeniz.biz\/?p=1281","url_meta":{"origin":2342,"position":0},"title":"Otob\u00fcs halk\u0131n aras\u0131na dald\u0131: 16 \u00f6l\u00fc","author":"Haberci","date":"28 May\u0131s 2009","format":false,"excerpt":"Bulgaristan'\u0131n Yambol kenti yak\u0131nlar\u0131nda meydana gelen trafik kazas\u0131nda 16 ki\u015fi hayat\u0131n\u0131 kaybetti, 15 ki\u015fi yaraland\u0131. \u0130\u00e7i\u015fleri Bakanl\u0131\u011f\u0131ndan edinilen bilgiye g\u00f6re, bir yolcu otob\u00fcs\u00fc, Yambol yak\u0131nlar\u0131ndaki Bak\u0131rcik tepesinde s\u00fcr\u00fcc\u00fcn\u00fcn direksiyon hakimiyetini kaybetmesi \u00fczerine yoldan \u00e7\u0131karak, \u00f6nce bir a\u011faca \u00e7arpt\u0131, daha sonra da dini bir \u015fenlik i\u00e7in toplanm\u0131\u015f bulunan kalabal\u0131\u011f\u0131n \u00fczerine devrildi.\u2026","rel":"","context":"&quot;Haberler&quot; i\u00e7inde","block_context":{"text":"Haberler","link":"https:\/\/www.gocmeniz.biz\/?cat=5"},"img":{"alt_text":"","src":"https:\/\/i0.wp.com\/www.ensonhaber.com\/images\/news\/171937.jpg?resize=350%2C200","width":350,"height":200},"classes":[]},{"id":1482,"url":"https:\/\/www.gocmeniz.biz\/?p=1482","url_meta":{"origin":2342,"position":1},"title":"Bulgaristan&#8217;daki Kazada 7 T\u00fcrk Hayat\u0131n\u0131 Kaybetti","author":"Haberci","date":"04 Temmuz 2009","format":false,"excerpt":"Bulgaristan'\u0131n g\u00fcneyinde meydana gelen trafik kazas\u0131nda biri \u00e7ocuk toplam 7 T\u00fcrk hayat\u0131n\u0131 kaybetti.T\u00fcrkleri ta\u015f\u0131yan otob\u00fcs, S\u0131rplara ait bir minib\u00fcs ile \u00e7arp\u0131\u015ft\u0131. T\u00fcrkleri ta\u015f\u0131yan otob\u00fcs\u00fcn s\u00fcr\u00fcc\u00fc ise kazadan yaral\u0131 olarak kurtuldu. Kaza, T\u00fcrkiye s\u0131n\u0131r\u0131na yak\u0131n Svilengrad kenti yak\u0131nlar\u0131nda meydana geldi.Bulgar polisi, otob\u00fcsteki T\u00fcrklerin Almanya'da \u00e7al\u0131\u015ft\u0131\u011f\u0131n\u0131 ve T\u00fcrkiye'ye do\u011fru gitmekte oldu\u011funu s\u00f6yledi.\u2026","rel":"","context":"&quot;Haberler&quot; i\u00e7inde","block_context":{"text":"Haberler","link":"https:\/\/www.gocmeniz.biz\/?cat=5"},"img":{"alt_text":"","src":"","width":0,"height":0},"classes":[]},{"id":1345,"url":"https:\/\/www.gocmeniz.biz\/?p=1345","url_meta":{"origin":2342,"position":2},"title":"G\u00f6k\u00e7eada`da trafik kazas\u0131","author":"Haberci","date":"10 Haziran 2009","format":false,"excerpt":"G\u00f6k\u00e7eada`ya tatil i\u00e7in gelen Suriye uyruklu M. T. (26) ile Bulgaristan uyruklu E. K. (23) il\u00e7e merkezinde trafik kazas\u0131 ge\u00e7irdi. G\u00f6k\u00e7eada Devlet Hastanesi`ne kald\u0131r\u0131lan \u00f6\u011frenciler, burada yap\u0131lan ilk m\u00fcdahaleden sonra ``Sa\u011fl\u0131k-11`` adl\u0131 ambulans botla \u00c7anakkale`ye sevk edildi. \u00c7anakkale Yat Liman\u0131`nda bekleyen sa\u011fl\u0131k ekibi taraf\u0131ndan kar\u015f\u0131lanan \u00f6\u011frenciler, \u00c7anakkale Devlet Hastanesi`nde tedavi\u2026","rel":"","context":"&quot;Haberler&quot; i\u00e7inde","block_context":{"text":"Haberler","link":"https:\/\/www.gocmeniz.biz\/?cat=5"},"img":{"alt_text":"","src":"","width":0,"height":0},"classes":[]},{"id":888,"url":"https:\/\/www.gocmeniz.biz\/?p=888","url_meta":{"origin":2342,"position":3},"title":"Bulgaristan&#8217;da T\u00fcrk yolcu otob\u00fcs\u00fc kaza yapt\u0131: 6 \u00f6l\u00fc","author":"Haberci","date":"08 Mart 2009","format":false,"excerpt":"Bulgaristan'\u0131n Eski Za\u011fara kenti b\u00f6lgesinde T\u00fcrk plakal\u0131 bir yolcu otob\u00fcs\u00fcn\u00fcn yapt\u0131\u011f\u0131 kazada 6 ki\u015fi hayat\u0131n\u0131 kaybetti.\"Focus\" ajans\u0131n\u0131n haberine g\u00f6re, B\u00fckre\u015f-\u0130stanbul seferini yapan T\u00fcrk plakal\u0131 yolcu otob\u00fcs\u00fc, d\u00fcn ak\u015fam Eski Za\u011fra kenti yak\u0131nlar\u0131nda kontrolden \u00e7\u0131karak takla att\u0131 ve kar\u015f\u0131 y\u00f6nden gelen otomobilin \u00fczerine d\u00fc\u015ft\u00fc. Kazada otob\u00fcs yolcular\u0131ndan iki Rumen kad\u0131n ile\u2026","rel":"","context":"&quot;Haberler&quot; i\u00e7inde","block_context":{"text":"Haberler","link":"https:\/\/www.gocmeniz.biz\/?cat=5"},"img":{"alt_text":"","src":"","width":0,"height":0},"classes":[]},{"id":1781,"url":"https:\/\/www.gocmeniz.biz\/?p=1781","url_meta":{"origin":2342,"position":4},"title":"Madonna 15 ki\u015fiyi \u00f6ld\u00fcrd\u00fc iddias\u0131","author":"Haberci","date":"07 Eyl\u00fcl 2009","format":false,"excerpt":"Ohri G\u00f6l\u00fc`nde tur gemisi batt\u0131... \u00c7o\u011fu Bulgar 15 turist \u00f6ld\u00fc. Makedonya Ula\u015ft\u0131rma Bakan\u0131 istifa etti.. Ancak baz\u0131 \u00e7evrelere g\u00f6re facian\u0131n as\u0131l sorumlusu Madonna Makedonya`n\u0131n Ohri G\u00f6l\u00fc`nde bir turist teknesi batt\u0131. Olay sonucu \u00e7o\u011fu Bulgar 15 ki\u015fi hayat\u0131n\u0131 kaybetti. G\u00f6z g\u00f6re g\u00f6re gelen facia Makedonya Ula\u015ft\u0131rma ve \u0130leti\u015fim Bakan\u0131n\u0131 istifa ettirdi.\u2026","rel":"","context":"&quot;Haberler&quot; i\u00e7inde","block_context":{"text":"Haberler","link":"https:\/\/www.gocmeniz.biz\/?cat=5"},"img":{"alt_text":"","src":"","width":0,"height":0},"classes":[]},{"id":1784,"url":"https:\/\/www.gocmeniz.biz\/?p=1784","url_meta":{"origin":2342,"position":5},"title":"Gelibolu&#8217;da Trafik Kazas\u0131: 4 Yaral\u0131","author":"Haberci","date":"07 Eyl\u00fcl 2009","format":false,"excerpt":"\u00c7anakkale'nin Gelibolu il\u00e7esi Burhanl\u0131 mevkiinde meydana gelen trafik kazas\u0131nda 4 ki\u015fi yaraland\u0131.Edinilen bilgiye g\u00f6re B-0850 KB plakal\u0131 arac\u0131 ile Bulgaristan'dan G\u00f6k\u00e7eada'ya giden Milodem Nikolov,(36) Burhanl\u0131 yak\u0131nlar\u0131nda yolun ya\u011f\u0131\u015fl\u0131 olmas\u0131 nedeni ile direksiyon hakimiyetini kaybederek kar\u015f\u0131 y\u00f6nden gelen Fahrettin \u00d6zger (60) idaresindeki 06 ET 2722 plakal\u0131 ara\u00e7la \u00e7arp\u0131\u015ft\u0131. Kazada Fahrettin \u00d6zger\u2026","rel":"","context":"&quot;Haberler&quot; i\u00e7inde","block_context":{"text":"Haberler","link":"https:\/\/www.gocmeniz.biz\/?cat=5"},"img":{"alt_text":"","src":"","width":0,"height":0},"classes":[]}],"jetpack_sharing_enabled":true,"jetpack_likes_enabled":true,"_links":{"self":[{"href":"https:\/\/www.gocmeniz.biz\/index.php?rest_route=\/wp\/v2\/posts\/2342","targetHints":{"allow":["GET"]}}],"collection":[{"href":"https:\/\/www.gocmeniz.biz\/index.php?rest_route=\/wp\/v2\/posts"}],"about":[{"href":"https:\/\/www.gocmeniz.biz\/index.php?rest_route=\/wp\/v2\/types\/post"}],"author":[{"embeddable":true,"href":"https:\/\/www.gocmeniz.biz\/index.php?rest_route=\/wp\/v2\/users\/331"}],"replies":[{"embeddable":true,"href":"https:\/\/www.gocmeniz.biz\/index.php?rest_route=%2Fwp%2Fv2%2Fcomments&post=2342"}],"version-history":[{"count":1,"href":"https:\/\/www.gocmeniz.biz\/index.php?rest_route=\/wp\/v2\/posts\/2342\/revisions"}],"predecessor-version":[{"id":8589,"href":"https:\/\/www.gocmeniz.biz\/index.php?rest_route=\/wp\/v2\/posts\/2342\/revisions\/8589"}],"wp:featuredmedia":[{"embeddable":true,"href":"https:\/\/www.gocmeniz.biz\/index.php?rest_route=\/wp\/v2\/media\/2503"}],"wp:attachment":[{"href":"https:\/\/www.gocmeniz.biz\/index.php?rest_route=%2Fwp%2Fv2%2Fmedia&parent=2342"}],"wp:term":[{"taxonomy":"category","embeddable":true,"href":"https:\/\/www.gocmeniz.biz\/index.php?rest_route=%2Fwp%2Fv2%2Fcategories&post=2342"},{"taxonomy":"post_tag","embeddable":true,"href":"https:\/\/www.gocmeniz.biz\/index.php?rest_route=%2Fwp%2Fv2%2Ftags&post=2342"}],"curies":[{"name":"wp","href":"https:\/\/api.w.org\/{rel}","templated":true}]}}