{"id":2345,"date":"2015-08-12T13:40:03","date_gmt":"2015-08-12T10:40:03","guid":{"rendered":"http:\/\/www.gocmeniz.biz\/?p=2345"},"modified":"2026-04-03T12:10:48","modified_gmt":"2026-04-03T09:10:48","slug":"5-ulkeden-84-ogretmen-turkiyede","status":"publish","type":"post","link":"https:\/\/www.gocmeniz.biz\/?p=2345","title":{"rendered":"5 \u00dclkeden 84 \u00d6\u011fretmen T\u00fcrkiye&#8217;de"},"content":{"rendered":"<p><img data-recalc-dims=\"1\"  title=\"\" loading=\"lazy\" decoding=\"async\" class=\" aligncenter\" src=\"https:\/\/i0.wp.com\/img.haberler.com\/haber\/344\/5-ulkeden-84-ogretmen-turkiye-de-7588344_x_o.jpg?resize=430%2C242\"  alt=\"5-ulkeden-84-ogretmen-turkiye-de-7588344_x_o 5 \u00dclkeden 84 \u00d6\u011fretmen T\u00fcrkiye&#039;de\"  width=\"430\" height=\"242\"><\/p>\n<p><strong>Ba\u015fbakanl\u0131k Yurtd\u0131\u015f\u0131 T\u00fcrkler ve Akraba Topluluklar Ba\u015fkanl\u0131\u011f\u0131 ve Edirne Milli E\u011fitim M\u00fcd\u00fcrl\u00fc\u011f\u00fc i\u015fbirli\u011fi ile 5 farkl\u0131 \u00fclkeden soyda\u015f \u00f6\u011fretmenlere &#8220;T\u00fcrk\u00e7e At\u00f6lyesi Projesi&#8221; kapsam\u0131nda T\u00fcrk\u00e7e e\u011fitim verilecek.<\/strong><\/p>\n<p>Ba\u015fbakanl\u0131k Yurtd\u0131\u015f\u0131 T\u00fcrkler ve Akraba Topluluklar Ba\u015fkanl\u0131\u011f\u0131 (YTB)&#8217;nin geli\u015ftirdi\u011fi &#8220;T\u00fcrk\u00e7e At\u00f6lyesi Projesi&#8221; ile 5 farkl\u0131 \u00fclkede bulunan soyda\u015f \u00f6\u011fretmene Edirne&#8217;de T\u00fcrk\u00e7e e\u011fitimi veriliyor. Bu y\u0131l ikincisi d\u00fczenlenen projeye Yunanistan&#8217;dan 6, Bulgaristan&#8217;dan 40,Kosova&#8217;dan 14, Moldova&#8217;dan (Gagavuz Yeri)18, Makedonya&#8217;dan 6 olmak \u00fczere Toplam 84 \u00f6\u011fretmen kat\u0131l\u0131yor.<\/p>\n<p><strong>30 SAAT E\u011e\u0130T\u0130M<\/strong><\/p>\n<p>YTB projeyle T\u00fcrk\u00e7e \u00f6\u011fretimine ait temel prensip ve teknikleri uygulamada birlik sa\u011flamay\u0131 ama\u00e7larken, k\u00fclt\u00fcrel etkile\u015fimi art\u0131racak g\u00f6rsel ve i\u015fitsel materyalleri de haz\u0131rl\u0131yor. Balkanlarda i\u015fbirli\u011fi ve ileti\u015fimi g\u00fc\u00e7lendirmeyi hedefleyen YTB, soyda\u015f \u00f6\u011fretmenlere sosyal, k\u00fclt\u00fcrel, akademik ve mesleki kapasitelerini art\u0131r\u0131c\u0131 farkl\u0131 alanlarda ders verecek. Edirne Milli E\u011fitim M\u00fcd\u00fcrl\u00fc\u011f\u00fc ile birlikte hayata ge\u00e7irilen proje kapsam\u0131nda soyda\u015f \u00f6\u011fretmenler 16 saat okuma-yazma \u00f6\u011fretimi ve materyal geli\u015ftirme, 6 saat diksiyon, 6 saat \u00f6\u011fretim y\u00f6ntem teknikleri ve drama, 2 saat m\u00fczik olmak \u00fczere toplam 30 saat e\u011fitim alacak.<\/p>\n<p><strong>\u00c7ANAKKALE \u015eEH\u0130TL\u0130\u011e\u0130 Z\u0130YARET ED\u0130LECEK<\/strong><\/p>\n<p>Etkinli\u011fe kat\u0131lan \u00f6\u011fretmenlere ve okullar\u0131na birer adet g\u00fcncel \u00e7a\u011fda\u015f materyallerle donat\u0131lm\u0131\u015f T\u00fcrk\u00e7e \u00f6\u011fretim setinin hediye edildi\u011fi proje kapsam\u0131nda \u00f6\u011fretmenlerin birbiriyle proje sonras\u0131 ba\u011flant\u0131 kurmalar\u0131na, ileti\u015fim platformu olu\u015fturmalar\u0131na ve payla\u015f\u0131mda bulunmalar\u0131na zemin haz\u0131rlanacak. Proje ile Edirne&#8217;ye gelen \u00f6\u011fretmenlere e\u011fitimin ilk g\u00fcn\u00fcnde YTB Trakya Koordinat\u00f6rl\u00fc\u011f\u00fc taraf\u0131ndan Ba\u015fkanl\u0131\u011f\u0131n \u00e7al\u0131\u015fma alanlar\u0131n\u0131n anlat\u0131ld\u0131\u011f\u0131 kurum tan\u0131t\u0131m ve bilgilendirme semineri verildi. Kurum yay\u0131nlar\u0131 hediye edildi. \u00d6\u011fretmenler, Edirne&#8217;nin Tarihi ve turistlik yerlerinin yan\u0131 s\u0131ra \u00c7anakkale\u015fehitli\u011fini de ziyaret edecekler. &#8211; <em>Haberler.com&nbsp;ANKARA<\/em><\/p>\n<p>&nbsp;<\/p>\n","protected":false},"excerpt":{"rendered":"<p>Ba\u015fbakanl\u0131k Yurtd\u0131\u015f\u0131 T\u00fcrkler ve Akraba Topluluklar Ba\u015fkanl\u0131\u011f\u0131 ve Edirne Milli E\u011fitim M\u00fcd\u00fcrl\u00fc\u011f\u00fc i\u015fbirli\u011fi ile 5 farkl\u0131 \u00fclkeden soyda\u015f \u00f6\u011fretmenlere &#8220;T\u00fcrk\u00e7e At\u00f6lyesi Projesi&#8221; kapsam\u0131nda T\u00fcrk\u00e7e e\u011fitim verilecek. Ba\u015fbakanl\u0131k Yurtd\u0131\u015f\u0131 T\u00fcrkler ve Akraba Topluluklar Ba\u015fkanl\u0131\u011f\u0131 (YTB)&#8217;nin geli\u015ftirdi\u011fi &#8220;T\u00fcrk\u00e7e At\u00f6lyesi Projesi&#8221; ile 5 farkl\u0131 \u00fclkede bulunan soyda\u015f \u00f6\u011fretmene Edirne&#8217;de T\u00fcrk\u00e7e e\u011fitimi veriliyor. Bu y\u0131l ikincisi d\u00fczenlenen projeye Yunanistan&#8217;dan [&hellip;]<\/p>\n","protected":false},"author":331,"featured_media":2501,"comment_status":"open","ping_status":"open","sticky":false,"template":"","format":"standard","meta":{"advanced_seo_description":"","jetpack_seo_html_title":"","jetpack_seo_noindex":false,"ngg_post_thumbnail":0,"jetpack_post_was_ever_published":false,"_jetpack_newsletter_access":"","_jetpack_dont_email_post_to_subs":false,"_jetpack_newsletter_tier_id":0,"_jetpack_memberships_contains_paywalled_content":false,"_jetpack_memberships_contains_paid_content":false,"footnotes":""},"categories":[5],"tags":[],"class_list":["post-2345","post","type-post","status-publish","format-standard","has-post-thumbnail","hentry","category-haberler"],"jetpack_featured_media_url":"https:\/\/i0.wp.com\/www.gocmeniz.biz\/wp-content\/5-ulkeden-84-ogretmen-turkiye-de-7588344_x_o.jpg?fit=640%2C360&ssl=1","jetpack_shortlink":"https:\/\/wp.me\/paHHlZ-BP","jetpack-related-posts":[{"id":2534,"url":"https:\/\/www.gocmeniz.biz\/?p=2534","url_meta":{"origin":2345,"position":0},"title":"Bulgaristan&#8217;da T\u00fcrkiye E\u011fitim Burs Programlar\u0131n\u0131n Tan\u0131t\u0131m\u0131 Yap\u0131ld\u0131","author":"Haberci","date":"31 Ocak 2019","format":false,"excerpt":"T\u00fcrkiye'nin yabanc\u0131lara sa\u011flad\u0131\u011f\u0131 2019 y\u0131l\u0131 burs programlar\u0131\u00a0Bulgaristan'\u0131n ba\u015fkenti\u00a0Sofya'n\u0131n yan\u0131 s\u0131ra T\u00fcrklerin yo\u011fun ya\u015fad\u0131\u011f\u0131\u00a0K\u0131rcaali\u00a0ve Mestanl\u0131 \u015fehirlerinde tan\u0131t\u0131ld\u0131. T\u00fcrkiye'nin Sofya B\u00fcy\u00fckel\u00e7ili\u011finin ev sahipli\u011finde Sofya'daki\u00a0Merkez\u00a0Orduevi Konferans Salonu'nda d\u00fczenlenen etkinlikte konu\u015fan Yurtd\u0131\u015f\u0131 T\u00fcrkler ve Akraba Topluluklar Ba\u015fkanl\u0131\u011f\u0131 (YTB) Ba\u015fkan\u0131\u00a0Abdullah Eren, \"Biz dost ve karde\u015f olan Bulgaristan'dan t\u00fcm vatanda\u015flar\u0131n T\u00fcrkiye'de burslu okuma imkanlar\u0131ndan haberdar olmas\u0131n\u0131\u2026","rel":"","context":"&quot;Haberler&quot; i\u00e7inde","block_context":{"text":"Haberler","link":"https:\/\/www.gocmeniz.biz\/?cat=5"},"img":{"alt_text":"","src":"https:\/\/i0.wp.com\/www.gocmeniz.biz\/wp-content\/640x360.jpg?fit=640%2C360&ssl=1&resize=350%2C200","width":350,"height":200,"srcset":"https:\/\/i0.wp.com\/www.gocmeniz.biz\/wp-content\/640x360.jpg?fit=640%2C360&ssl=1&resize=350%2C200 1x, https:\/\/i0.wp.com\/www.gocmeniz.biz\/wp-content\/640x360.jpg?fit=640%2C360&ssl=1&resize=525%2C300 1.5x"},"classes":[]},{"id":2023,"url":"https:\/\/www.gocmeniz.biz\/?p=2023","url_meta":{"origin":2345,"position":1},"title":"Uluslararas\u0131 B\u00fcy\u00fck T\u00fcrk Dili Kurultay\u0131 K\u0131rcali\u2019de d\u00fczenlenecek","author":"Haberci","date":"11 Ocak 2010","format":false,"excerpt":"Bu y\u0131l be\u015fincisi d\u00fczenlenecek Uluslararas\u0131 B\u00fcy\u00fck T\u00fcrk Dili Kurultay\u0131 26 - 28 Eyl\u00fcl 2010 tarihleri aras\u0131nda, Bilkent \u00dcniversitesi, Sofya \u00dcniversitesi, K\u0131rcaali Belediye Ba\u015fkanl\u0131\u011f\u0131 ile ortakla\u015fa, K\u0131rcaali\u2019de yap\u0131lacak. Bilimsel nitelikli, geni\u015f kat\u0131l\u0131ml\u0131 uluslar aras\u0131 bir etkinlik olan 5. Uluslararas\u0131 B\u00fcy\u00fck T\u00fcrk Dili Kurultay\u0131, T\u00fcrk\u00e7e ile ilgili konular\u0131n g\u00fcndemde tutulmas\u0131, bu konulara\u2026","rel":"","context":"&quot;Haberler&quot; i\u00e7inde","block_context":{"text":"Haberler","link":"https:\/\/www.gocmeniz.biz\/?cat=5"},"img":{"alt_text":"","src":"","width":0,"height":0},"classes":[]},{"id":1622,"url":"https:\/\/www.gocmeniz.biz\/?p=1622","url_meta":{"origin":2345,"position":2},"title":"D\u0131\u015fi\u015fleri, Bulgaristan g\u00f6\u00e7menlerinin mallar\u0131 i\u00e7in d\u00fc\u011fmeye bast\u0131","author":"Haberci","date":"31 Temmuz 2009","format":false,"excerpt":"D\u0131\u015fi\u015fleri Bakanl\u0131\u011f\u0131, sava\u015f ve bask\u0131 d\u00f6nemlerinde Bulgaristan`dan T\u00fcrkiye`ye gelmek zorunda kalan T\u00fcrk k\u00f6kenli g\u00f6\u00e7menlerin \u00fclkelerinde b\u0131rakt\u0131klar\u0131 mallar\u0131 geri alabilmeleri i\u00e7in harekete ge\u00e7ti. Balkan sava\u015flar\u0131 s\u0131ras\u0131nda ve asimilasyon politikalar\u0131n\u0131n uyguland\u0131\u011f\u0131 1980`li y\u0131llarda yurtlar\u0131n\u0131 terk ederek T\u00fcrkiye`ye s\u0131\u011f\u0131nmak zorunda kalan binlerce Bulgar g\u00f6\u00e7meni T\u00fcrk`\u00fcn, Bulgaristan`da kalan mallar\u0131n\u0131 geri alma imk\u00e2n\u0131 do\u011fdu. D\u0131\u015fi\u015fleri\u2026","rel":"","context":"&quot;Haberler&quot; i\u00e7inde","block_context":{"text":"Haberler","link":"https:\/\/www.gocmeniz.biz\/?cat=5"},"img":{"alt_text":"","src":"","width":0,"height":0},"classes":[]},{"id":1737,"url":"https:\/\/www.gocmeniz.biz\/?p=1737","url_meta":{"origin":2345,"position":3},"title":"35 bin Bulgaristan g\u00f6\u00e7menine hak tan\u0131nd\u0131 be\u015f bini emekli oldu","author":"Haberci","date":"26 A\u011fustos 2009","format":false,"excerpt":"Ge\u00e7en y\u0131l \u00e7\u0131kar\u0131lan Sosyal G\u00fcvenlik Reformu, Bulgaristan`dan zorunlu g\u00f6\u00e7e tabi tutulan T\u00fcrklerin emeklilik \u00e7ilesini bitirdi. Yeni d\u00fczenleme ile g\u00f6\u00e7menlere, Bulgaristan`daki sigortal\u0131 \u00e7al\u0131\u015fmalar\u0131n\u0131 T\u00fcrkiye`de bor\u00e7lanma hakk\u0131 tan\u0131nm\u0131\u015ft\u0131. \u015eimdiye kadar 35 bin g\u00f6\u00e7men, prim bor\u00e7lanmas\u0131 yapt\u0131. Bunlardan 5 bini emekli olarak ayl\u0131k almaya ba\u015fla- d\u0131. Kalanlar\u0131 ise ya\u015f ve sigortal\u0131l\u0131k s\u00fcreleri- nin\u2026","rel":"","context":"&quot;Haberler&quot; i\u00e7inde","block_context":{"text":"Haberler","link":"https:\/\/www.gocmeniz.biz\/?cat=5"},"img":{"alt_text":"","src":"","width":0,"height":0},"classes":[]},{"id":1295,"url":"https:\/\/www.gocmeniz.biz\/?p=1295","url_meta":{"origin":2345,"position":4},"title":"AB a\u00e7\u0131k konu\u015ftu: Trakya bize kals\u0131n!","author":"Haberci","date":"30 May\u0131s 2009","format":false,"excerpt":"Edirne'ye gelen Bulgaristan Cumhurba\u015fkan\u0131 Yard\u0131mc\u0131s\u0131, Avrupa Birli\u011fi ad\u0131na net konu\u015ftu, \"hayalimiz, s\u0131n\u0131rlar\u0131 olmayan Trakya\" dedi. Trakya \u00dcniversitesi Edirne Yabanc\u0131 Diller Y\u00fcksekokulu'na \"Bulgar Bulu\u015fma Noktas\u0131\" a\u00e7\u0131l\u0131\u015f\u0131 i\u00e7in gelen Bulgaristan Cumhurba\u015fkan\u0131 Yard\u0131mc\u0131s\u0131 Angel Marin, AB ad\u0131na a\u00e7\u0131k konu\u015ftu. Marin \"Trakya'n\u0131n s\u0131n\u0131rlar\u0131 Avrupa Birli\u011fi s\u0131n\u0131rlar\u0131 i\u00e7erisinde kalmal\u0131\" dedi. \"Trakya, Avrupa Birli\u011fi i\u00e7inde kals\u0131n\"\u2026","rel":"","context":"&quot;Haberler&quot; i\u00e7inde","block_context":{"text":"Haberler","link":"https:\/\/www.gocmeniz.biz\/?cat=5"},"img":{"alt_text":"","src":"","width":0,"height":0},"classes":[]},{"id":153,"url":"https:\/\/www.gocmeniz.biz\/?p=153","url_meta":{"origin":2345,"position":5},"title":"Sahte gelinlere g\u00f6nderilen paralarla l\u00fcks evler yap\u0131l\u0131yor","author":"Admin","date":"14 A\u011fustos 2007","format":false,"excerpt":"Bulgaristan\u2019\u0131n haftal\u0131k gazetelerinden 168 \u00c7asa (168 Saat) gazetesi, son zamanlarda yurtd\u0131\u015f\u0131nda T\u00fcrk\u00e7e konu\u015fan ki\u015filerle tan\u0131\u015farak onlardan b\u00fcy\u00fck miktarda para koparmay\u0131 meslek edinen kad\u0131nlar\u0131n bulundu\u011fu bir k\u00f6y\u00fc geni\u015f haber konusu yapt\u0131. Haberde, Mercedes marka arabalar\u0131n yo\u011fun oldu\u011fu belirtilen Razgrad ilinin Yasenovets k\u00f6y\u00fcnde son bir bu\u00e7uk y\u0131lda dikkat \u00e7ekici evlerin de in\u015fa\u2026","rel":"","context":"&quot;Haberler&quot; i\u00e7inde","block_context":{"text":"Haberler","link":"https:\/\/www.gocmeniz.biz\/?cat=5"},"img":{"alt_text":"","src":"https:\/\/i0.wp.com\/www.bg-turk.com\/photos\/Image\/haberler\/yasenovets1108.jpg?resize=350%2C200","width":350,"height":200},"classes":[]}],"jetpack_sharing_enabled":true,"jetpack_likes_enabled":true,"_links":{"self":[{"href":"https:\/\/www.gocmeniz.biz\/index.php?rest_route=\/wp\/v2\/posts\/2345","targetHints":{"allow":["GET"]}}],"collection":[{"href":"https:\/\/www.gocmeniz.biz\/index.php?rest_route=\/wp\/v2\/posts"}],"about":[{"href":"https:\/\/www.gocmeniz.biz\/index.php?rest_route=\/wp\/v2\/types\/post"}],"author":[{"embeddable":true,"href":"https:\/\/www.gocmeniz.biz\/index.php?rest_route=\/wp\/v2\/users\/331"}],"replies":[{"embeddable":true,"href":"https:\/\/www.gocmeniz.biz\/index.php?rest_route=%2Fwp%2Fv2%2Fcomments&post=2345"}],"version-history":[{"count":1,"href":"https:\/\/www.gocmeniz.biz\/index.php?rest_route=\/wp\/v2\/posts\/2345\/revisions"}],"predecessor-version":[{"id":8588,"href":"https:\/\/www.gocmeniz.biz\/index.php?rest_route=\/wp\/v2\/posts\/2345\/revisions\/8588"}],"wp:featuredmedia":[{"embeddable":true,"href":"https:\/\/www.gocmeniz.biz\/index.php?rest_route=\/wp\/v2\/media\/2501"}],"wp:attachment":[{"href":"https:\/\/www.gocmeniz.biz\/index.php?rest_route=%2Fwp%2Fv2%2Fmedia&parent=2345"}],"wp:term":[{"taxonomy":"category","embeddable":true,"href":"https:\/\/www.gocmeniz.biz\/index.php?rest_route=%2Fwp%2Fv2%2Fcategories&post=2345"},{"taxonomy":"post_tag","embeddable":true,"href":"https:\/\/www.gocmeniz.biz\/index.php?rest_route=%2Fwp%2Fv2%2Ftags&post=2345"}],"curies":[{"name":"wp","href":"https:\/\/api.w.org\/{rel}","templated":true}]}}