{"id":2372,"date":"2018-11-09T09:04:49","date_gmt":"2018-11-09T07:04:49","guid":{"rendered":"http:\/\/www.gocmeniz.biz\/?p=2372"},"modified":"2026-04-03T12:25:36","modified_gmt":"2026-04-03T09:25:36","slug":"bulgaristandaki-tekstil-fuarina-turk-sirketlerinden-yogun-ilgi","status":"publish","type":"post","link":"https:\/\/www.gocmeniz.biz\/?p=2372","title":{"rendered":"Bulgaristan&#8217;daki tekstil fuar\u0131na T\u00fcrk \u015firketlerinden yo\u011fun ilgi"},"content":{"rendered":"\n<p><strong>Bulgaristan\u2019\u0131n g\u00fcneydo\u011fusundaki Filibe kentinde a\u00e7\u0131lan uluslararas\u0131 tekstil fuar\u0131na, T\u00fcrk \u015firketleri yo\u011fun ilgi g\u00f6sterdi. Fuara 38 T\u00fcrk \u015firketi kat\u0131ld\u0131.<\/strong><\/p>\n\n\n\n<figure class=\"wp-block-image\"><img data-recalc-dims=\"1\"  title=\"\" decoding=\"async\" src=\"https:\/\/i0.wp.com\/www.trthaber.com\/resimler\/970000\/970300.jpg?w=640&#038;ssl=1\"  alt=\"970300 Bulgaristan&#039;daki tekstil fuar\u0131na T\u00fcrk \u015firketlerinden yo\u011fun ilgi\" \/><\/figure>\n\n\n\n<p>Filibe Fuar Merkezi&#8217;nde a\u00e7\u0131lan &#8220;Uluslararas\u0131 Tex Tailor Expo 2018 Fuar\u0131&#8221;na, 7 \u00fclkeden 38\u2019i T\u00fcrk, 97 \u015firket kat\u0131ld\u0131.<\/p>\n\n\n\n<p>\u00dc\u00e7 g\u00fcn s\u00fcrecek fuarda, gen\u00e7 moda tasar\u0131mc\u0131lar\u0131n sunum ve defilelerinin yan\u0131 s\u0131ra tekstil sekt\u00f6r\u00fcndeki yeni teknolojiler tan\u0131t\u0131lacak.<\/p>\n\n\n\n<p>Fuara kat\u0131lan Bulgaristan Ekonomi Bakan Yard\u0131mc\u0131s\u0131 L\u0131\u00e7ezar Borisov, T\u00fcrk firmalar\u0131n yo\u011fun kat\u0131l\u0131m\u0131ndan duydu\u011fu memnuniyeti dile getirdi.<\/p>\n\n\n\n<p>Borisov, &#8220;T\u00fcrkiye\u2019den ortaklar\u0131m\u0131z\u0131n kat\u0131l\u0131m\u0131, bizim i\u00e7in son derece \u00f6nemli. Kom\u015fu iki \u00fclke birbirini tamamlayarak, ortak sinerjiyle tekstil ve di\u011fer alanlarda kar\u015f\u0131l\u0131kl\u0131 yarar sa\u011flayabilir.&#8221; dedi.<\/p>\n\n\n\n<p>Bulgaristan\u2019da tekstil sekt\u00f6r\u00fcnde faaliyet g\u00f6steren, 5 bini a\u015fk\u0131n firman\u0131n bulundu\u011funu kaydeden Borisov, bu firmalar\u0131n 100 bin ki\u015fiye istihdam sa\u011flad\u0131\u011f\u0131n\u0131 s\u00f6yledi.<\/p>\n\n\n\n<!--more-->\n\n\n\n<p><strong>&#8220;T\u00fcrk firmalar\u0131n kat\u0131l\u0131m\u0131 son derece \u00f6nemli&#8221;<\/strong><\/p>\n\n\n\n<p>Fuar\u0131n Genel M\u00fcd\u00fcr\u00fc \u0130van Sokolov ise T\u00fcrkiye\u2019nin tekstil sanayisinin olduk\u00e7a g\u00fc\u00e7l\u00fc oldu\u011funu belirterek, T\u00fcrk firmalar\u0131n kat\u0131l\u0131m\u0131n\u0131n son derece \u00f6nemli oldu\u011funu ifade etti.<\/p>\n\n\n\n<p>Fuara kat\u0131lan T\u00fcrk \u015firket temsilcisi G\u00f6khan El\u00e7i de Bulgaristan pazar\u0131ndaki T\u00fcrk \u015firketlerin \u00f6nemli bir yere sahip oldu\u011funu belirterek, &#8220;\u00d6zellikle tekstil baz\u0131nda 680 milyon dolarl\u0131k bir ticareti var. Bunu daha da ileri bir a\u015famaya ta\u015f\u0131may\u0131 arzu ediyoruz.\u201d diye konu\u015ftu.<\/p>\n\n\n\n<p>El\u00e7i, \u201cBuras\u0131 Avrupa\u2019n\u0131n tekstil \u00fcss\u00fc olarak bilinir. Ticaretimizi burada g\u00fcnden g\u00fcne art\u0131rmay\u0131 hedefliyoruz. Bulgaristan\u2019\u0131 Avrupa\u2019ya a\u00e7\u0131lan \u00f6nemli bir kap\u0131 olarak g\u00f6r\u00fcyoruz.&#8221; ifadelerini kulland\u0131.<\/p>\n\n\n\n<p>Kaynak: AA<\/p>\n","protected":false},"excerpt":{"rendered":"<p>Bulgaristan\u2019\u0131n g\u00fcneydo\u011fusundaki Filibe kentinde a\u00e7\u0131lan uluslararas\u0131 tekstil fuar\u0131na, T\u00fcrk \u015firketleri yo\u011fun ilgi g\u00f6sterdi. Fuara 38 T\u00fcrk \u015firketi kat\u0131ld\u0131. Filibe Fuar Merkezi&#8217;nde a\u00e7\u0131lan &#8220;Uluslararas\u0131 Tex Tailor Expo 2018 Fuar\u0131&#8221;na, 7 \u00fclkeden 38\u2019i T\u00fcrk, 97 \u015firket kat\u0131ld\u0131. \u00dc\u00e7 g\u00fcn s\u00fcrecek fuarda, gen\u00e7 moda tasar\u0131mc\u0131lar\u0131n sunum ve defilelerinin yan\u0131 s\u0131ra tekstil sekt\u00f6r\u00fcndeki yeni teknolojiler tan\u0131t\u0131lacak. Fuara kat\u0131lan Bulgaristan [&hellip;]<\/p>\n","protected":false},"author":331,"featured_media":2500,"comment_status":"open","ping_status":"open","sticky":false,"template":"","format":"standard","meta":{"advanced_seo_description":"","jetpack_seo_html_title":"","jetpack_seo_noindex":false,"ngg_post_thumbnail":0,"jetpack_post_was_ever_published":false,"_jetpack_newsletter_access":"","_jetpack_dont_email_post_to_subs":false,"_jetpack_newsletter_tier_id":0,"_jetpack_memberships_contains_paywalled_content":false,"_jetpack_memberships_contains_paid_content":false,"footnotes":""},"categories":[5],"tags":[],"class_list":["post-2372","post","type-post","status-publish","format-standard","has-post-thumbnail","hentry","category-haberler"],"jetpack_featured_media_url":"https:\/\/i0.wp.com\/www.gocmeniz.biz\/wp-content\/970300.jpg?fit=642%2C355&ssl=1","jetpack_shortlink":"https:\/\/wp.me\/paHHlZ-Cg","jetpack-related-posts":[{"id":217,"url":"https:\/\/www.gocmeniz.biz\/?p=217","url_meta":{"origin":2372,"position":0},"title":"Sofya&#8217;daki Yabanc\u0131 Kad\u0131nlar Yard\u0131m i\u00e7in Kermeste Bir Araya Geldi","author":"Haberci","date":"26 Kas\u0131m 2007","format":false,"excerpt":"Bulgaristan'\u0131n ba\u015fkenti Sofya'da ya\u015fanan yabanc\u0131 \u00fclkelerden kad\u0131nlar, kimsesizlere yard\u0131m i\u00e7in kermeste bulu\u015ftu. Sofya'da ya\u015fayan yabanc\u0131 \u00fclke kad\u0131nlar\u0131, kimsesizler ve yard\u0131ma muhta\u00e7 ki\u015filer i\u00e7in bir kermes d\u00fczenledi. 45 \u00fclkeden kad\u0131nlar\u0131n kat\u0131ld\u0131\u011f\u0131 kermeste, her \u00fclke kendi geleneksel \u00fcr\u00fcnlerini ziyaret\u00e7ilere sundu. Her y\u0131l d\u00fczenlenen kermes, hem \u00fclke tan\u0131t\u0131m\u0131n\u0131, hem de kimsesizlere katk\u0131 yapmay\u0131\u2026","rel":"","context":"&quot;Haberler&quot; i\u00e7inde","block_context":{"text":"Haberler","link":"https:\/\/www.gocmeniz.biz\/?cat=5"},"img":{"alt_text":"","src":"https:\/\/i0.wp.com\/resimler.haberler.com\/haber\/491\/sofya-daki-yabanci-kadinlar-yardim-icin-kermeste_o.jpg?resize=350%2C200","width":350,"height":200},"classes":[]},{"id":2285,"url":"https:\/\/www.gocmeniz.biz\/?p=2285","url_meta":{"origin":2372,"position":1},"title":"Bulgaristan sokaklar\u0131nda Volk\u0131car f\u0131rt\u0131nas\u0131","author":"Haberci","date":"24 Haziran 2014","format":false,"excerpt":"V1 Challenge, Bulgaristan\u2019\u0131n Plovdiv \u015fehrinde ba\u015flad\u0131 Volkicar\u2019\u0131n ba\u015frolde oldu\u011fu V1 Challenge Bulgaristan ge\u00e7ti\u011fimiz hafta sonu Bulagaristan\u2019\u0131n Plovdiv \u015fehride ba\u015flad\u0131. T\u00fcrk mal\u0131 otomobil ve T\u00fcrk mal\u0131 konsept ile uluslararas\u0131 olma hayaliyle ilerleyen V1 Challenge, Plovdiv\u2019de trafi\u011fe kapal\u0131 caddelerde ilk yar\u0131\u015f\u0131n\u0131 yaparak b\u00fcy\u00fck ilgi ve be\u011feni toplad\u0131. Seyircinin aya\u011f\u0131na motorsporlar\u0131 heyecan\u0131n\u0131 g\u00f6t\u00fcrmek\u2026","rel":"","context":"&quot;Haberler&quot; i\u00e7inde","block_context":{"text":"Haberler","link":"https:\/\/www.gocmeniz.biz\/?cat=5"},"img":{"alt_text":"","src":"https:\/\/i0.wp.com\/www.turkiyede.com.tr\/images\/haberler\/bulgaristan_sokaklarinda_volkicar_firtinasi_h81345.jpg?resize=350%2C200","width":350,"height":200},"classes":[]},{"id":1257,"url":"https:\/\/www.gocmeniz.biz\/?p=1257","url_meta":{"origin":2372,"position":2},"title":"T\u00fcrk Y\u0131ld\u0131zlar\u0131 Bulgarlar`\u0131 b\u00fcy\u00fcledi","author":"Haberci","date":"26 May\u0131s 2009","format":false,"excerpt":"7. B\u0130AF 2009 Uluslararas\u0131 Havac\u0131l\u0131k Festivali \"ne T\u00fcrk pilotlar damgas\u0131n\u0131 vurdu. Festivale kat\u0131lan T\u00fcrk Hava Kuvvetleri akrobasi timi \" T\u00fcrk Y\u0131ld\u0131zlar\u0131\", muhte\u015fem g\u00f6sterileriyle Bulgar izleyicileri b\u00fcy\u00fcledi.Yakla\u015f\u0131k 20 dakika s\u00fcren g\u00f6steriden sonra izleyiciler, T\u00fcrk Hava Kuvvetleri tan\u0131t\u0131m stand\u0131na gelerek T\u00fcrk pilotlardan imza alabilmek i\u00e7in kuyruk olu\u015fturdu. Filibe kentine yak\u0131n Krumovo Havac\u0131l\u0131k\u2026","rel":"","context":"&quot;Haberler&quot; i\u00e7inde","block_context":{"text":"Haberler","link":"https:\/\/www.gocmeniz.biz\/?cat=5"},"img":{"alt_text":"","src":"","width":0,"height":0},"classes":[]},{"id":388,"url":"https:\/\/www.gocmeniz.biz\/?p=388","url_meta":{"origin":2372,"position":3},"title":"Plovdiv fuar\u0131nda yeni imkanlar sunuluyor","author":"Haberci","date":"17 May\u0131s 2008","format":false,"excerpt":"Bu y\u0131l 28.\u2019si d\u00fczenlenen Plovdiv \u0130lkbahar Fuar\u0131, 12 \u2013 17 May\u0131s tarihleri aras\u0131nda Plovdiv\u2019de ger\u00e7ekle\u015ftiriliyor. Toplam bin firman\u0131n i\u015ftirak edece\u011fi fuara T\u00fcrkiye, Polonya ve Endonezya milli kat\u0131l\u0131m ger\u00e7ekle\u015ftiriyor. Fuara 36 \u00fclkeden toplam bin firma kat\u0131l\u0131rken, bunlar\u0131n 655\u2019i yerli, di\u011fer 345 firma ise yabanc\u0131 kaynakl\u0131. Bu y\u0131l T\u00fcrkiye yine en \u00e7ok\u2026","rel":"","context":"Benzer yaz\u0131","block_context":{"text":"Benzer yaz\u0131","link":""},"img":{"alt_text":"","src":"","width":0,"height":0},"classes":[]},{"id":880,"url":"https:\/\/www.gocmeniz.biz\/?p=880","url_meta":{"origin":2372,"position":4},"title":"TUROB, Holiday &#038; Spa Sofya turizm fuar\u0131 sonu\u00e7 raporu&#8230;","author":"Haberci","date":"05 Mart 2009","format":false,"excerpt":"Turistik Otelciler \u0130\u015fletmeciler ve Yat\u0131r\u0131mc\u0131lar Birli\u011fi (TUROB), 26 ile 28 \u015eubat tarihleri aras\u0131nda, Bulgaristan'da Sofya Holiday & SPA Turizm Fuar\u0131'na kat\u0131ld\u0131...Haz\u0131rlanan raporu, sizlere aktar\u0131yoruz Fuar s\u0131ras\u0131nda, stand\u0131 ziyaret edenlere, \u0130stanbul Guide, \u0130stanbul CD ve haritas\u0131, 2010 Basketbol \u015eampiyonas\u0131 bro\u015f\u00fcrleri ile kat\u0131l\u0131mc\u0131 oteller taraf\u0131ndan sa\u011flanan promosyonlar ve tan\u0131t\u0131m malzemeleri verildi. TUROB\u2026","rel":"","context":"&quot;Haberler&quot; i\u00e7inde","block_context":{"text":"Haberler","link":"https:\/\/www.gocmeniz.biz\/?cat=5"},"img":{"alt_text":"","src":"https:\/\/i0.wp.com\/www.turizmdebusabah.com\/haberpics\/PicsNew\/26078.jpg?resize=350%2C200","width":350,"height":200},"classes":[]},{"id":2646,"url":"https:\/\/www.gocmeniz.biz\/?p=2646","url_meta":{"origin":2372,"position":5},"title":"Bulgaristan Ba\u015fbakan\u0131 Borisov&#8217;dan &#8216;Demir Kilise&#8217; te\u015fekk\u00fcr\u00fc.","author":"Haberci","date":"15 \u015eubat 2019","format":false,"excerpt":"Bulgaristan Ba\u015fbakan\u0131 Boyko Borisov, \u0130stanbul'da restore edilerek 7 Ocak 2018'de a\u00e7\u0131lan ve 'Demir Kilise' olarak bilinen Sveti Stefan Kilise'nin restorasyon \u00e7al\u0131\u015fmalar\u0131n\u0131 y\u00fcr\u00fcten mimar Fikriye Bulunmaz'\u0131, ba\u015fkent Sofya'da kabul ederek, te\u015fekk\u00fcr etti. Demir Kilise'nin restorasyonunda \u00e7al\u0131\u015fan t\u00fcm ekibe katk\u0131lar\u0131ndan dolay\u0131 te\u015fekk\u00fcr eden Borisov, \"Kilise g\u00fcn\u00fcm\u00fczde hizmete a\u00e7\u0131k, m\u00fccevher gibi parlayan bir\u2026","rel":"","context":"&quot;Haberler&quot; i\u00e7inde","block_context":{"text":"Haberler","link":"https:\/\/www.gocmeniz.biz\/?cat=5"},"img":{"alt_text":"","src":"https:\/\/i0.wp.com\/www.gocmeniz.biz\/wp-content\/640xauto.jpg?fit=640%2C477&ssl=1&resize=350%2C200","width":350,"height":200,"srcset":"https:\/\/i0.wp.com\/www.gocmeniz.biz\/wp-content\/640xauto.jpg?fit=640%2C477&ssl=1&resize=350%2C200 1x, https:\/\/i0.wp.com\/www.gocmeniz.biz\/wp-content\/640xauto.jpg?fit=640%2C477&ssl=1&resize=525%2C300 1.5x"},"classes":[]}],"jetpack_sharing_enabled":true,"jetpack_likes_enabled":true,"_links":{"self":[{"href":"https:\/\/www.gocmeniz.biz\/index.php?rest_route=\/wp\/v2\/posts\/2372","targetHints":{"allow":["GET"]}}],"collection":[{"href":"https:\/\/www.gocmeniz.biz\/index.php?rest_route=\/wp\/v2\/posts"}],"about":[{"href":"https:\/\/www.gocmeniz.biz\/index.php?rest_route=\/wp\/v2\/types\/post"}],"author":[{"embeddable":true,"href":"https:\/\/www.gocmeniz.biz\/index.php?rest_route=\/wp\/v2\/users\/331"}],"replies":[{"embeddable":true,"href":"https:\/\/www.gocmeniz.biz\/index.php?rest_route=%2Fwp%2Fv2%2Fcomments&post=2372"}],"version-history":[{"count":1,"href":"https:\/\/www.gocmeniz.biz\/index.php?rest_route=\/wp\/v2\/posts\/2372\/revisions"}],"predecessor-version":[{"id":8886,"href":"https:\/\/www.gocmeniz.biz\/index.php?rest_route=\/wp\/v2\/posts\/2372\/revisions\/8886"}],"wp:featuredmedia":[{"embeddable":true,"href":"https:\/\/www.gocmeniz.biz\/index.php?rest_route=\/wp\/v2\/media\/2500"}],"wp:attachment":[{"href":"https:\/\/www.gocmeniz.biz\/index.php?rest_route=%2Fwp%2Fv2%2Fmedia&parent=2372"}],"wp:term":[{"taxonomy":"category","embeddable":true,"href":"https:\/\/www.gocmeniz.biz\/index.php?rest_route=%2Fwp%2Fv2%2Fcategories&post=2372"},{"taxonomy":"post_tag","embeddable":true,"href":"https:\/\/www.gocmeniz.biz\/index.php?rest_route=%2Fwp%2Fv2%2Ftags&post=2372"}],"curies":[{"name":"wp","href":"https:\/\/api.w.org\/{rel}","templated":true}]}}