{"id":24,"date":"2007-03-05T20:32:26","date_gmt":"2007-03-05T18:32:26","guid":{"rendered":"http:\/\/www.gocmeniz.biz\/?p=24"},"modified":"2026-04-06T16:01:56","modified_gmt":"2026-04-06T13:01:56","slug":"istanbul-tiyatrolarinda-mart-ayi-gosterileri","status":"publish","type":"post","link":"https:\/\/www.gocmeniz.biz\/?p=24","title":{"rendered":"\u0130stanbul Tiyatrolar\u0131nda Mart Ay\u0131 G\u00f6sterileri"},"content":{"rendered":"<p>Devlet Tiyatrolar\u0131 sahnelerinde neler mi var???\u00a0<\/p>\n<p><a href=\"http:\/\/www.devtiyatro.gov.tr\/web\/bolgeler\/istanbul.htm\">http:\/\/www.devtiyatro.gov.tr\/web\/bolgeler\/istanbul.htm<\/a>\u00a0<\/p>\n<p>G\u00f6\u00e7meniz.Biz ailesi olarak sizlere \u00f6nerimiz ;\u00a0<\/p>\n<p><!--more--><br \/>\n<strong>\u00c7ayhane <\/strong><\/p>\n<p>Yazan: Vern Sneider<br \/>\nUyarlayan: John Patric<br \/>\n\u00c7eviren: Ay\u015fe Sar\u0131alp<br \/>\nY\u00f6neten: \u015eakir G\u00fcrzumar<br \/>\nDekor Tasar\u0131m\u0131: Ali Cem K\u00f6ro\u011flu<br \/>\nGiysi Tasar\u0131m\u0131: G\u00fclhan K\u0131r\u00e7ova<br \/>\nI\u015f\u0131k Tasar\u0131m\u0131 : \u00d6nder Ar\u0131k<br \/>\nDans D\u00fczeni: Nil Berkan<br \/>\nReji Asistanlar\u0131 :Mutlu G\u00fcney, Fikret Urucu, Elif Erdal, Ezgi Co\u015fkun,\u00dcnal Bostanc\u0131\u00a0<\/p>\n<p><strong>Rol Da\u011f\u0131l\u0131m\u0131<br \/>\n<\/strong>B\u00fclent Emin Yarar, Hakk\u0131 Erg\u00f6k, Ali D\u00fc\u015fenkalkar,Atilla \u015eendil, G\u0131lman K. Peremeci, \u0130\u015fdar G\u00f6kseven, Fikret Urucu, Seval G\u00f6k\u00e7e, Tun\u00e7 G\u00fcnbay, Metin Beyen, Orhan Tetikcan, Ayumi Takano, Rezzak Aklar\u00a0<\/p>\n<p><strong>\u00d6zet<br \/>\n<\/strong>Okinawa adas\u0131&#8230; Tarih boyunca \u00f6nce \u00c7inlilerin, sonra Japonlar\u0131n ve en sonunda Amerikal\u0131lar\u0131n i\u015fgal etti\u011fi bir garip \u00fclke&#8230; G\u00fcn\u00fcm\u00fczdeki \u015f\u00f6hretini i\u015fte bu en son i\u015fgale bor\u00e7lu.. 1945 y\u0131l\u0131 Nisan\u0131nda 200 bin kay\u0131pla sonu\u00e7lanan ve II. D\u00fcnya Sava\u015f\u0131\u2019n\u0131n en kanl\u0131 \u00e7arp\u0131\u015fmalar\u0131 olarak bilinen Amerikan i\u015fgaline&#8230;<\/p>\n<p>Filme de al\u0131nan \u00c7ayhane roman\u0131n\u0131n yazar\u0131, o i\u015fgal ordusunun subaylar\u0131ndan Vern Sneider&#8230; Yine ayn\u0131 ordunun subaylar\u0131ndan John Patric bu \u00fcnl\u00fc roman\u0131 oyunla\u015ft\u0131rd\u0131 ve i\u015fgale bizzat tan\u0131kl\u0131k etmi\u015f iki kalemin yaratt\u0131\u011f\u0131 bu ola\u011fan\u00fcst\u00fc eser ortaya \u00e7\u0131kt\u0131.<\/p>\n<p>Amerika\u2019n\u0131n i\u015fgal mant\u0131\u011f\u0131 ve bu mant\u0131\u011f\u0131n \u201c\u00f6ng\u00f6r\u00fclemeyen\u201d sonu\u00e7lar\u0131 \u00fczerine muhte\u015fem bir komedi izleyeceksiniz&#8230;<\/p>\n<p>2005 Afife Tiyatro \u00d6d\u00fclleri<br \/>\nY\u0131l\u0131n En Ba\u015far\u0131l\u0131 Prod\u00fcksiyonu<br \/>\nY\u0131l\u0131n En Ba\u015far\u0131l\u0131 Y\u00f6netmeni (\u015eakir G\u00fcrzumar)<br \/>\nY\u0131l\u0131n En Ba\u015far\u0131l\u0131 Erkek Oyuncusu (B\u00fclent Emin Yarar)<br \/>\nY\u0131l\u0131n En Ba\u015far\u0131l\u0131 Sahne Tasar\u0131mc\u0131s\u0131( Ali Cem K\u00f6ro\u011flu)<br \/>\nY\u0131l\u0131n En Ba\u015far\u0131l\u0131 I\u015f\u0131k Tasar\u0131mc\u0131s\u0131 (\u00d6nder Ar\u0131k)<br \/>\n5. Lions Tiyatro \u00d6d\u00fclleri (2005)<br \/>\nEn Ba\u015far\u0131l\u0131 Komedi Erkek Oyuncu (B\u00fclent Emin Yarar)<br \/>\nEn Ba\u015far\u0131l\u0131 Sahne Tasar\u0131m\u0131<br \/>\nEn Ba\u015far\u0131l\u0131 Kost\u00fcm Tasar\u0131m\u0131 \u00a0<\/p>\n<p>Biz biletlerimizi ald\u0131k bile, ya siz \ud83d\ude42<\/p>\n","protected":false},"excerpt":{"rendered":"<p>Devlet Tiyatrolar\u0131 sahnelerinde neler mi var???\u00a0 http:\/\/www.devtiyatro.gov.tr\/web\/bolgeler\/istanbul.htm\u00a0 G\u00f6\u00e7meniz.Biz ailesi olarak sizlere \u00f6nerimiz ;\u00a0<\/p>\n","protected":false},"author":12,"featured_media":0,"comment_status":"open","ping_status":"open","sticky":false,"template":"","format":"standard","meta":{"advanced_seo_description":"","jetpack_seo_html_title":"","jetpack_seo_noindex":false,"ngg_post_thumbnail":0,"jetpack_post_was_ever_published":false,"_jetpack_newsletter_access":"","_jetpack_dont_email_post_to_subs":false,"_jetpack_newsletter_tier_id":0,"_jetpack_memberships_contains_paywalled_content":false,"_jetpack_memberships_contains_paid_content":false,"footnotes":""},"categories":[63],"tags":[],"class_list":["post-24","post","type-post","status-publish","format-standard","hentry","category-kultur-sanat"],"jetpack_featured_media_url":"","jetpack_shortlink":"https:\/\/wp.me\/paHHlZ-o","jetpack-related-posts":[{"id":569,"url":"https:\/\/www.gocmeniz.biz\/?p=569","url_meta":{"origin":24,"position":0},"title":"9 D\u0130L B\u0130LEN BULGAR\u0130STAN G\u00d6\u00c7MEN\u0130 M\u00dcHEND\u0130S HURDA TOPLUYOR.","author":"Haberci","date":"01 Kas\u0131m 2008","format":false,"excerpt":"\u00dcniversite mezunu kimya m\u00fchendisi. 9 dil biliyor. Ama o bir \u015firketin kalifiye eleman\u0131 de\u011fil. \u00c7\u00f6plerden ekmek paras\u0131n\u0131 \u00e7\u0131karmaya \u00e7al\u0131\u015fan bir hurdac\u0131.\u00c7\u00f6pten buldu\u011fu elbiseleri giyen, karn\u0131n\u0131 da \u00e7\u00f6plerde bulduklar\u0131yla doyuran tahsilli hurdac\u0131, bisikletine monte etti\u011fi kendi tasar\u0131m\u0131 1 metrekarelik karavan\u0131nda yat\u0131p kalk\u0131yor. Nizamo\u011flu, gece branda ile \u00f6rtt\u00fc\u011f\u00fc evini g\u00fcnd\u00fcz hurda toplamak\u2026","rel":"","context":"&quot;Haberler&quot; i\u00e7inde","block_context":{"text":"Haberler","link":"https:\/\/www.gocmeniz.biz\/?cat=5"},"img":{"alt_text":"","src":"","width":0,"height":0},"classes":[]},{"id":475,"url":"https:\/\/www.gocmeniz.biz\/?p=475","url_meta":{"origin":24,"position":1},"title":"K\u00f6p\u00fck partisinde kaza: 3 \u00f6l\u00fc","author":"Haberci","date":"23 Temmuz 2008","format":false,"excerpt":"Antalya\u2019da bir otelde k\u00f6p\u00fck partisi s\u0131ras\u0131nda k\u00f6p\u00fck s\u0131kma makinesinin elektrik ka\u00e7\u0131rmas\u0131 sonucu ak\u0131ma kap\u0131lan 3 ki\u015fi \u00f6ld\u00fc, 2 ki\u015fi yaraland\u0131.Kundu\u2019daki be\u015f y\u0131ld\u0131zl\u0131 bir otelde meydana gelen olayda, d\u00fczenlenen k\u00f6p\u00fck partisi s\u0131ras\u0131nda, k\u00f6p\u00fck s\u0131kma makinesinde elektrik ka\u00e7a\u011f\u0131 meydana geldi. Bu s\u0131rada ak\u0131ma kap\u0131lan ve kimlikleri hen\u00fcz belirlenemeyen bir Rus, bir \u0130srailli\u2026","rel":"","context":"&quot;Haberler&quot; i\u00e7inde","block_context":{"text":"Haberler","link":"https:\/\/www.gocmeniz.biz\/?cat=5"},"img":{"alt_text":"","src":"","width":0,"height":0},"classes":[]},{"id":1867,"url":"https:\/\/www.gocmeniz.biz\/?p=1867","url_meta":{"origin":24,"position":2},"title":"T\u00fcrkiye uydu interneti ile tan\u0131\u015fmaya haz\u0131rlan\u0131yor","author":"Haberci","date":"28 Ekim 2009","format":false,"excerpt":"Eutelsat, Tooway markas\u0131yla Avrupa`da ev ve i\u015f yerine kullan\u0131c\u0131lar\u0131na verdi\u011fi internet hizmeti T\u00fcrkiye`ye de sunmaya haz\u0131rlan\u0131yor. Bunun i\u00e7in distrib\u00fct\u00f6r aray\u0131\u015f\u0131nda olduklar\u0131n\u0131 s\u00f6yleyen Eutelsat B\u00f6lge Sat\u0131\u015f Direkt\u00f6r\u00fc Ali Korur, abone bulacak, cihazlar\u0131n montesini yap\u0131p, servis hizmetini verecek bir temsilci bulduklar\u0131nda hizmete ba\u015flayacaklar\u0131n\u0131 a\u00e7\u0131klad\u0131. T\u00fcrkiye`nin kuzey ve do\u011fu kom\u015fular\u0131n\u0131 da kapsama alan\u0131\u2026","rel":"","context":"&quot;Haberler&quot; i\u00e7inde","block_context":{"text":"Haberler","link":"https:\/\/www.gocmeniz.biz\/?cat=5"},"img":{"alt_text":"","src":"","width":0,"height":0},"classes":[]},{"id":23,"url":"https:\/\/www.gocmeniz.biz\/?p=23","url_meta":{"origin":24,"position":3},"title":"\u0130\u015fte sinevizyondaki TOP10. Se\u00e7im sizin :)","author":"SVNC","date":"04 Mart 2007","format":false,"excerpt":"En \u00c7ok \u0130zlenenler \u00a0 \u00a0 Hayalet S\u00fcr\u00fcc\u00fc Ghost Rider \u00a0 \u00a0 \u00a0 \u00a0 Salon Say\u0131s\u0131: 72 \u00a0 Hafta:\u00a0 2 \u00a0 \u0130zleyici:\u00a0 48.697 \u00a0 Toplam izleyici:\u00a0 170.154 \u00a0 \u00a0 Son Osmanl\u0131: Yand\u0131m Ali Son Osmanl\u0131: Yand\u0131m Ali \u00a0 \u00a0 \u00a0 \u00a0 Salon Say\u0131s\u0131: 193 \u00a0 Hafta: 6 \u00a0 \u0130zleyici: 40.053 \u00a0\u2026","rel":"","context":"&quot;Haberler&quot; i\u00e7inde","block_context":{"text":"Haberler","link":"https:\/\/www.gocmeniz.biz\/?cat=5"},"img":{"alt_text":"","src":"","width":0,"height":0},"classes":[]},{"id":55,"url":"https:\/\/www.gocmeniz.biz\/?p=55","url_meta":{"origin":24,"position":4},"title":"Y\u0131ld\u0131z \u0130BRAH\u0130MOVA&#8217;n\u0131n e\u015fi hayat\u0131n\u0131 kaybetti.","author":"Admin","date":"22 Nisan 2007","format":false,"excerpt":"5 g\u00fcnd\u00fcr komada olan CHP'li TBMM Ba\u015fkanvekili Ali Din\u00e7er hayat\u0131n\u0131 kaybetti. \u0130bn-i Sina Hastanesi\u2019nde tedavi alt\u0131nda bulunan TBMM Ba\u015fkanvekili ve CHP Milletvekili Ali Din\u00e7er, \u00f6\u011flen saatlerinde hayat\u0131n\u0131 kaybetti. Din\u00e7er\u2019in karde\u015fi Tahir Din\u00e7er, sabah yapt\u0131\u011f\u0131 a\u00e7\u0131klamada zaman zaman kana ihtiya\u00e7 duyuldu\u011funu, karde\u015finin sa\u011fl\u0131k durumunda de\u011fi\u015fiklik olmad\u0131\u011f\u0131n\u0131 s\u00f6ylemi\u015fti. Hastane Ba\u015fhekimi Murat Akal,\u2026","rel":"","context":"&quot;Haberler&quot; i\u00e7inde","block_context":{"text":"Haberler","link":"https:\/\/www.gocmeniz.biz\/?cat=5"},"img":{"alt_text":"","src":"https:\/\/i0.wp.com\/arsiv.sabah.com.tr\/2005\/03\/28\/im\/\/6E136589DB2FE84192AB6437b.jpg?resize=350%2C200","width":350,"height":200},"classes":[]},{"id":208,"url":"https:\/\/www.gocmeniz.biz\/?p=208","url_meta":{"origin":24,"position":5},"title":"Soyda\u015f G\u00fcre\u015f\u00e7iler, B\u00fcy\u00fck\u015fehir&#8217;i Ziyaret Etti","author":"Admin","date":"12 Kas\u0131m 2007","format":false,"excerpt":"\u0130zmir B\u00fcy\u00fck\u015fehir Belediyesi Ba\u015fkan Vekili Yusuf Ali Karaman, Atat\u00fcrk'\u00fcn 69. \u00f6l\u00fcm y\u0131l d\u00f6n\u00fcm\u00fc an\u0131s\u0131na B\u00fcy\u00fck\u015fehir Belediyesi taraf\u0131ndan d\u00fczenlenen g\u00fcre\u015f m\u00fcsabakalar\u0131 kapsam\u0131nda \u0130zmir'de bulunan Bulgaristan'\u0131n Olimpiest Tak\u0131m\u0131 g\u00fcre\u015f\u00e7ilerini makam\u0131nda a\u011f\u0131rlad\u0131. G\u00fcre\u015f tak\u0131m\u0131n\u0131n ba\u015fkanl\u0131\u011f\u0131n\u0131 da y\u00fcr\u00fcten Targovi\u00e7 kentinin Antonovo il\u00e7esi Belediye Ba\u015fkan\u0131 Taner Ali, g\u00fcre\u015fin iki \u00fclkenin de ata sporu oldu\u011funu vurgulad\u0131.\u2026","rel":"","context":"&quot;Haberler&quot; i\u00e7inde","block_context":{"text":"Haberler","link":"https:\/\/www.gocmeniz.biz\/?cat=5"},"img":{"alt_text":"","src":"https:\/\/i0.wp.com\/resimler.haberler.com\/haber\/812\/soydas-guresciler-buyuksehir-i-ziyaret-etti-2_b.jpg?resize=350%2C200","width":350,"height":200},"classes":[]}],"jetpack_sharing_enabled":true,"jetpack_likes_enabled":true,"_links":{"self":[{"href":"https:\/\/www.gocmeniz.biz\/index.php?rest_route=\/wp\/v2\/posts\/24","targetHints":{"allow":["GET"]}}],"collection":[{"href":"https:\/\/www.gocmeniz.biz\/index.php?rest_route=\/wp\/v2\/posts"}],"about":[{"href":"https:\/\/www.gocmeniz.biz\/index.php?rest_route=\/wp\/v2\/types\/post"}],"author":[{"embeddable":true,"href":"https:\/\/www.gocmeniz.biz\/index.php?rest_route=\/wp\/v2\/users\/12"}],"replies":[{"embeddable":true,"href":"https:\/\/www.gocmeniz.biz\/index.php?rest_route=%2Fwp%2Fv2%2Fcomments&post=24"}],"version-history":[{"count":1,"href":"https:\/\/www.gocmeniz.biz\/index.php?rest_route=\/wp\/v2\/posts\/24\/revisions"}],"predecessor-version":[{"id":9671,"href":"https:\/\/www.gocmeniz.biz\/index.php?rest_route=\/wp\/v2\/posts\/24\/revisions\/9671"}],"wp:attachment":[{"href":"https:\/\/www.gocmeniz.biz\/index.php?rest_route=%2Fwp%2Fv2%2Fmedia&parent=24"}],"wp:term":[{"taxonomy":"category","embeddable":true,"href":"https:\/\/www.gocmeniz.biz\/index.php?rest_route=%2Fwp%2Fv2%2Fcategories&post=24"},{"taxonomy":"post_tag","embeddable":true,"href":"https:\/\/www.gocmeniz.biz\/index.php?rest_route=%2Fwp%2Fv2%2Ftags&post=24"}],"curies":[{"name":"wp","href":"https:\/\/api.w.org\/{rel}","templated":true}]}}