{"id":250,"date":"2007-12-21T17:42:06","date_gmt":"2007-12-21T15:42:06","guid":{"rendered":"http:\/\/www.gocmeniz.biz\/koyume-vardim\/"},"modified":"2007-12-21T17:42:06","modified_gmt":"2007-12-21T15:42:06","slug":"koyume-vardim","status":"publish","type":"post","link":"https:\/\/www.gocmeniz.biz\/?p=250","title":{"rendered":"K\u00d6Y\u00dcME VARDIM"},"content":{"rendered":"<p><strong>K\u00d6Y\u00dcME VARDIM\u00a0 <\/strong><\/p>\n<p>K\u00f6y\u00fcme vard\u0131m ,ke\u015fke varmaz olsayd\u0131m<br \/>\n\u00c7ileli k\u00f6yde\u015flerimi g\u00f6rmez olsayd\u0131m<br \/>\nNe yaz\u0131k, \u00e7ark geriye d\u00f6n\u00fc\u015f yapm\u0131\u015f<br \/>\nG\u00f6r\u00fcnce onlar\u0131 , y\u00fcz y\u0131l geriye sayd\u0131m .<\/p>\n<p>Kanl\u0131 g\u00f6zya\u015f\u0131 d\u00f6ken ,y\u0131llarca ya\u015fad\u0131\u011f\u0131m<br \/>\nHarabeye d\u00f6nm\u00fc\u015f olan evime vard\u0131m<br \/>\nG\u00fcrl\u00fck ot i\u00e7inde yaln\u0131z ba\u015f\u0131na terk edilmi\u015f<br \/>\nY\u0131llardan beri \u00e7al\u0131\u015ft\u0131\u011f\u0131m , bah\u00e7emi g\u00f6rd\u00fcm .<\/p>\n<p>\u00c7\u0131kt\u0131m su havuzunun doru\u011funa \u015f\u00f6yle bakt\u0131m<br \/>\nK\u00f6y\u00fcm\u00fcn da\u011f\u0131n\u0131 yemye\u015fil ovas\u0131n\u0131 seyrettim<br \/>\nK\u00f6y\u00fcm\u00fcz\u00fcn ya\u015fl\u0131 malul , kad\u0131n ve erke\u011finin<br \/>\nHal hat\u0131r\u0131n\u0131 sordum kap\u0131 \u2013 kap\u0131 gezip dola\u015ft\u0131m .<\/p>\n<p>\u00dczg\u00fcn \u00fczg\u00fcn bak\u0131yor,g\u00f6\u00e7enierinevleri<br \/>\nTerk edilmi\u015f tek t\u00fck bak\u0131ms\u0131z kalan evler<br \/>\nBelki sahiplerini bekliyor ,y\u0131llardan beri<br \/>\nAc\u0131 a\u011f\u0131tlar yak\u0131yor, yaln\u0131zl\u0131k evleri .<\/p>\n<p>Tursun k\u00f6yde Nesibe abla beni g\u00f6r\u00fcnce<br \/>\n\u015ea\u015f\u0131r\u0131p kald\u0131,\u00a0 sarma\u015f dola\u015f oldu hemence<br \/>\n\u0130smail k\u00f6se, umudunu yitirmi\u015f ben gelmeyince<br \/>\nAcaba,bu ac\u0131kl\u0131 hat\u0131ralar unutulur mu?<\/p>\n<p>Peri\u015fan olmu\u015f benim k\u00f6yde\u015flerim orada<br \/>\nsanki o yerleri beklemeye mecbur edildi<br \/>\nT\u00fcrk milleti y\u00fczy\u0131llarca vatan\u0131 gibi korudu<br \/>\nAma y\u0131llard\u0131r d\u00f6v\u00fcnd\u00fckte ne oldu ,<br \/>\nYine de Bulgar&#8217;a kald\u0131&#8230;<\/p>\n<p>G\u00f6rd\u00fcm s\u00f6nm\u00fc\u015f parlayan \u0131\u015f\u0131klar<br \/>\nKaranl\u0131k \u0131ss\u0131z,sessiz sedas\u0131z sokaklar<br \/>\nKurumu\u015f\u00a0 dikti\u011fim o k\u00f6rpe fidanlar<br \/>\nNe seven kalm\u0131\u015f ne de sevilenler.<\/p>\n<p>G\u00f6\u00e7 r\u00fczgar\u0131 kast\u0131 kavurdu bizleri<br \/>\nTursun k\u00f6yde kald\u0131 yar\u0131m yamalak evler<br \/>\nKediye k\u00f6pe\u011fe yuva olmu\u015f terk edilmi\u015f evler<br \/>\nYaz\u0131k olmu\u015f,var\u0131yla yokuyla yap\u0131lan m\u00fclklere.<\/p>\n<p>H\u00fcseyin\u00a0 G\u00dcNTEK\u0130N<\/p>\n","protected":false},"excerpt":{"rendered":"<p>K\u00d6Y\u00dcME VARDIM\u00a0 K\u00f6y\u00fcme vard\u0131m ,ke\u015fke varmaz olsayd\u0131m \u00c7ileli k\u00f6yde\u015flerimi g\u00f6rmez olsayd\u0131m Ne yaz\u0131k, \u00e7ark geriye d\u00f6n\u00fc\u015f yapm\u0131\u015f G\u00f6r\u00fcnce onlar\u0131 , y\u00fcz y\u0131l geriye sayd\u0131m . Kanl\u0131 g\u00f6zya\u015f\u0131 d\u00f6ken ,y\u0131llarca ya\u015fad\u0131\u011f\u0131m Harabeye d\u00f6nm\u00fc\u015f olan evime vard\u0131m G\u00fcrl\u00fck ot i\u00e7inde yaln\u0131z ba\u015f\u0131na terk edilmi\u015f Y\u0131llardan beri \u00e7al\u0131\u015ft\u0131\u011f\u0131m , bah\u00e7emi g\u00f6rd\u00fcm . \u00c7\u0131kt\u0131m su havuzunun doru\u011funa \u015f\u00f6yle bakt\u0131m [&hellip;]<\/p>\n","protected":false},"author":1,"featured_media":0,"comment_status":"open","ping_status":"open","sticky":false,"template":"","format":"standard","meta":{"advanced_seo_description":"","jetpack_seo_html_title":"","jetpack_seo_noindex":false,"ngg_post_thumbnail":0,"jetpack_post_was_ever_published":false,"_jetpack_newsletter_access":"","_jetpack_dont_email_post_to_subs":false,"_jetpack_newsletter_tier_id":0,"_jetpack_memberships_contains_paywalled_content":false,"_jetpack_memberships_contains_paid_content":false,"footnotes":""},"categories":[31],"tags":[],"class_list":["post-250","post","type-post","status-publish","format-standard","hentry","category-huseyin-guntekin"],"jetpack_featured_media_url":"","jetpack_shortlink":"https:\/\/wp.me\/paHHlZ-42","jetpack-related-posts":[{"id":2099,"url":"https:\/\/www.gocmeniz.biz\/?p=2099","url_meta":{"origin":250,"position":0},"title":"Bu k\u00f6yde 50 y\u0131ld\u0131r i\u00e7ki sat\u0131lm\u0131yor","author":"Haberci","date":"05 Nisan 2010","format":false,"excerpt":"F\u0131rat KESK\u0130NKILI\u00c7- Engin \u00d6ZMEN\/ED\u0130RNE, (DHA)ED\u0130RNE\u2019nin Bulgaristan s\u0131n\u0131r\u0131ndaki Kemalk\u00f6y\u2019de i\u00e7ki sat\u0131lm\u0131yor. A\u00e7\u0131k alanlarda ve k\u00f6yde d\u00fc\u011f\u00fcnlerde i\u00e7ki i\u00e7ilmiyor.\u0130steyen vatanda\u015f evinde i\u00e7ebiliyor. \u0130\u00e7ki ruhsat\u0131 bulunan iki market, halktan gelebilecek tepkiler nedeniyle y\u0131llardan beri gelenekselle\u015fen bu durum nedeniyle i\u00e7ki sat\u0131\u015f\u0131 yapm\u0131yor.Bulgaristan\u2019a ge\u00e7i\u015fi sa\u011flayan Kap\u0131kule S\u0131n\u0131r Kap\u0131s\u0131\u2019na 3 kilometre uzakl\u0131ktaki 300 haneli, bin 100\u2026","rel":"","context":"&quot;Haberler&quot; i\u00e7inde","block_context":{"text":"Haberler","link":"https:\/\/www.gocmeniz.biz\/?cat=5"},"img":{"alt_text":"","src":"","width":0,"height":0},"classes":[]},{"id":728,"url":"https:\/\/www.gocmeniz.biz\/?p=728","url_meta":{"origin":250,"position":1},"title":"&#8220;50 CENT\u2019le \u015fans\u0131m g\u00fcld\u00fc&#8221;","author":"Haberci","date":"25 Aral\u0131k 2008","format":false,"excerpt":"Ramiz, rap m\u00fczi\u011fe kendini adam\u0131\u015f ve bu u\u011furda paras\u0131z kalmay\u0131 g\u00f6ze alm\u0131\u015f bir Bulgaristan g\u00f6\u00e7meni. \u201cGece Yolcular\u0131\u201d ve 50 Cent sayesinde hayat\u0131nda bir d\u00f6n\u00fcm noktas\u0131na gelen Ramiz\u2019in hedefi solo alb\u00fcm yapmak. 50 Cent\u2019in g\u00f6zlerine bakarak \u015fark\u0131 s\u00f6ylemenin heyecan\u0131n\u0131 h\u00e2l\u00e2 \u00fczerinde ta\u015f\u0131yan Ramiz, \u201c50 Cent olmasayd\u0131 ben de olmazd\u0131m. Herkesin \u015fansa\u2026","rel":"","context":"&quot;Haberler&quot; i\u00e7inde","block_context":{"text":"Haberler","link":"https:\/\/www.gocmeniz.biz\/?cat=5"},"img":{"alt_text":"","src":"","width":0,"height":0},"classes":[]},{"id":234,"url":"https:\/\/www.gocmeniz.biz\/?p=234","url_meta":{"origin":250,"position":2},"title":"Halk Otob\u00fcs\u00fcnde Ya\u015fam Sava\u015f\u0131","author":"Admin","date":"07 Aral\u0131k 2007","format":false,"excerpt":"Ba\u011fc\u0131lar'da 82 ya\u015f\u0131ndaki Bulgar g\u00f6\u00e7meni bir nine, o\u011flu ve torunuyla birlikte terk edilmi\u015f halk otob\u00fcs\u00fcnde ya\u015fam m\u00fccadelesi veriyor. Y\u0131llar \u00f6nce yeni bir hayata ba\u015flamak d\u00fc\u015f\u00fcncesiyle Bulgaristan'dan T\u00fcrkiye'ye g\u00f6\u00e7 eden \u00c7al\u0131\u015fkan ailesi, maddi imkans\u0131zl\u0131klar nedeniyle daha \u00f6nce kirada oturduklar\u0131 evden \u00e7\u0131kmak zorunda kal\u0131nca Yavuz Selim Mahallesi'nde mahkemelik oldu\u011fu i\u00e7in yol kenar\u0131na\u2026","rel":"","context":"&quot;Haberler&quot; i\u00e7inde","block_context":{"text":"Haberler","link":"https:\/\/www.gocmeniz.biz\/?cat=5"},"img":{"alt_text":"","src":"","width":0,"height":0},"classes":[]},{"id":1174,"url":"https:\/\/www.gocmeniz.biz\/?p=1174","url_meta":{"origin":250,"position":3},"title":"Balkan M\u00fcsl\u00fcmanlar\u0131n\u0131n \u00e7ilesi","author":"Haberci","date":"05 May\u0131s 2009","format":false,"excerpt":"D\u0131\u015f Politika M.Necati \u00d6zfatura Osmanl\u0131 Devletinin da\u011f\u0131lmas\u0131yla, hatta 1878\u2019den bu yana Balkan M\u00fcsl\u00fcmanlar\u0131na soyk\u0131r\u0131m, bask\u0131 ve tehcir periyodik olarak devam etti. \u015eu anda bu i\u015f misyoner kurulu\u015flar\u0131na havale edildi. Mesela n\u00fcfusunun y\u00fczde 75\u2019i M\u00fcsl\u00fcman olan Arnavutluk topraklar\u0131 S\u0131rbistan, Yunanistan, Makedonya, Karada\u011f ve Sancak aras\u0131nda taksim edildi. Bosna Hersek\u2019te S\u0131rplar ve\u2026","rel":"","context":"&quot;Haberler&quot; i\u00e7inde","block_context":{"text":"Haberler","link":"https:\/\/www.gocmeniz.biz\/?cat=5"},"img":{"alt_text":"","src":"","width":0,"height":0},"classes":[]},{"id":2029,"url":"https:\/\/www.gocmeniz.biz\/?p=2029","url_meta":{"origin":250,"position":4},"title":"Bulgaristan&#8217;daki &#8220;Erken ya\u015fta annelik sorunu&#8221;na e\u011fitimle \u00e7\u00f6z\u00fcm aranacak","author":"Haberci","date":"11 Ocak 2010","format":false,"excerpt":"\u00dclkede re\u015fit olmayan 16 ya\u015f\u0131n alt\u0131ndaki gen\u00e7ler, tecr\u00fcbesizlik ve sorumsuzluk nedeniyle erken ya\u015fta do\u011fum yap\u0131yor. \u00dclke genelinde kimsesiz \u00e7ocuklar yurtlar\u0131nda \u015fuan itibar\u0131 ile 16 ya\u015f\u0131ndan k\u00fc\u00e7\u00fck k\u0131zlar\u0131n d\u00fcnyaya getirdi\u011fi yakla\u015f\u0131k 250 bebek kal\u0131yor. Yakla\u015f\u0131k bir y\u0131l \u00f6nce 12 ya\u015f\u0131ndaki bir k\u0131z\u0131n do\u011fum yapmas\u0131 herkesi \u015fa\u015f\u0131rtm\u0131\u015ft\u0131.\u00a0 Daha sonra \u00fczerinden birka\u00e7 ay\u2026","rel":"","context":"&quot;Haberler&quot; i\u00e7inde","block_context":{"text":"Haberler","link":"https:\/\/www.gocmeniz.biz\/?cat=5"},"img":{"alt_text":"","src":"","width":0,"height":0},"classes":[]},{"id":2117,"url":"https:\/\/www.gocmeniz.biz\/?p=2117","url_meta":{"origin":250,"position":5},"title":"Tarihi drama k\u00f6pr\u00fcs\u00fc bulundu","author":"Haberci","date":"26 Nisan 2010","format":false,"excerpt":"A.A \u201cDrama K\u00f6pr\u00fcs\u00fc Hasan, dard\u0131r ge\u00e7ilmez\/So\u011fuktur sular\u0131 Hasan bir tas i\u00e7ilmez\/Anadan ge\u00e7ilir Hasan yardan ge\u00e7ilmez\u201d t\u00fcrk\u00fcs\u00fcne konu olan k\u00f6pr\u00fcn\u00fcn yeri, bir Rum yerel tarih\u00e7i taraf\u0131ndan belirlendi. Lozan M\u00fcbadilleri Vakf\u0131 Genel Sekreteri Sefer G\u00fcven\u00e7, AA muhabirine yapt\u0131\u011f\u0131 a\u00e7\u0131klamada, \u201cDrama K\u00f6pr\u00fcs\u00fc\u201d t\u00fcrk\u00fcs\u00fcn\u00fc, Yunanistan'\u0131n Drama kentinden T\u00fcrkiye'ye gelen b\u00fct\u00fcn m\u00fcbadillerin bildi\u011fini anlatt\u0131. G\u00fcven\u00e7,\u2026","rel":"","context":"&quot;Haberler&quot; i\u00e7inde","block_context":{"text":"Haberler","link":"https:\/\/www.gocmeniz.biz\/?cat=5"},"img":{"alt_text":"","src":"","width":0,"height":0},"classes":[]}],"jetpack_sharing_enabled":true,"jetpack_likes_enabled":true,"_links":{"self":[{"href":"https:\/\/www.gocmeniz.biz\/index.php?rest_route=\/wp\/v2\/posts\/250","targetHints":{"allow":["GET"]}}],"collection":[{"href":"https:\/\/www.gocmeniz.biz\/index.php?rest_route=\/wp\/v2\/posts"}],"about":[{"href":"https:\/\/www.gocmeniz.biz\/index.php?rest_route=\/wp\/v2\/types\/post"}],"author":[{"embeddable":true,"href":"https:\/\/www.gocmeniz.biz\/index.php?rest_route=\/wp\/v2\/users\/1"}],"replies":[{"embeddable":true,"href":"https:\/\/www.gocmeniz.biz\/index.php?rest_route=%2Fwp%2Fv2%2Fcomments&post=250"}],"version-history":[{"count":0,"href":"https:\/\/www.gocmeniz.biz\/index.php?rest_route=\/wp\/v2\/posts\/250\/revisions"}],"wp:attachment":[{"href":"https:\/\/www.gocmeniz.biz\/index.php?rest_route=%2Fwp%2Fv2%2Fmedia&parent=250"}],"wp:term":[{"taxonomy":"category","embeddable":true,"href":"https:\/\/www.gocmeniz.biz\/index.php?rest_route=%2Fwp%2Fv2%2Fcategories&post=250"},{"taxonomy":"post_tag","embeddable":true,"href":"https:\/\/www.gocmeniz.biz\/index.php?rest_route=%2Fwp%2Fv2%2Ftags&post=250"}],"curies":[{"name":"wp","href":"https:\/\/api.w.org\/{rel}","templated":true}]}}