{"id":252,"date":"2007-12-22T13:28:49","date_gmt":"2007-12-22T11:28:49","guid":{"rendered":"http:\/\/www.gocmeniz.biz\/bayram-sabahi\/"},"modified":"2007-12-22T13:40:04","modified_gmt":"2007-12-22T11:40:04","slug":"bayram-sabahi","status":"publish","type":"post","link":"https:\/\/www.gocmeniz.biz\/?p=252","title":{"rendered":"Bayram Sabah\u0131"},"content":{"rendered":"<p>Bayram  Sabah\u0131<\/p>\n<p>Bayram sabah\u0131n\u0131 \u015f\u00f6yle bir d\u00fc\u015f\u00fcn\u00fcn<br \/>\nHele \u00f6lm\u00fc\u015f\u00fc olan o g\u00fcn, \u00e7ok \u00fczg\u00fcn<br \/>\nBayram sabah\u0131 belli olur. \u00d6lenin k\u0131ymeti<br \/>\nbu   sabah ac\u0131 a\u011f\u0131tlar yak\u0131l\u0131r \u00f6l\u00fcm\u00fcne .<\/p>\n<p>Bayram sabah\u0131 \u015f\u00f6yle d\u00fc\u015f\u00fcn\u00fcn<br \/>\nSokaklarda \u00e7\u0131plak ayakla gezeni<br \/>\nBald\u0131r\u0131 a\u00e7\u0131k pantolonu y\u0131rt\u0131k olan\u0131<br \/>\nBayram sabah\u0131 eti b\u0131rak bir ka\u015f\u0131k,<br \/>\nS\u0131cak \u00e7orbaya hasret kalan\u0131 .<\/p>\n<p>Bayram sabah\u0131 boynu b\u00fck\u00fck olur \u00f6ks\u00fczler<br \/>\nGariban kimsesiz olan, yetim \u00e7ocuklar<br \/>\nNedense bu sabah, mutluluk belli olur<br \/>\nO  masum peri\u015fan bak\u0131\u015flar zaten sezdirir.<\/p>\n<p>Bu sabah malum ya \u00f6ks\u00fczl\u00fck, fukaral\u0131k<br \/>\nKimi kimsesi olmayan boynu b\u00fck\u00fck<br \/>\nSokak a\u011f\u0131l boylar\u0131nda yatt\u0131n\u0131z b\u00fcz\u00fclerek<br \/>\nAcaba soran oldu mu ?.. Karn\u0131n\u0131z a\u00e7 m\u0131 diye .<\/p>\n<p>Bayram sabah\u0131 herkesin karn\u0131 doyar<br \/>\nBu masum zavall\u0131 fukaralar, \u00e7\u00f6pte ekmek arar<br \/>\nYok mu bir hay\u0131rl\u0131 ki\u015fi, bir tabak \u00e7orba versin ,<br \/>\nYok mu bir zengin \u00fcst\u00fc ba\u015f\u0131n\u0131 giydirsin .<\/p>\n<p>D\u00fc\u015f\u00fcn\u00fcn \u015f\u00f6yle \u015fu bayram sabahlar\u0131n\u0131<br \/>\nHerkes giymi\u015f \u015f\u0131k bayraml\u0131k elbiselerini<br \/>\nBu sabah anne baba ve h\u0131s\u0131m akraban\u0131n<br \/>\nHali hat\u0131r\u0131 sorulacak , elleri \u00f6p\u00fclecek .<\/p>\n<p>Pekala annesi babas\u0131 olmayanlar\u0131n hali ,<br \/>\nYetim kalanlar\u0131n durumu acep ne olacak ?<br \/>\nBoynu b\u00fck\u00fck , ba\u011fr\u0131 yan\u0131k m\u0131 kalacak ?<br \/>\nBunlar her bayram sabah\u0131 b\u00f6yle mi olacak ?<\/p>\n<p>21  Aral\u0131k  Cuma ak\u015fam\u0131<br \/>\nSaat  02 de yaz\u0131ld\u0131<\/p>\n<p>H\u00fcseyin G\u00fcntekin<\/p>\n","protected":false},"excerpt":{"rendered":"<p>Bayram Sabah\u0131 Bayram sabah\u0131n\u0131 \u015f\u00f6yle bir d\u00fc\u015f\u00fcn\u00fcn Hele \u00f6lm\u00fc\u015f\u00fc olan o g\u00fcn, \u00e7ok \u00fczg\u00fcn Bayram sabah\u0131 belli olur. \u00d6lenin k\u0131ymeti bu sabah ac\u0131 a\u011f\u0131tlar yak\u0131l\u0131r \u00f6l\u00fcm\u00fcne . Bayram sabah\u0131 \u015f\u00f6yle d\u00fc\u015f\u00fcn\u00fcn Sokaklarda \u00e7\u0131plak ayakla gezeni Bald\u0131r\u0131 a\u00e7\u0131k pantolonu y\u0131rt\u0131k olan\u0131 Bayram sabah\u0131 eti b\u0131rak bir ka\u015f\u0131k, S\u0131cak \u00e7orbaya hasret kalan\u0131 . Bayram sabah\u0131 boynu b\u00fck\u00fck [&hellip;]<\/p>\n","protected":false},"author":1,"featured_media":0,"comment_status":"open","ping_status":"open","sticky":false,"template":"","format":"standard","meta":{"advanced_seo_description":"","jetpack_seo_html_title":"","jetpack_seo_noindex":false,"ngg_post_thumbnail":0,"jetpack_post_was_ever_published":false,"_jetpack_newsletter_access":"","_jetpack_dont_email_post_to_subs":false,"_jetpack_newsletter_tier_id":0,"_jetpack_memberships_contains_paywalled_content":false,"_jetpack_memberships_contains_paid_content":false,"footnotes":""},"categories":[31],"tags":[],"class_list":["post-252","post","type-post","status-publish","format-standard","hentry","category-huseyin-guntekin"],"jetpack_featured_media_url":"","jetpack_shortlink":"https:\/\/wp.me\/paHHlZ-44","jetpack-related-posts":[{"id":8389,"url":"https:\/\/www.gocmeniz.biz\/?p=8389","url_meta":{"origin":252,"position":0},"title":"Balkanlar&#8217;da M\u00fcsl\u00fcmanlar Ramazan Bayram\u0131 namaz\u0131n\u0131 k\u0131ld\u0131","author":"Admin","date":"20 Mart 2026","format":false,"excerpt":"Balkan \u00fclkeleri Kuzey Makedonya, Arnavutluk, Kosova, Bosna Hersek, S\u0131rbistan, H\u0131rvatistan, Bulgaristan ve Karada\u011f'da ya\u015fayan M\u00fcsl\u00fcmanlar, Ramazan Bayram\u0131 namaz\u0131n\u0131 k\u0131lmak i\u00e7in camilere ak\u0131n etti. Kuzey Makedonya'da Ramazan Bayram\u0131 dolay\u0131s\u0131yla merkezi t\u00f6ren, Kuzey Makedonya \u0130slam Birli\u011fi (Diyanet \u0130\u015fleri) himayelerinde ba\u015fkent \u00dcsk\u00fcp'teki Mustafa Pa\u015fa Camisi'nde d\u00fczenlendi. Program kapsam\u0131nda ilahiler okundu, dualar edildi. Ramazan\u2026","rel":"","context":"&quot;Haberler&quot; i\u00e7inde","block_context":{"text":"Haberler","link":"https:\/\/www.gocmeniz.biz\/?cat=5"},"img":{"alt_text":"","src":"https:\/\/i0.wp.com\/www.gocmeniz.biz\/wp-content\/balkanlar-da-muslumanlar-ramazan-bayrami-nama-19673761_amp.jpg?fit=1200%2C800&ssl=1&resize=350%2C200","width":350,"height":200,"srcset":"https:\/\/i0.wp.com\/www.gocmeniz.biz\/wp-content\/balkanlar-da-muslumanlar-ramazan-bayrami-nama-19673761_amp.jpg?fit=1200%2C800&ssl=1&resize=350%2C200 1x, https:\/\/i0.wp.com\/www.gocmeniz.biz\/wp-content\/balkanlar-da-muslumanlar-ramazan-bayrami-nama-19673761_amp.jpg?fit=1200%2C800&ssl=1&resize=525%2C300 1.5x, https:\/\/i0.wp.com\/www.gocmeniz.biz\/wp-content\/balkanlar-da-muslumanlar-ramazan-bayrami-nama-19673761_amp.jpg?fit=1200%2C800&ssl=1&resize=700%2C400 2x, https:\/\/i0.wp.com\/www.gocmeniz.biz\/wp-content\/balkanlar-da-muslumanlar-ramazan-bayrami-nama-19673761_amp.jpg?fit=1200%2C800&ssl=1&resize=1050%2C600 3x"},"classes":[]},{"id":678,"url":"https:\/\/www.gocmeniz.biz\/?p=678","url_meta":{"origin":252,"position":1},"title":"Bayram Namaz\u0131 Saatleri","author":"Haberci","date":"06 Aral\u0131k 2008","format":false,"excerpt":"YURT DI\u015eINDA NAMAZ SAATLER\u0130KKTC'nin ba\u015fkenti Lefko\u015fa'da bayram namaz\u0131 saat 07.24'te k\u0131l\u0131nacak.T\u00fcrk cumhuriyetleri ve Balkan \u00fclkelerindeki baz\u0131 merkezlerde bayram namaz\u0131 \u015fu saatlerde k\u0131l\u0131nacak:Bak\u00fc: 08.36, Nahcivan: 08.50, Bi\u015fkek: 08.07, Ta\u015fkent: 08.22, Du\u015fambe: 08.14, Batum: 09.14, Almat\u0131: 09.00, A\u015fkabat: 08.53, Tiran: 07.40, Atina: 08.12, Dedea\u011fa\u00e7: 08.14, Tiflis: 09.02, G\u00fcm\u00fclcine: 08.17, \u0130ske\u00e7e: 08.19, Selanik:\u2026","rel":"","context":"&quot;Haberler&quot; i\u00e7inde","block_context":{"text":"Haberler","link":"https:\/\/www.gocmeniz.biz\/?cat=5"},"img":{"alt_text":"","src":"","width":0,"height":0},"classes":[]},{"id":1894,"url":"https:\/\/www.gocmeniz.biz\/?p=1894","url_meta":{"origin":252,"position":2},"title":"Domuz gribi \u00e7apk\u0131nlar\u0131n ka\u00e7amak turizmini bitirdi","author":"Haberci","date":"05 Kas\u0131m 2009","format":false,"excerpt":"T\u00fcrk \u00e7apk\u0131nlar\u0131n g\u00f6zde mekanlar\u0131 aras\u0131nda yer alan Ukrayna, Romanya ve Rusya`da domuz gribi salg\u0131n\u0131 h\u0131zlan\u0131nca bu \u00fclkelere turlar y\u00fczde 75 azald\u0131. Domuz gribinin yaratt\u0131\u011f\u0131 panik `uluslararas\u0131` T\u00fcrk \u00e7apk\u0131nlar\u0131n g\u00f6zde mekanlar\u0131ndan Ukrayna, Rusya, Romanya ve \u00c7ek Cumhuriyeti gibi \u00fclkelere yap\u0131lan turlar\u0131 vurdu. Gribe neden olan H1N1 vir\u00fcs\u00fcn\u00fcn d\u00fc\u015f\u00fck hava s\u0131cakl\u0131\u011f\u0131nda aktifle\u015fmesi\u2026","rel":"","context":"&quot;Haberler&quot; i\u00e7inde","block_context":{"text":"Haberler","link":"https:\/\/www.gocmeniz.biz\/?cat=5"},"img":{"alt_text":"","src":"","width":0,"height":0},"classes":[]},{"id":375,"url":"https:\/\/www.gocmeniz.biz\/?p=375","url_meta":{"origin":252,"position":3},"title":"Bulgaristan D\u0131\u015fi\u015fleri Bakan\u0131 \u0130vaylo Kalfin Edirne&#8217;de","author":"Haberci","date":"07 May\u0131s 2008","format":false,"excerpt":"Bulgaristan D\u0131\u015fi\u015fleri Bakan\u0131 \u0130vaylo Kalfin, \u00fclkelerinde resmi ve dini bayram olarak kutlanan 6 May\u0131s Aziz George ve Ordu Bayram\u0131 kutlamalar\u0131 i\u00e7in Edirne'ye geldi. Konuk bakan, Edirne'de bulunan St. George Kilisesi'ni ziyaret etti.Bas\u0131n mensuplar\u0131n\u0131n sorular\u0131n\u0131 cevaplayan Kalfin, bir gazetecinin, \"AK Parti'ye a\u00e7\u0131lan kapatma davas\u0131n\u0131 izliyor musunuz?\" sorusu \u00fczerine, \"Bu davay\u0131 yak\u0131ndan\u2026","rel":"","context":"&quot;Haberler&quot; i\u00e7inde","block_context":{"text":"Haberler","link":"https:\/\/www.gocmeniz.biz\/?cat=5"},"img":{"alt_text":"","src":"https:\/\/i0.wp.com\/resimler.haberler.com\/haber\/807\/bulgaristan-disisleri-bakani-ivaylo-kalfin-edirne_o.jpg?resize=350%2C200","width":350,"height":200},"classes":[]},{"id":1964,"url":"https:\/\/www.gocmeniz.biz\/?p=1964","url_meta":{"origin":252,"position":4},"title":"Kurban Bayram\u0131\u2019nda yard\u0131mla\u015fma ve kayna\u015fma \u00f6n plana \u00e7\u0131kt\u0131","author":"Haberci","date":"30 Kas\u0131m 2009","format":false,"excerpt":"Yard\u0131mla\u015fma ve kayna\u015fmay\u0131 \u00f6ne \u00e7\u0131karan Kurban Bayram\u0131 \u00fclke genelinde \u00e7o\u015fkulu bir \u015fekilde kutland\u0131. Kesilen kurbanlar\u0131n e\u015f, dost, akraba, kom\u015fu ve yoksullara da\u011f\u0131t\u0131lmas\u0131yla yard\u0131mla\u015fma ve kayna\u015fma atmosferi sa\u011flanmaya \u00e7al\u0131\u015f\u0131ld\u0131. Dialogue Bulgaria\u2019n\u0131n \u00fclke genelinde organize etti\u011fi farkl\u0131 etkinlikler ile T\u00fcrk ve Bulgar t\u00fcm toplum bayram\u0131 birlikte kutlad\u0131 ve da\u011f\u0131t\u0131lan etlerle yoksullar ve\u2026","rel":"","context":"&quot;Haberler&quot; i\u00e7inde","block_context":{"text":"Haberler","link":"https:\/\/www.gocmeniz.biz\/?cat=5"},"img":{"alt_text":"","src":"","width":0,"height":0},"classes":[]},{"id":190,"url":"https:\/\/www.gocmeniz.biz\/?p=190","url_meta":{"origin":252,"position":5},"title":"\u0130\u00e7i\u015fleri Bakanl\u0131\u011f\u0131&#8217;ndan Bulgaristan G\u00f6\u00e7menlerine M\u00fcjde","author":"Admin","date":"14 Ekim 2007","format":false,"excerpt":"\u0130\u00e7i\u015fleri Bakanl\u0131\u011f\u0131, T\u00fcrkiye'deki ikametgah izinleri bitti\u011fi i\u00e7in Bulgaristan'a gidemeyen g\u00f6\u00e7menlere, Bulgaristan'daki mahalli se\u00e7imlere kat\u0131labilmeleri i\u00e7in 6 ayl\u0131k cezas\u0131z ikamet tezkeresi verilmesini kararla\u015ft\u0131rd\u0131. T\u00fcrkiye'deki ikamet izinlerinin bitmesi sebebiyle Bulgaristan'a gidemeyen g\u00f6\u00e7menlerin, 28 Ekim'de yap\u0131lacak Bulgaristan Yerel Se\u00e7imlerine kat\u0131labilmeleri i\u00e7in \u0130\u00e7i\u015fleri Bakanl\u0131\u011f\u0131 taraf\u0131ndan 6 ayl\u0131k cezas\u0131z ikamet tezkeresinin verilmesi kararla\u015ft\u0131r\u0131ld\u0131. 28 Ekim'deki\u2026","rel":"","context":"&quot;Haberler&quot; i\u00e7inde","block_context":{"text":"Haberler","link":"https:\/\/www.gocmeniz.biz\/?cat=5"},"img":{"alt_text":"","src":"https:\/\/i0.wp.com\/resimler.haberler.com\/haber\/452\/icisleri-bakanligi-ndan-bulgaristan-gocmenlerine_o.jpg?resize=350%2C200","width":350,"height":200},"classes":[]}],"jetpack_sharing_enabled":true,"jetpack_likes_enabled":true,"_links":{"self":[{"href":"https:\/\/www.gocmeniz.biz\/index.php?rest_route=\/wp\/v2\/posts\/252","targetHints":{"allow":["GET"]}}],"collection":[{"href":"https:\/\/www.gocmeniz.biz\/index.php?rest_route=\/wp\/v2\/posts"}],"about":[{"href":"https:\/\/www.gocmeniz.biz\/index.php?rest_route=\/wp\/v2\/types\/post"}],"author":[{"embeddable":true,"href":"https:\/\/www.gocmeniz.biz\/index.php?rest_route=\/wp\/v2\/users\/1"}],"replies":[{"embeddable":true,"href":"https:\/\/www.gocmeniz.biz\/index.php?rest_route=%2Fwp%2Fv2%2Fcomments&post=252"}],"version-history":[{"count":0,"href":"https:\/\/www.gocmeniz.biz\/index.php?rest_route=\/wp\/v2\/posts\/252\/revisions"}],"wp:attachment":[{"href":"https:\/\/www.gocmeniz.biz\/index.php?rest_route=%2Fwp%2Fv2%2Fmedia&parent=252"}],"wp:term":[{"taxonomy":"category","embeddable":true,"href":"https:\/\/www.gocmeniz.biz\/index.php?rest_route=%2Fwp%2Fv2%2Fcategories&post=252"},{"taxonomy":"post_tag","embeddable":true,"href":"https:\/\/www.gocmeniz.biz\/index.php?rest_route=%2Fwp%2Fv2%2Ftags&post=252"}],"curies":[{"name":"wp","href":"https:\/\/api.w.org\/{rel}","templated":true}]}}