{"id":2551,"date":"2019-02-01T23:21:59","date_gmt":"2019-02-01T20:21:59","guid":{"rendered":"http:\/\/www.gocmeniz.biz\/?p=2551"},"modified":"2026-04-03T12:10:47","modified_gmt":"2026-04-03T09:10:47","slug":"bulgaristan-komunizm-kurbanlarini-andi","status":"publish","type":"post","link":"https:\/\/www.gocmeniz.biz\/?p=2551","title":{"rendered":"Bulgaristan Kom\u00fcnizm Kurbanlar\u0131n\u0131 And\u0131"},"content":{"rendered":"\n<p>Bulgaristan&#8217;da, 1944&#8217;te darbeyle iktidara gelen kom\u00fcnist rejimin infaz etti\u011fi muhalifler an\u0131ld\u0131.<\/p>\n\n\n\n<p>Halk Mahkemesi taraf\u0131ndan ayn\u0131 anda kur\u015funa dizilen 2 bin 138 ki\u015finin an\u0131s\u0131na ba\u015fta ba\u015fkent\u00a0Sofya olmak \u00fczere, \u00fclke genelinde anma t\u00f6renleri d\u00fczenlendi.<\/p>\n\n\n\n<p>Sofya&#8217;nin merkezinde bulunan &#8220;Kom\u00fcnizm Kurbanlar\u0131 An\u0131t\u0131&#8221; \u00f6n\u00fcnde toplanan kurbanlar\u0131n yak\u0131nlar\u0131, infaz edilen ki\u015filerin isimlerinin yaz\u0131ld\u0131\u011f\u0131 duvar\u0131n \u00f6n\u00fcne, yakt\u0131klar\u0131 mumlar\u0131 ve ta\u015f\u0131d\u0131klar\u0131 \u00e7i\u00e7ekleri koydu.<\/p>\n\n\n\n<p>Bu y\u0131l,\u00a0Avrupa\u00a0Parlamentosunda Bulgar milletvekili Andrey Kova\u00e7ev&#8217;in himayesinde d\u00fczenlenen t\u00f6rene kat\u0131lan Parlamento Ba\u015fkan\u0131 Tzveta Karayan\u00e7eva, Bulgarcada kullan\u0131lan &#8220;K\u00f6t\u00fcl\u00fck ta\u015f alt\u0131nda yats\u0131n&#8221; deyimini hat\u0131rlatarak, &#8220;Ta\u015f alt\u0131nda yatmas\u0131 gereken kom\u00fcnist k\u00f6t\u00fcl\u00fck, hala bizlere meydan okuyor. Bug\u00fcn hala o karanl\u0131k ge\u00e7mi\u015fin tarihe kar\u0131\u015fmad\u0131\u011f\u0131n\u0131 g\u00f6r\u00fcyoruz. K\u00f6t\u00fcl\u00fc\u011f\u00fc unutmak onu affetmek demektir.&#8221; ifadesini kulland\u0131.<\/p>\n\n\n\n<p>\u0130ktidardaki sa\u011fc\u0131 ve\u00a0Avrupa Birli\u011fi\u00a0(AB) yanl\u0131s\u0131 Bulgaristan&#8217;\u0131n Avrupal\u0131 Geli\u015fimi \u0130\u00e7in Yurtta\u015flar (GERB) Partisinden milletvekili Spas G\u0131rnevski de parlamentoda eski kom\u00fcnistlerin katliamlar\u0131n\u0131 k\u0131nayan bir bildiri okudu. G\u0131rnevski, ana muhalefetteki eski kom\u00fcnist gelene\u011fi s\u00fcrd\u00fcren Bulgaristan Sosyalist Partisi (BSP) ve\u00a0Moskova\u00a0istihbarat\u0131n\u0131n yard\u0131m\u0131 ile g\u00f6reve getirildi\u011fini iddia etti\u011fi\u00a0Cumhurba\u015fkan\u0131 Rumen Radev&#8217;in bug\u00fcnk\u00fc anma t\u00f6renlerine kat\u0131lmad\u0131klar\u0131na vurgu yapt\u0131.<\/p>\n\n\n\n<p>&#8211; Muhalifler infaz edilip, toplu mezarlara g\u00f6m\u00fcld\u00fc<\/p>\n\n\n\n<p><br>Eski Bulgaristan Kom\u00fcnist Partisi, 1944&#8217;te SSCB&#8217;nin deste\u011fi ile iktidara gelmesinin ard\u0131ndan, 1945 y\u0131l\u0131nda Halk Mahkemesini kurmu\u015ftu.<\/p>\n\n\n\n<p>Mahkeme 10 dakikadan k\u0131sa s\u00fcren davalarda eski kraliyet ailesi \u00fcyeleri, \u00fcst d\u00fczey askeri yetkililer, bakan ve milletvekillerinin de aralar\u0131nda bulundu\u011fu 2 bin 730 ki\u015fiyi idam cezas\u0131na \u00e7arpt\u0131rm\u0131\u015ft\u0131.\u00a0S\u00f6z konusu ki\u015filerden 2 bin 138&#8217;i ayn\u0131 anda kur\u015funa dizilmi\u015f, idam edilenler toplu mezarlara g\u00f6m\u00fclm\u00fc\u015ft\u00fc.<\/p>\n\n\n\n<p>Mahkeme bin 305 ki\u015fiyi de \u00f6m\u00fcr boyu hapse mahkum etmi\u015fti.<\/p>\n\n\n\n<p>Bulgaristan&#8217;da 45 y\u0131l iktidarda kalan kom\u00fcnistler, 1989 y\u0131l\u0131nda kans\u0131z darbeyle devrilmi\u015fti. Bulgaristan Kom\u00fcnist Partisi ad\u0131n\u0131 Bulgaristan Sosyalist Partisi olarak de\u011fi\u015ftirse de ge\u00e7mi\u015fini reddetmedi.<\/p>\n\n\n\n<p>Kaynak: AA <\/p>\n","protected":false},"excerpt":{"rendered":"<p>Bulgaristan&#8217;da, 1944&#8217;te darbeyle iktidara gelen kom\u00fcnist rejimin infaz etti\u011fi muhalifler an\u0131ld\u0131. Halk Mahkemesi taraf\u0131ndan ayn\u0131 anda kur\u015funa dizilen 2 bin 138 ki\u015finin an\u0131s\u0131na ba\u015fta ba\u015fkent\u00a0Sofya olmak \u00fczere, \u00fclke genelinde anma t\u00f6renleri d\u00fczenlendi. Sofya&#8217;nin merkezinde bulunan &#8220;Kom\u00fcnizm Kurbanlar\u0131 An\u0131t\u0131&#8221; \u00f6n\u00fcnde toplanan kurbanlar\u0131n yak\u0131nlar\u0131, infaz edilen ki\u015filerin isimlerinin yaz\u0131ld\u0131\u011f\u0131 duvar\u0131n \u00f6n\u00fcne, yakt\u0131klar\u0131 mumlar\u0131 ve ta\u015f\u0131d\u0131klar\u0131 \u00e7i\u00e7ekleri koydu. [&hellip;]<\/p>\n","protected":false},"author":331,"featured_media":2552,"comment_status":"open","ping_status":"open","sticky":false,"template":"","format":"standard","meta":{"advanced_seo_description":"","jetpack_seo_html_title":"","jetpack_seo_noindex":false,"ngg_post_thumbnail":0,"jetpack_post_was_ever_published":false,"_jetpack_newsletter_access":"","_jetpack_dont_email_post_to_subs":false,"_jetpack_newsletter_tier_id":0,"_jetpack_memberships_contains_paywalled_content":false,"_jetpack_memberships_contains_paid_content":false,"footnotes":""},"categories":[5],"tags":[],"class_list":["post-2551","post","type-post","status-publish","format-standard","has-post-thumbnail","hentry","category-haberler"],"jetpack_featured_media_url":"https:\/\/i0.wp.com\/www.gocmeniz.biz\/wp-content\/2338480_810x458.jpg?fit=810%2C458&ssl=1","jetpack_shortlink":"https:\/\/wp.me\/paHHlZ-F9","jetpack-related-posts":[{"id":1268,"url":"https:\/\/www.gocmeniz.biz\/?p=1268","url_meta":{"origin":2551,"position":0},"title":"Bulgaristan&#8217;da M\u00fcsl\u00fcmanlar&#8217;a Kar\u015f\u0131 Tav\u0131r De\u011fi\u015fti","author":"Haberci","date":"28 May\u0131s 2009","format":false,"excerpt":"Kom\u00fcnist d\u00f6nemde T\u00fcrklerin s\u00fcrg\u00fcne zorland\u0131\u011f\u0131 ancak kom\u00fcnizmin y\u0131k\u0131lmas\u0131yla durumun d\u00fczeldi\u011fi Bulgaristan'da yine tav\u0131r de\u011fi\u015fikli\u011fi ba\u015flad\u0131. Bulgaristan Ba\u015fm\u00fcft\u00fcl\u00fc\u011f\u00fc bir bildiri yay\u0131mlayarak, baz\u0131 devlet kurumlar\u0131 ve siyasal \u00f6rg\u00fctlerin \u00fclkedeki M\u00fcsl\u00fcmanlara kar\u015f\u0131 \u0131rk\u00e7\u0131 bir yakla\u015f\u0131m i\u00e7inde olduklar\u0131n\u0131 belirterek duruma isyan etti. Cumhurba\u015fkan\u0131 Georgi P\u0131rvanov, Ba\u015fbakan Sergey Stani\u015fev ve Parlamento Ba\u015fkan\u0131 Georgi Pirinski'ye g\u00f6nderilen\u2026","rel":"","context":"&quot;Haberler&quot; i\u00e7inde","block_context":{"text":"Haberler","link":"https:\/\/www.gocmeniz.biz\/?cat=5"},"img":{"alt_text":"","src":"","width":0,"height":0},"classes":[]},{"id":1472,"url":"https:\/\/www.gocmeniz.biz\/?p=1472","url_meta":{"origin":2551,"position":1},"title":"Bulgaristan se\u00e7imlerinde 139 aday ajan \u00e7\u0131kt\u0131","author":"Haberci","date":"01 Temmuz 2009","format":false,"excerpt":"Bulgaristan'da 5 Temmuz Pazar g\u00fcn\u00fc yap\u0131lacak parlamento se\u00e7iminde milletvekili aday\u0131 olan 3 bin 234 ki\u015finin ge\u00e7mi\u015fini ara\u015ft\u0131ran \u00f6zel komisyon, adaylardan 139'unun kom\u00fcnizm d\u00f6neminde ajanl\u0131k yapt\u0131\u011f\u0131n\u0131 belirledi.Parlamento karar\u0131yla kurulan ve \u00fclkedeki siyaset adamlar\u0131, \u00fcst d\u00fczey devlet b\u00fcrokratlar\u0131 ve devlet medyalar\u0131nda \u00e7al\u0131\u015fanlar\u0131n kom\u00fcnizm rejimle ili\u015fkisini ara\u015ft\u0131rmakla y\u00fck\u00fcml\u00fc komisyon, tespit etti\u011fi yeni verileri\u2026","rel":"","context":"&quot;Haberler&quot; i\u00e7inde","block_context":{"text":"Haberler","link":"https:\/\/www.gocmeniz.biz\/?cat=5"},"img":{"alt_text":"","src":"","width":0,"height":0},"classes":[]},{"id":1357,"url":"https:\/\/www.gocmeniz.biz\/?p=1357","url_meta":{"origin":2551,"position":2},"title":"Jivkov`un torunu aday olmay\u0131nca k\u0131zd\u0131","author":"Haberci","date":"12 Haziran 2009","format":false,"excerpt":"Aday listesinde isminin yer almamas\u0131ndan dolay\u0131 hayal k\u0131r\u0131kl\u0131\u011f\u0131na u\u011frad\u0131\u011f\u0131n\u0131 kaydeden Jivkova, `Ge\u00e7 de olsa siyasetin benim i\u00e7in olmad\u0131\u011f\u0131n\u0131 anlad\u0131m` diye konu\u015ftu.Bulgaristan`da 1989 y\u0131l\u0131nda devrilen kom\u00fcnist diktat\u00f6r Todor Jivkov`un torunu Evgeniya Jivkova (44), 5 Temmuzda yap\u0131lacak genel se\u00e7imlerde partisi taraf\u0131ndan milletvekili aday\u0131 g\u00f6sterilmeyince siyaseti b\u0131rakma karar\u0131 ald\u0131.Bulgaristan`da 1989 y\u0131l\u0131nda ya\u015fanan rejim\u2026","rel":"","context":"&quot;Haberler&quot; i\u00e7inde","block_context":{"text":"Haberler","link":"https:\/\/www.gocmeniz.biz\/?cat=5"},"img":{"alt_text":"","src":"https:\/\/i0.wp.com\/image.haber7.com\/haber\/haber7\/photos\/182820080818114155230.jpg?resize=350%2C200","width":350,"height":200},"classes":[]},{"id":1901,"url":"https:\/\/www.gocmeniz.biz\/?p=1901","url_meta":{"origin":2551,"position":3},"title":"Bulgaristan&#8217;da \u00d6zg\u00fcrl\u00fck 20 Ya\u015f\u0131nda","author":"Haberci","date":"10 Kas\u0131m 2009","format":false,"excerpt":"Bulgaristan'daki T\u00fcrk Az\u0131nl\u0131\u011fa Uygulad\u0131\u011f\u0131 Asimilasyon Politikas\u0131yla Tan\u0131nan Todor Jivkov, Bundan Tam 20 Y\u0131l \u00d6nce T\u00fcm G\u00f6revlerini B\u0131rakmak Zorunda Kalm\u0131\u015ft\u0131. Bu, \u00dclkede Kom\u00fcnizm D\u00f6neminin de Sonu Anlam\u0131na Geliyor. 1989 Y\u0131l\u0131, Bulgaristan \u0130\u00e7in de Bir D\u00f6n\u00fcm Noktas\u0131 Oldu. 9 Kas\u0131m 1989'da Berlin Duvar\u0131'n\u0131n Y\u0131k\u0131lmas\u0131nda Bir G\u00fcn Sonra, 10 Kas\u0131m'da da Bulgaristan'daki Kom\u00fcnizm\u2026","rel":"","context":"&quot;Haberler&quot; i\u00e7inde","block_context":{"text":"Haberler","link":"https:\/\/www.gocmeniz.biz\/?cat=5"},"img":{"alt_text":"","src":"","width":0,"height":0},"classes":[]},{"id":527,"url":"https:\/\/www.gocmeniz.biz\/?p=527","url_meta":{"origin":2551,"position":4},"title":"BTA&#8217;NIN 4&#8217;\u00dc ESK\u0130 GENEL M\u00dcD\u00dcR, 20 GAZETEC\u0130S\u0130 AJAN \u00c7IKTI","author":"Haberci","date":"09 Ekim 2008","format":false,"excerpt":"Bulgaristan'\u0131n resmi haber ajans\u0131 BTA'da 4'\u00fc eski genel m\u00fcd\u00fcr olmak \u00fczere, 20 gazetecinin kom\u00fcnizm d\u00f6nemindeki siyasi polisinin ajan\u0131 oldu\u011fu ortaya \u00e7\u0131kt\u0131.Bulgaristan parlamentosuna ba\u011fl\u0131 \u00e7al\u0131\u015fan komisyon, 1989 y\u0131l\u0131nda sona eren kom\u00fcnizm d\u00f6neminde \"DS\" k\u0131sa ad\u0131yla bilinen siyasi polis ajanlar\u0131n\u0131 ara\u015ft\u0131r\u0131p vard\u0131\u011f\u0131 sonu\u00e7lar\u0131 a\u00e7\u0131klad\u0131. Buna g\u00f6re BTA'n\u0131n eski genel m\u00fcd\u00fcrlerinden Boyan Traykov,\u2026","rel":"","context":"&quot;Haberler&quot; i\u00e7inde","block_context":{"text":"Haberler","link":"https:\/\/www.gocmeniz.biz\/?cat=5"},"img":{"alt_text":"","src":"","width":0,"height":0},"classes":[]},{"id":752,"url":"https:\/\/www.gocmeniz.biz\/?p=752","url_meta":{"origin":2551,"position":5},"title":"Bulgaristan, kriz ve krize kar\u015f\u0131 m\u00fccadele","author":"Haberci","date":"02 Ocak 2009","format":false,"excerpt":"Boris Plamenov Boev Bug\u00fcn Bulgaristan'da \u00fc\u00e7 \u00f6nemli hareket geli\u015fiyor: \u0130\u015f\u00e7i hareketi, e\u011fitim hareketi ve ekolojik hareket. \u0130\u015f\u00e7i protestolar\u0131 i\u00e7inde en b\u00fcy\u00fck olan metal i\u015f\u00e7ilerininki. Kremikovtzi i\u015fletmesi, toplam 7 bin i\u015f\u00e7isiyle Bulgaristan'\u0131n en \u00f6nemli fabrikalar\u0131ndan biri ve \u015fimdi kapatma tehdidi alt\u0131nda. 2008 y\u0131l\u0131 ba\u015f\u0131nda Sofya Belediye Ba\u015fkan\u0131, Kremizovtzi'yi kapatmak i\u00e7in metalurji\u2026","rel":"","context":"&quot;Haberler&quot; i\u00e7inde","block_context":{"text":"Haberler","link":"https:\/\/www.gocmeniz.biz\/?cat=5"},"img":{"alt_text":"","src":"","width":0,"height":0},"classes":[]}],"jetpack_sharing_enabled":true,"jetpack_likes_enabled":true,"_links":{"self":[{"href":"https:\/\/www.gocmeniz.biz\/index.php?rest_route=\/wp\/v2\/posts\/2551","targetHints":{"allow":["GET"]}}],"collection":[{"href":"https:\/\/www.gocmeniz.biz\/index.php?rest_route=\/wp\/v2\/posts"}],"about":[{"href":"https:\/\/www.gocmeniz.biz\/index.php?rest_route=\/wp\/v2\/types\/post"}],"author":[{"embeddable":true,"href":"https:\/\/www.gocmeniz.biz\/index.php?rest_route=\/wp\/v2\/users\/331"}],"replies":[{"embeddable":true,"href":"https:\/\/www.gocmeniz.biz\/index.php?rest_route=%2Fwp%2Fv2%2Fcomments&post=2551"}],"version-history":[{"count":1,"href":"https:\/\/www.gocmeniz.biz\/index.php?rest_route=\/wp\/v2\/posts\/2551\/revisions"}],"predecessor-version":[{"id":8580,"href":"https:\/\/www.gocmeniz.biz\/index.php?rest_route=\/wp\/v2\/posts\/2551\/revisions\/8580"}],"wp:featuredmedia":[{"embeddable":true,"href":"https:\/\/www.gocmeniz.biz\/index.php?rest_route=\/wp\/v2\/media\/2552"}],"wp:attachment":[{"href":"https:\/\/www.gocmeniz.biz\/index.php?rest_route=%2Fwp%2Fv2%2Fmedia&parent=2551"}],"wp:term":[{"taxonomy":"category","embeddable":true,"href":"https:\/\/www.gocmeniz.biz\/index.php?rest_route=%2Fwp%2Fv2%2Fcategories&post=2551"},{"taxonomy":"post_tag","embeddable":true,"href":"https:\/\/www.gocmeniz.biz\/index.php?rest_route=%2Fwp%2Fv2%2Ftags&post=2551"}],"curies":[{"name":"wp","href":"https:\/\/api.w.org\/{rel}","templated":true}]}}