{"id":2558,"date":"2019-02-04T23:58:51","date_gmt":"2019-02-04T20:58:51","guid":{"rendered":"http:\/\/www.gocmeniz.biz\/?p=2558"},"modified":"2026-04-03T11:00:24","modified_gmt":"2026-04-03T08:00:24","slug":"karadeniz-icin-kirlilik-alarmi-verildi","status":"publish","type":"post","link":"https:\/\/www.gocmeniz.biz\/?p=2558","title":{"rendered":"Karadeniz i\u00e7in kirlilik alarm\u0131 verildi"},"content":{"rendered":"\n<p>\n\n17 \u00fclkenin ev ve sanayi at\u0131klar\u0131n\u0131 b\u0131rakt\u0131\u011f\u0131 Karadeniz&#8217;in ciddi bi\u00e7imde hasta oldu\u011fu ve hacminin y\u00fczde 87&#8217;sinde deniz ya\u015fam\u0131n\u0131n yok oldu\u011fu a\u00e7\u0131kland\u0131. \u2018Karadeniz nas\u0131l kurtulur?&#8217; raporuna g\u00f6re her y\u0131l 95 bin ton petrol at\u0131\u011f\u0131 Karadeniz&#8217;e bo\u015falt\u0131l\u0131yor.<\/p>\n\n\n\n<p>T\u00fcrkiye&#8217;nin yan\u0131 s\u0131ra Bulgaristan, G\u00fcrcistan, Romanya, Rusya ve Ukrayna&#8217;n\u0131n bir araya gelerek olu\u015fturdu\u011fu &#8220;Karadeniz Stratejik Eylem Plan\u0131&#8221; anla\u015fmas\u0131 do\u011frultusunda haz\u0131rlanan &#8220;Karadeniz Nas\u0131l Kurtulur?&#8221; konulu \u00e7al\u0131\u015fma raporunda Karadeniz&#8217;in ekolojik dengesinin \u00e7\u00f6kme a\u015famas\u0131nda oldu\u011funa dikkat \u00e7ekildi.<\/p>\n\n\n\n<p>Uzmanlar, 17 \u00fclkenin ev, tar\u0131m ve sanayi at\u0131klar\u0131n\u0131 b\u0131rakt\u0131\u011f\u0131 bir \u00e7\u00f6pl\u00fck haline gelen Karadeniz&#8217;in ciddi bi\u00e7imde hasta oldu\u011funu belirterek, Karadeniz&#8217;in hacminin y\u00fczde 87&#8217;sinde deniz ya\u015fam\u0131n\u0131n tamamen yok oldu\u011funu a\u00e7\u0131klad\u0131.<\/p>\n\n\n\n<p>\u00d6zellikle petrol ve kimyevi at\u0131klar\u0131n her ge\u00e7en y\u0131l artmas\u0131, bilin\u00e7siz bal\u0131k\u00e7\u0131l\u0131k, k\u0131y\u0131lar\u0131n ve i\u00e7 b\u00f6lgelerin do\u011fal dengesinin korunmamas\u0131n\u0131n Karadeniz&#8217;i \u00e7\u00f6k\u00fc\u015fe do\u011fru g\u00f6t\u00fcrd\u00fc\u011f\u00fc belirtilen raporda, \u00fclkelerin bunu durdurmak i\u00e7in ger\u00e7ek\u00e7i politikalar uygulamad\u0131\u011f\u0131 belirtilerek, &#8220;\u00c7o\u011fu \u00fclke s\u0131rf k\u0131sa vadeli masraflar\u0131n\u0131 ve bor\u00e7lar\u0131n\u0131 kar\u015f\u0131lamak i\u00e7in &#8216;\u00e7evre sermayelerini&#8217; (ormanlar, do\u011fal peyzajlar, biyolojik \u00e7e\u015fitlilik, deniz ekosistemleri) yok pahas\u0131na satt\u0131lar&#8221; deniliyor.<\/p>\n\n\n\n<p>\u00c7al\u0131\u015fma raporunda, ana ba\u015fl\u0131klar halinde \u015fu g\u00f6r\u00fc\u015flere yer verildi:<\/p>\n\n\n\n<p>&#8220;Karadeniz, k\u0131ta Avrupa&#8217;s\u0131n\u0131n y\u00fcz\u00f6l\u00e7\u00fcm\u00fcn\u00fcn \u00fc\u00e7te birine e\u015fit olan 1 milyon 874 bin 904 kilometrelik bir havzadan su al\u0131r. Her y\u0131l k\u0131ta Avrupa&#8217;s\u0131n\u0131n yakla\u015f\u0131k \u00fc\u00e7te birine e\u015fit ve i\u00e7lerinde 17 \u00fclkenin de bulundu\u011fu bu b\u00f6lgeden Karadeniz&#8217;e yakla\u015f\u0131k 350 kilometre k\u00fcp nehir suyu akar. Bu \u00fclkeler Avusturya, Beyaz Rusya, Bosna Hersek, Bulgaristan, H\u0131rvatistan, \u00c7ek Cumhuriyeti, G\u00fcrcistan, Almanya, Macaristan, Moldova, Slovakya, Slovenya, Romanya, Rusya, T\u00fcrkiye, Ukrayna ve S\u0131rbistan&#8217;d\u0131r. Avrupa&#8217;n\u0131n ikinci, \u00fc\u00e7\u00fcnc\u00fc ve d\u00f6rd\u00fcnc\u00fc nehirleri olan Tuna, Dinyeper ve Don Karadeniz&#8217;e akar.&#8221;<\/p>\n\n\n\n<p><strong>ATIKLARIN Y\u00dcZDE 70&#8217;\u0130 KARADEN\u0130Z \u00dcLKELER\u0130NDEN KAYNAKLANIYOR<\/strong><\/p>\n\n\n\n<p>Karadeniz&#8217;e d\u00f6k\u00fclen ve insan faaliyetlerinden kaynaklanan bu at\u0131klar\u0131n y\u00fczde 70&#8217;inin Karadeniz \u00fclkelerinden kaynakland\u0131\u011f\u0131 tahmin edilmektedir. Geriye kalan y\u00fczde 30&#8217;luk k\u0131sm\u0131n\u0131n neredeyse tamam\u0131 Tuna Nehri vas\u0131tas\u0131yla gelmektedir. Karadeniz k\u0131y\u0131 b\u00f6lgesinde yakla\u015f\u0131k 11 milyon ki\u015fiden kaynaklanan at\u0131klar, kanalizasyon sistemlerine gitmektedir. Y\u0131lda 571 milyon 175 bin metrek\u00fcp miktardaki at\u0131k Karadeniz&#8217;e veya nehirlerin denize d\u00f6k\u00fclen kollar\u0131na ve oradan da Karadeniz&#8217;e bo\u015falt\u0131lmaktad\u0131r.<\/p>\n\n\n\n<p>Her y\u0131l 30 bin ton petrol evsel at\u0131k tesislerinden, 15 bin 500 ton sanayiden (petrol sanayi dahil olmak \u00fczere) ve 53 bin ton Tuna Nehri&#8217;nden denize bo\u015falmaktad\u0131r. Geri kazan\u0131lmas\u0131 m\u00fcmk\u00fcn olmayan 95 bin ton petrol at\u0131\u011f\u0131 her y\u0131l Karadeniz&#8217;e bo\u015falt\u0131lmaktad\u0131r.<\/p>\n\n\n\n<p>Petrol at\u0131klar\u0131n\u0131n liman sular\u0131n\u0131 ve sahilleri kirletti\u011fini g\u00f6rmek her g\u00fcn m\u00fcmk\u00fcnd\u00fcr. Baz\u0131 durumlarda, kirlenmi\u015f limanlardaki dip tortunun y\u00fczde 1&#8217;i kadar y\u00fcksek bir miktar\u0131 petrol olarak \u00f6l\u00e7\u00fclm\u00fc\u015ft\u00fcr. Karadeniz \u00fclkelerinde. petrol ya da kimyevi madde d\u00f6k\u00fclmesi ile ba\u015f etmek i\u00e7in muhtemel durum planlar\u0131, te\u00e7hizat ve e\u011fitim eleman\u0131 bulunmamaktad\u0131r. Her y\u0131l binlerce ton petrol, kullan\u0131lan motor ya\u011f\u0131n\u0131n yasalara ayk\u0131r\u0131 bi\u00e7imde elden \u00e7\u0131kar\u0131lmas\u0131, ekseriya insanlar\u0131n bunu kanalizasyona bo\u015faltmalar\u0131 yoluyla denize d\u00f6k\u00fcl\u00fcr. Bir araba motorundan \u00e7\u0131kan ya\u011f, 56 bin ton deniz suyunu kirletmeye yeter.<\/p>\n\n\n\n<p>&#8211; Mnemiopsis Leidyi isimli deniz anas\u0131na benzer bir organizma 15 santimetreye kadar b\u00fcy\u00fcmekte ve deniz besin zincirinde \u00f6nemli bir halka te\u015fkil eden bal\u0131k ve larvalar\u0131n\u0131 i\u00e7eren zooplankton olarak bilinen ufak deniz canl\u0131lar\u0131n\u0131n neredeyse tamam\u0131n\u0131 t\u00fcketebilmektedir. S\u00f6z konusu organizman\u0131n Karadeniz&#8217;de do\u011fal d\u00fc\u015fman\u0131 olmad\u0131\u011f\u0131ndan, b\u00fct\u00fcn ekosistemi k\u0131sa s\u00fcrede kaplam\u0131\u015ft\u0131r. Bug\u00fcn itibariyle Karadeniz&#8217;deki mnemiopsis miktar\u0131 1 milyar tona ula\u015fm\u0131\u015ft\u0131r ve bu rakam d\u00fcnyadaki t\u00fcm bal\u0131klar\u0131n miktar\u0131ndan daha fazlad\u0131r. S\u00f6z konusu organizma ekosistemin yap\u0131s\u0131n\u0131 dramatik \u015fekilde de\u011fi\u015ftirmi\u015f ve Karadeniz bal\u0131k\u00e7\u0131l\u0131\u011f\u0131n\u0131n \u00e7\u00f6kmesine yol a\u00e7m\u0131\u015ft\u0131r.<\/p>\n\n\n\n<p><strong>K\u0130MYEV\u0130 \u0130LA\u00c7LAR FAUNAYI \u00d6LD\u00dcRD\u00dc<\/strong><\/p>\n\n\n\n<p>1960&#8217;l\u0131 y\u0131llar\u0131n sonundan itibaren y\u00fcksek miktarda mahsul alabilmek i\u00e7in a\u015f\u0131r\u0131 g\u00fcbre ve tar\u0131m ilac\u0131 kullan\u0131ld\u0131. Ucuz et kayna\u011f\u0131 sa\u011flamak amac\u0131yla yo\u011fun hayvan \u00e7iftlikleri kuruldu. (\u00d6rne\u011fin; Romanya&#8217;daki bir \u00e7iftlikte bir milyonun \u00fczerinde domuz bulunuyordu) Karadeniz havzas\u0131n\u0131n bir ucundan di\u011ferine, tar\u0131msal faaliyetler ile konut ve sanayi tesislerinden at\u0131lan besleyici \u00f6zellikli at\u0131klar \u00f6nce nehir ve \u00e7aylara kar\u0131\u015ft\u0131lar, sonra da Karadeniz&#8217;e ula\u015ft\u0131lar. Kuzey bat\u0131 sahanl\u0131\u011f\u0131n\u0131n ot ve yosun yataklar\u0131 bu kadar b\u00fcy\u00fck miktarda besleyici maddeyi ememediler ve b\u00fcy\u00fck miktarda fitoplankton (k\u00fc\u00e7\u00fck bitkiler) b\u00fcy\u00fcmeye ba\u015flad\u0131. A\u015fa\u011f\u0131daki daha b\u00fcy\u00fck bitkilere giden \u0131\u015f\u0131\u011f\u0131 kestiler. I\u015f\u0131ktan yoksun kalan dip \u00e7ay\u0131rlar \u00f6lmeye ba\u015flad\u0131. Deniz taban\u0131nda \u00e7\u00fcr\u00fcyen \u00e7ok miktardaki ilave organik madde ve ortaya \u00e7\u0131kan bakteriler, eriyik oksijeni t\u00fcketti ve b\u00f6ylece dipte ya\u015fayan t\u00fcm faunan\u0131n havas\u0131z kald\u0131\u011f\u0131 bir \u00f6l\u00fc b\u00f6lge ortaya \u00e7\u0131kt\u0131.<\/p>\n\n\n\n<p>Son 30 y\u0131lda Karadeniz&#8217;de bal\u0131k\u00e7\u0131l\u0131\u011f\u0131n dramatik bi\u00e7imde bozuldu\u011fu hususunda hi\u00e7 \u015f\u00fcphe bulunmamaktad\u0131r. Sat\u0131lmak i\u00e7in yakalanan bal\u0131klar\u0131n \u00e7e\u015fitlili\u011fi bu d\u00f6nemde yakla\u015f\u0131k 26&#8217;da 6 t\u00fcre inmi\u015ftir. 1990&#8217;da son anda ucundan d\u00f6n\u00fclen \u00e7\u00f6k\u00fc\u015fe ra\u011fmen, yakalanan bal\u0131k miktar\u0131 fiilen art\u0131\u015f g\u00f6stermi\u015ftir. Ancak bu, T\u00fcrkiye&#8217;deki b\u00fcy\u00fck miktarda hamsi avlama olay\u0131ndan dolay\u0131d\u0131r. Ger\u00e7ekte besin kayb\u0131 vard\u0131r. 1980 y\u0131l\u0131na gelindi\u011finde, Romanya sahili a\u00e7\u0131klar\u0131ndaki sularda, dipte ya\u015fayan hayvanlar\u0131n metrekare ba\u015f\u0131na d\u00fc\u015fen ortalama a\u011f\u0131rl\u0131\u011f\u0131, 1977&#8217;de kaydedilen a\u011f\u0131rl\u0131\u011f\u0131n sadece on \u00fc\u00e7te birine inmi\u015fti. Bal\u0131k t\u00fcrleri ciddi bi\u00e7imde azalmaya devam etmektedir.&#8221;<\/p>\n\n\n\n<p><strong>KARADEN\u0130Z MANZARASI KAYBOLUYOR<\/strong><\/p>\n\n\n\n<p>Eskinin bozulmam\u0131\u015f k\u0131y\u0131 yerle\u015fim alanlar\u0131n\u0131n \u00e7o\u011funun yerini, \u00e7irkin apartman in\u015faatlar\u0131, kaotik sanayi tesisleri, y\u0131k\u0131k d\u00f6k\u00fck r\u0131ht\u0131m ve dalgak\u0131ranlar ile monoton hatlar halinde bir araya s\u0131k\u0131\u015ft\u0131r\u0131lm\u0131\u015f yazl\u0131k evler alm\u0131\u015ft\u0131r. 1950&#8217;ler ve 60&#8217;lar\u0131n h\u0131zl\u0131 kalk\u0131nma projelerinin kal\u0131nt\u0131lar\u0131 \u00e7\u00fcr\u00fcmeye y\u00fcz tutmu\u015f ve in\u015faat\u00e7\u0131lar in\u015faat yap\u0131lmam\u0131\u015f topraklar \u00fczerine daha modern binalar yapmaya giri\u015fiyorlar. Karadeniz manzaras\u0131, bitki ve hayvanlar i\u00e7in \u00e7ok \u00f6nemli olan habitatlarla birlikte, yava\u015f yava\u015f ortadan kayboluyor. Manzara ve biyolojik \u00e7e\u015fitlilik, g\u00fczellik ve ekoloji birbirleri ile yak\u0131ndan ba\u011flant\u0131l\u0131d\u0131r.<\/p>\n\n\n\n<p>T\u00fcm Karadeniz \u00fclkelerinin k\u0131y\u0131 b\u00f6lgesini etkileyen ciddi bir sorun da erozyon ve topra\u011f\u0131n bozulmas\u0131d\u0131r. Plajlardaki kum ve \u00e7ak\u0131l, nehirlerden do\u011fal olarak gelir ancak bir \u00e7ok nehir \u00fczerine kurulan barajlar kum ve \u00e7ak\u0131llar\u0131n plajlara ula\u015fmas\u0131n\u0131 azaltm\u0131\u015ft\u0131r. \u00d6te yandan, ormanlar\u0131n yok edilmesi toprak erozyonuna neden olmu\u015f ve baz\u0131 yerlerde topra\u011f\u0131n suya akarak heba edilmesini art\u0131rm\u0131\u015ft\u0131r. K\u0131y\u0131 b\u00f6lgesi, bir \u00fclkenin hudutlar\u0131 ile s\u0131n\u0131rl\u0131 de\u011fildir ve y\u00f6netim planlar\u0131nda s\u0131n\u0131r \u00f6tesi sorunlar da dikkate al\u0131nmal\u0131d\u0131r.<\/p>\n\n\n\n<p>\u00c7evre korumas\u0131 olmadan at\u0131k bo\u015faltma &#8216;bedavac\u0131l\u0131kt\u0131r&#8217;. Sorun \u015fudur: \u00c7evreden faydalanan \u00e7o\u011fu ki\u015fi, daha \u00f6nce bedava olan bir \u015fey i\u00e7in para \u00f6demeleri gerekti\u011fi fikri kar\u015f\u0131s\u0131nda \u015fa\u015f\u0131rmaktad\u0131r. Asl\u0131na bakarsan\u0131z, \u00e7evre hi\u00e7bir zaman ger\u00e7ek anlamda bedava de\u011fildi. \u00c7\u00fcnk\u00fc, \u00e7evre bozulmas\u0131ndan kaynaklanan mevcut ekonomik kay\u0131plar, ge\u00e7mi\u015fteki ve \u015fimdiki k\u00f6t\u00fc uygulamalar\u0131n bedelidir.&#8221;<\/p>\n\n\n\n<p><strong>DEN\u0130Z HABER AJANSI<\/strong><\/p>\n","protected":false},"excerpt":{"rendered":"<p>17 \u00fclkenin ev ve sanayi at\u0131klar\u0131n\u0131 b\u0131rakt\u0131\u011f\u0131 Karadeniz&#8217;in ciddi bi\u00e7imde hasta oldu\u011fu ve hacminin y\u00fczde 87&#8217;sinde deniz ya\u015fam\u0131n\u0131n yok oldu\u011fu a\u00e7\u0131kland\u0131. \u2018Karadeniz nas\u0131l kurtulur?&#8217; raporuna g\u00f6re her y\u0131l 95 bin ton petrol at\u0131\u011f\u0131 Karadeniz&#8217;e bo\u015falt\u0131l\u0131yor. T\u00fcrkiye&#8217;nin yan\u0131 s\u0131ra Bulgaristan, G\u00fcrcistan, Romanya, Rusya ve Ukrayna&#8217;n\u0131n bir araya gelerek olu\u015fturdu\u011fu &#8220;Karadeniz Stratejik Eylem Plan\u0131&#8221; anla\u015fmas\u0131 do\u011frultusunda haz\u0131rlanan [&hellip;]<\/p>\n","protected":false},"author":331,"featured_media":2559,"comment_status":"open","ping_status":"open","sticky":false,"template":"","format":"standard","meta":{"advanced_seo_description":"","jetpack_seo_html_title":"","jetpack_seo_noindex":false,"ngg_post_thumbnail":0,"jetpack_post_was_ever_published":false,"_jetpack_newsletter_access":"","_jetpack_dont_email_post_to_subs":false,"_jetpack_newsletter_tier_id":0,"_jetpack_memberships_contains_paywalled_content":false,"_jetpack_memberships_contains_paid_content":false,"footnotes":""},"categories":[5],"tags":[],"class_list":["post-2558","post","type-post","status-publish","format-standard","has-post-thumbnail","hentry","category-haberler"],"jetpack_featured_media_url":"https:\/\/i0.wp.com\/www.gocmeniz.biz\/wp-content\/karadeniz-2.jpg?fit=750%2C450&ssl=1","jetpack_shortlink":"https:\/\/wp.me\/paHHlZ-Fg","jetpack-related-posts":[{"id":356,"url":"https:\/\/www.gocmeniz.biz\/?p=356","url_meta":{"origin":2558,"position":0},"title":"Karadeniz, Nuh Tufan\u0131&#8217;yla olu\u015ftu","author":"Haberci","date":"28 Nisan 2008","format":false,"excerpt":"Karadeniz'in Nuh Tufan\u0131 sonras\u0131nda olu\u015ftu\u011fu bilimsel olarak kan\u0131tland\u0131. T\u00fcrkiye'de yap\u0131lan bir ara\u015ft\u0131rmaya g\u00f6re, Karadeniz'in bug\u00fcnk\u00fcnden yakla\u015f\u0131k 110 metre daha d\u00fc\u015f\u00fck su seviyesine sahip ba\u011f\u0131ms\u0131z bir g\u00f6l iken bug\u00fcnk\u00fc durumunun Hz. Nuh zaman\u0131nda ya\u015fanan tufanla olu\u015ftu\u011fu bilimsel olarak kan\u0131tland\u0131. Ara\u015ft\u0131rma Dokuz Eyl\u00fcl \u00dcniversitesi (DE\u00dc) Deniz Bilimleri ve Teknolojisi Enstit\u00fcs\u00fc Ara\u015ft\u0131rma G\u00f6revlisi\u2026","rel":"","context":"&quot;Haberler&quot; i\u00e7inde","block_context":{"text":"Haberler","link":"https:\/\/www.gocmeniz.biz\/?cat=5"},"img":{"alt_text":"","src":"","width":0,"height":0},"classes":[]},{"id":354,"url":"https:\/\/www.gocmeniz.biz\/?p=354","url_meta":{"origin":2558,"position":1},"title":"Rezve suyu Karadeniz&#8217;den borularla \u0130stanbul&#8217;a gelecek","author":"Haberci","date":"28 Nisan 2008","format":false,"excerpt":"\u0130stanbul'a Rezve Deresi'nden (Rezovo) su getirme projesi tamamland\u0131. Daha \u00f6nce Rezve'den gelecek suyun Longoz ormanlar\u0131 i\u00e7inden ge\u00e7irilecek isale hatt\u0131 ile \u0130stanbul'a getirilmesi planlan\u0131rken bu proje \u00e7evreciler taraf\u0131ndan tepki ile kar\u015f\u0131lanm\u0131\u015ft\u0131. Baz\u0131 sivil toplum \u00f6rg\u00fctleri Rezve'den su getirme \u00e7al\u0131\u015fmalar\u0131ndan ormanlar\u0131n tahrip edilece\u011fi ve bu ormanlar\u0131n yok edilece\u011fini s\u00f6ylemi\u015fti. \u0130stanbul B\u00fcy\u00fck\u015fehir Belediyesi\u2026","rel":"","context":"&quot;Haberler&quot; i\u00e7inde","block_context":{"text":"Haberler","link":"https:\/\/www.gocmeniz.biz\/?cat=5"},"img":{"alt_text":"","src":"","width":0,"height":0},"classes":[]},{"id":2159,"url":"https:\/\/www.gocmeniz.biz\/?p=2159","url_meta":{"origin":2558,"position":2},"title":"Bulgaristan ve Rusya G\u00fcney Ak\u0131m&#8217;da anla\u015ft\u0131","author":"Haberci","date":"07 Temmuz 2010","format":false,"excerpt":"Reuters Bulgaristan, Rusya gaz\u0131n\u0131n Karadeniz'in alt\u0131ndan ge\u00e7irilerek Ukrayna'n\u0131n by-pass edildi\u011fi G\u00fcney Ak\u0131m Projesi'ne destek vermeye karar verdi. Yol haritas\u0131n\u0131n bu hafta imzalanmas\u0131 bekleniyor. Bulgaristan Ba\u015fbakan\u0131 Boiko Borisov, Sofya'da Rusya Ba\u015fbakan Yard\u0131mc\u0131s\u0131 Viktor Zubkov ile yapt\u0131\u011f\u0131 g\u00f6r\u00fc\u015fmeler sonras\u0131nda, iki \u00fclkenin, Rus enerji \u015firketi Gazprom'un in\u015fa edece\u011fi ve Bulgaristan s\u0131n\u0131rlar\u0131ndan ge\u00e7ecek boru\u2026","rel":"","context":"&quot;Haberler&quot; i\u00e7inde","block_context":{"text":"Haberler","link":"https:\/\/www.gocmeniz.biz\/?cat=5"},"img":{"alt_text":"","src":"https:\/\/i0.wp.com\/www.hurriyet.com.tr\/_np\/2269\/11062269.jpg?resize=350%2C200","width":350,"height":200},"classes":[]},{"id":1761,"url":"https:\/\/www.gocmeniz.biz\/?p=1761","url_meta":{"origin":2558,"position":3},"title":"GEN\u00c7LER\u0130N YEN\u0130 UMUDU BULGAR\u0130STAN","author":"Haberci","date":"02 Eyl\u00fcl 2009","format":false,"excerpt":"\u00d6\u011frenci Se\u00e7me S\u0131nav\u0131(\u00d6SS) ba\u015far\u0131s\u0131 d\u00fc\u015f\u00fck olan G\u00fcneydo\u011fu illerindeki \u00f6\u011frenciler, sadece orta \u00f6\u011fretim puan ortalamas\u0131n\u0131n dikkate al\u0131nmas\u0131 ve okul \u00fccretlerinin d\u00fc\u015f\u00fck olmas\u0131 nedeniyle Bulgaristan`daki \u00fcniversitelere gidiyor. Al\u0131nan bilgiye g\u00f6re, 1 Ocak 2007`de Avrupa Birli\u011fi(AB) \u00fcyesi olan Bulgaristan`da verilen diplomalar\u0131n T\u00fcrkiye ve AB \u00fclkelerinde tan\u0131nmas\u0131 nedeniyle, \u00f6\u011frencilerin bu \u00fclkeye ilgisi giderek art\u0131yor.\u2026","rel":"","context":"&quot;Haberler&quot; i\u00e7inde","block_context":{"text":"Haberler","link":"https:\/\/www.gocmeniz.biz\/?cat=5"},"img":{"alt_text":"","src":"","width":0,"height":0},"classes":[]},{"id":2554,"url":"https:\/\/www.gocmeniz.biz\/?p=2554","url_meta":{"origin":2558,"position":4},"title":"S\u0131rbistan, T\u00fcrk Ak\u0131m\u0131 \u00c7al\u0131\u015fmalar\u0131n\u0131 Bu Y\u0131l Sonuna Kadar Tamamlayacak","author":"Haberci","date":"04 \u015eubat 2019","format":false,"excerpt":"S\u0131rbistan, \u00fclke s\u0131n\u0131rlar\u0131 i\u00e7indeki T\u00fcrk Ak\u0131m\u0131 Do\u011falgaz Boru Hatt\u0131 \u00e7al\u0131\u015fmalar\u0131na Mart ay\u0131nda ba\u015flay\u0131p 15\u00a0Aral\u0131k\u00a02019 tarihine kadar tamamlamay\u0131 hedefliyor. S\u0131rbistan kamu enerji \u015firketi Srbijagas\u00a0CEO'su Dusan Bajatovi\u00e7, Rus do\u011falgaz\u0131n\u0131\u00a0Karadeniz\u00a0\u00fczerinden\u00a0T\u00fcrkiye'ye ve T\u00fcrkiye'den de\u00a0Avrupa'ya aktaracak olan T\u00fcrk Ak\u0131m\u0131 Do\u011falgaz Boru Hatt\u0131'n\u0131n S\u0131rbistan s\u0131n\u0131rlar\u0131 i\u00e7indeki b\u00f6l\u00fcm\u00fcn\u00fc 15 Aral\u0131k 2019'a kadar tamamlamay\u0131 hedeflediklerini a\u00e7\u0131klad\u0131. Bajatovi\u00e7, Srbijagas'\u0131n\u2026","rel":"","context":"&quot;Haberler&quot; i\u00e7inde","block_context":{"text":"Haberler","link":"https:\/\/www.gocmeniz.biz\/?cat=5"},"img":{"alt_text":"","src":"https:\/\/i0.wp.com\/www.gocmeniz.biz\/wp-content\/rq.jpg?fit=670%2C330&ssl=1&resize=350%2C200","width":350,"height":200,"srcset":"https:\/\/i0.wp.com\/www.gocmeniz.biz\/wp-content\/rq.jpg?fit=670%2C330&ssl=1&resize=350%2C200 1x, https:\/\/i0.wp.com\/www.gocmeniz.biz\/wp-content\/rq.jpg?fit=670%2C330&ssl=1&resize=525%2C300 1.5x"},"classes":[]},{"id":9714,"url":"https:\/\/www.gocmeniz.biz\/?p=9714","url_meta":{"origin":2558,"position":5},"title":"AB&#8217;nin Petrol Rezervleri Ne Kadar Dayanabilir?","author":"Admin","date":"03 Nisan 2026","format":false,"excerpt":"Orta Do\u011fu'daki sava\u015f\u0131n k\u00fcresel petrol arz\u0131n\u0131 g\u00fcnde 12 milyon varil daraltmas\u0131yla birlikte Avrupa Birli\u011fi, enerji g\u00fcvenli\u011fini sa\u011flamak i\u00e7in harekete ge\u00e7ti. AB Enerji Komiseri Dan Jorgensen, 31 Mart'ta ger\u00e7ekle\u015ftirilen ola\u011fan\u00fcst\u00fc enerji bakanlar\u0131 toplant\u0131s\u0131n\u0131n ard\u0131ndan Orta Do\u011fu'ya ba\u011f\u0131ml\u0131l\u0131k nedeniyle dizel ve jet yak\u0131t\u0131nda k\u0131tl\u0131k riskinin y\u00fcksek oldu\u011fu uyar\u0131s\u0131nda bulundu ve \"uzun s\u00fcreli\u2026","rel":"","context":"&quot;Haberler&quot; i\u00e7inde","block_context":{"text":"Haberler","link":"https:\/\/www.gocmeniz.biz\/?cat=5"},"img":{"alt_text":"","src":"https:\/\/i0.wp.com\/www.gocmeniz.biz\/wp-content\/1366x768_cmsv2_628b5f32-c46f-51c5-a35a-6f8c0fd5ba4a-9707771.webp?fit=1200%2C675&ssl=1&resize=350%2C200","width":350,"height":200,"srcset":"https:\/\/i0.wp.com\/www.gocmeniz.biz\/wp-content\/1366x768_cmsv2_628b5f32-c46f-51c5-a35a-6f8c0fd5ba4a-9707771.webp?fit=1200%2C675&ssl=1&resize=350%2C200 1x, https:\/\/i0.wp.com\/www.gocmeniz.biz\/wp-content\/1366x768_cmsv2_628b5f32-c46f-51c5-a35a-6f8c0fd5ba4a-9707771.webp?fit=1200%2C675&ssl=1&resize=525%2C300 1.5x, https:\/\/i0.wp.com\/www.gocmeniz.biz\/wp-content\/1366x768_cmsv2_628b5f32-c46f-51c5-a35a-6f8c0fd5ba4a-9707771.webp?fit=1200%2C675&ssl=1&resize=700%2C400 2x, https:\/\/i0.wp.com\/www.gocmeniz.biz\/wp-content\/1366x768_cmsv2_628b5f32-c46f-51c5-a35a-6f8c0fd5ba4a-9707771.webp?fit=1200%2C675&ssl=1&resize=1050%2C600 3x"},"classes":[]}],"jetpack_sharing_enabled":true,"jetpack_likes_enabled":true,"_links":{"self":[{"href":"https:\/\/www.gocmeniz.biz\/index.php?rest_route=\/wp\/v2\/posts\/2558","targetHints":{"allow":["GET"]}}],"collection":[{"href":"https:\/\/www.gocmeniz.biz\/index.php?rest_route=\/wp\/v2\/posts"}],"about":[{"href":"https:\/\/www.gocmeniz.biz\/index.php?rest_route=\/wp\/v2\/types\/post"}],"author":[{"embeddable":true,"href":"https:\/\/www.gocmeniz.biz\/index.php?rest_route=\/wp\/v2\/users\/331"}],"replies":[{"embeddable":true,"href":"https:\/\/www.gocmeniz.biz\/index.php?rest_route=%2Fwp%2Fv2%2Fcomments&post=2558"}],"version-history":[{"count":1,"href":"https:\/\/www.gocmeniz.biz\/index.php?rest_route=\/wp\/v2\/posts\/2558\/revisions"}],"predecessor-version":[{"id":8532,"href":"https:\/\/www.gocmeniz.biz\/index.php?rest_route=\/wp\/v2\/posts\/2558\/revisions\/8532"}],"wp:featuredmedia":[{"embeddable":true,"href":"https:\/\/www.gocmeniz.biz\/index.php?rest_route=\/wp\/v2\/media\/2559"}],"wp:attachment":[{"href":"https:\/\/www.gocmeniz.biz\/index.php?rest_route=%2Fwp%2Fv2%2Fmedia&parent=2558"}],"wp:term":[{"taxonomy":"category","embeddable":true,"href":"https:\/\/www.gocmeniz.biz\/index.php?rest_route=%2Fwp%2Fv2%2Fcategories&post=2558"},{"taxonomy":"post_tag","embeddable":true,"href":"https:\/\/www.gocmeniz.biz\/index.php?rest_route=%2Fwp%2Fv2%2Ftags&post=2558"}],"curies":[{"name":"wp","href":"https:\/\/api.w.org\/{rel}","templated":true}]}}