{"id":2561,"date":"2019-02-05T00:09:54","date_gmt":"2019-02-04T21:09:54","guid":{"rendered":"http:\/\/www.gocmeniz.biz\/?p=2561"},"modified":"2026-04-03T12:17:06","modified_gmt":"2026-04-03T09:17:06","slug":"avrupanin-en-zengin-ulkeleri-her-zaman-en-saglikli-yasanan-ulkeler-degil","status":"publish","type":"post","link":"https:\/\/www.gocmeniz.biz\/?p=2561","title":{"rendered":"Avrupa&#8217;n\u0131n en zengin \u00fclkeleri her zaman en sa\u011fl\u0131kl\u0131 ya\u015fanan \u00fclkeler de\u011fil"},"content":{"rendered":"\n<p>Avrupa \u0130statistik Kurumu Eurostat, AB \u00fclkelerinde beklenen &#8216;sa\u011fl\u0131kl\u0131 ya\u015fam&#8217; s\u00fcrelerini a\u00e7\u0131klad\u0131. Buna g\u00f6re kad\u0131nlar hayatlar\u0131n\u0131n ortalama 64,2 y\u0131l\u0131n\u0131 sa\u011fl\u0131kl\u0131 olarak ge\u00e7irirken, erkeklerde bu say\u0131 63,5 olarak belirdi.<\/p>\n\n\n\n<p>Normal beklenen ya\u015fam s\u00fcrelerine k\u0131yasla &#8216;sa\u011fl\u0131kl\u0131 ya\u015fam&#8217; s\u00fcresi, bir ki\u015finin herhangi bir engeli olmadan ya\u015fad\u0131\u011f\u0131 s\u00fcreyi g\u00f6steriyor. Bu nedenle beklenen ya\u015fam s\u00fcresi erkeklere oranla kad\u0131nlarda 5,4 y\u0131l daha uzunken, sa\u011fl\u0131kl\u0131 ya\u015fam s\u00fcresinde fark sadece 0,7 y\u0131la d\u00fc\u015f\u00fcyor.<\/p>\n\n\n\n<p>Ara\u015ft\u0131rmaya g\u00f6re ayr\u0131ca, kad\u0131nlar\u0131n hayatlar\u0131n\u0131n y\u00fczde 77&#8217;sini hi\u00e7bir engel olmadan ya\u015farken, erkeklerde bu oran y\u00fczde 81&#8217;e \u00e7\u0131k\u0131yor.<\/p>\n\n\n\n<figure class=\"wp-block-image\"><img data-recalc-dims=\"1\"  title=\"\" loading=\"lazy\" decoding=\"async\" width=\"599\" height=\"709\" src=\"https:\/\/i0.wp.com\/www.gocmeniz.biz\/wp-content\/image.png?resize=599%2C709&#038;ssl=1\"  alt=\"image Avrupa&#039;n\u0131n en zengin \u00fclkeleri her zaman en sa\u011fl\u0131kl\u0131 ya\u015fanan \u00fclkeler de\u011fil\"  class=\"wp-image-2562\" srcset=\"https:\/\/i0.wp.com\/www.gocmeniz.biz\/wp-content\/image.png?w=599&amp;ssl=1 599w, https:\/\/i0.wp.com\/www.gocmeniz.biz\/wp-content\/image.png?resize=253%2C300&amp;ssl=1 253w\" sizes=\"auto, (max-width: 599px) 100vw, 599px\" \/><\/figure>\n\n\n\n<h2 class=\"wp-block-heading\">En ba\u015fta \u0130sve\u00e7, en sonda Letonya<\/h2>\n\n\n\n<p>Beklenen sa\u011fl\u0131kl\u0131 ya\u015fam y\u0131llar\u0131n\u0131n en y\u00fcksek g\u00f6r\u00fcld\u00fc\u011f\u00fc yer kad\u0131nlarda 73,3 y\u0131l, erkeklerde 73 y\u0131lla \u0130sve\u00e7 oldu. Ancak s\u0131ralama erkekler ve kad\u0131nlarda b\u00fcy\u00fck farkl\u0131l\u0131klar g\u00f6steriyor.<\/p>\n\n\n\n<p>Veriler, en y\u00fcksek sa\u011fl\u0131kl\u0131 ya\u015fam beklentisi olan \u00fclkeler her zaman en zengin \u00fclkeler olmad\u0131\u011f\u0131n\u0131 da ortaya koydu. Malta, Bulgaristan ve Yunanistan gibi \u00fclkelerin AB ortalamas\u0131n\u0131n \u00fcst\u00fcnde oldu\u011fu g\u00f6zlemlendi.<\/p>\n\n\n\n<p>Genelde kad\u0131nlarda sa\u011fl\u0131kl\u0131 ya\u015fam erkeklere g\u00f6re daha uzun olarak kaydedilse de, yedi \u00fclkede erkeklerin kad\u0131nlara g\u00f6re daha fazla sa\u011fl\u0131kl\u0131 ya\u015fad\u0131\u011f\u0131 belirtildi. Bunlar\u0131n aras\u0131nda en b\u00fcy\u00fck farka sahip olan, erkeklerin ortalama 5 y\u0131l daha uzun sa\u011fl\u0131kl\u0131 ya\u015fad\u0131\u011f\u0131 Hollanda oldu.<\/p>\n\n\n\n<p>En d\u00fc\u015f\u00fck sa\u011fl\u0131kl\u0131 ya\u015fam s\u00fcresine sahip olan \u00fclke ise Letonya oldu. Do\u011fu Avrupa \u00fclkesinde kad\u0131nlarda sa\u011fl\u0131kl\u0131 ya\u015fam s\u00fcresi 54,9 y\u0131lken, erkeklerde 52,3 y\u0131l olarak topland\u0131.<\/p>\n\n\n\n<p><em>Kaynak: Euronews<\/em><\/p>\n","protected":false},"excerpt":{"rendered":"<p>Avrupa \u0130statistik Kurumu Eurostat, AB \u00fclkelerinde beklenen &#8216;sa\u011fl\u0131kl\u0131 ya\u015fam&#8217; s\u00fcrelerini a\u00e7\u0131klad\u0131. Buna g\u00f6re kad\u0131nlar hayatlar\u0131n\u0131n ortalama 64,2 y\u0131l\u0131n\u0131 sa\u011fl\u0131kl\u0131 olarak ge\u00e7irirken, erkeklerde bu say\u0131 63,5 olarak belirdi. Normal beklenen ya\u015fam s\u00fcrelerine k\u0131yasla &#8216;sa\u011fl\u0131kl\u0131 ya\u015fam&#8217; s\u00fcresi, bir ki\u015finin herhangi bir engeli olmadan ya\u015fad\u0131\u011f\u0131 s\u00fcreyi g\u00f6steriyor. Bu nedenle beklenen ya\u015fam s\u00fcresi erkeklere oranla kad\u0131nlarda 5,4 y\u0131l daha [&hellip;]<\/p>\n","protected":false},"author":331,"featured_media":2563,"comment_status":"open","ping_status":"open","sticky":false,"template":"","format":"standard","meta":{"advanced_seo_description":"","jetpack_seo_html_title":"","jetpack_seo_noindex":false,"ngg_post_thumbnail":0,"jetpack_post_was_ever_published":false,"_jetpack_newsletter_access":"","_jetpack_dont_email_post_to_subs":false,"_jetpack_newsletter_tier_id":0,"_jetpack_memberships_contains_paywalled_content":false,"_jetpack_memberships_contains_paid_content":false,"footnotes":""},"categories":[5],"tags":[],"class_list":["post-2561","post","type-post","status-publish","format-standard","has-post-thumbnail","hentry","category-haberler"],"jetpack_featured_media_url":"https:\/\/i0.wp.com\/www.gocmeniz.biz\/wp-content\/880x495_cmsv2_635fbf6b-2e4d-5c22-beaa-560b687881cf-3640656.jpg?fit=880%2C495&ssl=1","jetpack_shortlink":"https:\/\/wp.me\/paHHlZ-Fj","jetpack-related-posts":[{"id":1570,"url":"https:\/\/www.gocmeniz.biz\/?p=1570","url_meta":{"origin":2561,"position":0},"title":"AB`nin `E\u011fitim Verileri` raporunda `T\u00fcrkiye hari\u00e7` bollu\u011fu","author":"Haberci","date":"20 Temmuz 2009","format":false,"excerpt":"Avrupa Komisyonu`nun ge\u00e7en hafta sonu a\u00e7\u0131klad\u0131\u011f\u0131 `E\u011fitim \u00dczerine Ana Veriler 2009` raporunda T\u00fcrkiye ve Avrupa`n\u0131n e\u011fitim verileri kar\u015f\u0131la\u015ft\u0131r\u0131ld\u0131, e\u011fitimde olumlu geli\u015fmelerle ilgili bir\u00e7ok b\u00f6l\u00fcme `T\u00fcrkiye hari\u00e7` kayd\u0131 d\u00fc\u015f\u00fclmesi dikkat \u00e7ekti. Rapordan: Avrupa \u00fclkelerinde \u00f6\u011fretmen ba\u015f\u0131na 10 \u00f6\u011frenci d\u00fc\u015f\u00fcyor, T\u00fcrkiye`de ise `dikkati \u00e7ekecek kadar fazla` 25 \u00f6\u011frenci bir \u00f6\u011fretmenden yararlan\u0131yor\u2026 \u00dcniversite\u2026","rel":"","context":"&quot;Haberler&quot; i\u00e7inde","block_context":{"text":"Haberler","link":"https:\/\/www.gocmeniz.biz\/?cat=5"},"img":{"alt_text":"","src":"","width":0,"height":0},"classes":[]},{"id":378,"url":"https:\/\/www.gocmeniz.biz\/?p=378","url_meta":{"origin":2561,"position":1},"title":"Kablosuz modem bebekler i\u00e7in zararl\u0131","author":"Haberci","date":"08 May\u0131s 2008","format":false,"excerpt":"Sa\u011fl\u0131kl\u0131 ya\u015fam uzman\u0131 Prof. Dr. Osman m\u00fcft\u00fco\u011flu, kablosuz modemin yayd\u0131\u011f\u0131 manyetik dalgalar\u0131n hamile ve 2 ya\u015f alt\u0131ndaki bebekler i\u00e7in zararl\u0131 oldu\u011funu s\u00f6yledi. Prof. Dr. M\u00fcft\u00fco\u011flu beslenme ko\u015fullar\u0131n\u0131n yan\u0131s\u0131ra \u00e7evrede kullan\u0131m\u0131 artan manyetik kirlenmeyle ilgili olarak \u00e7ok ciddi tehlikelerin oldu\u011funu s\u00f6yledi. Cep telefonu kullan\u0131m\u0131n\u0131n ilerleyen zamanlarda sigara gibi yasaklanaca\u011f\u0131n\u0131 belirten Prof.M\u00fcft\u00fco\u011flu,\u2026","rel":"","context":"Benzer yaz\u0131","block_context":{"text":"Benzer yaz\u0131","link":""},"img":{"alt_text":"","src":"","width":0,"height":0},"classes":[]},{"id":202,"url":"https:\/\/www.gocmeniz.biz\/?p=202","url_meta":{"origin":2561,"position":2},"title":"Bulgaristan n\u00fcfusu, 2050\u2019ye kadar y\u00fczde 26 azalacak","author":"Admin","date":"25 Ekim 2007","format":false,"excerpt":"Br\u00fcksel merkezli d\u00fc\u015f\u00fcnce kurulu\u015fu The Lisbon Council'\u0131n bir ara\u015ft\u0131rmas\u0131nda, Bulgaristan n\u00fcfusunun 2050 y\u0131l\u0131na kadar y\u00fczde 26 azalaca\u011f\u0131 bildirildi. Bulgaristan Ulusal \u0130statistik Enstit\u00fcs\u00fc'ne (NS\u0130) g\u00f6re 2006 y\u0131l\u0131n\u0131n sonunda n\u00fcfus 7 milyon 385 bin 367. Ara\u015ft\u0131rmada \"Do\u011fu Avrupa n\u00fcfusunun h\u0131zl\u0131 azalmas\u0131 nedeniyle baz\u0131 \u00fclkeler, bat\u0131daki ya\u015fam standartlar\u0131na hi\u00e7bir zaman eri\u015femeyecek,\" deniliyor. \u00c7ek\u2026","rel":"","context":"&quot;Haberler&quot; i\u00e7inde","block_context":{"text":"Haberler","link":"https:\/\/www.gocmeniz.biz\/?cat=5"},"img":{"alt_text":"","src":"","width":0,"height":0},"classes":[]},{"id":18,"url":"https:\/\/www.gocmeniz.biz\/?p=18","url_meta":{"origin":2561,"position":3},"title":"Bulgar gazetelerinde bug\u00fcn. 1 Mart 2007, Per\u015fembe","author":"Admin","date":"01 Mart 2007","format":false,"excerpt":"GENEL VE POL\u0130T\u0130KA - \u0130\u00e7i\u015fleri Bakan\u0131 Rumen Petkov, haziran ay\u0131ndan itibaren y\u00fczlerce polisin, \u00fclkenin sakin b\u00f6lgelerinden su\u00e7lar\u0131n daha \u00e7ok i\u015flendi\u011fi b\u00fcy\u00fck \u015fehirlere de\u011fi\u015ftirilece\u011fini a\u00e7\u0131klad\u0131. (24 \u00c7asa) - Bulgaristan devletini yakla\u015f\u0131k 4 milyon euro doland\u0131rd\u0131\u011f\u0131 iddias\u0131yla Interpol taraf\u0131ndan aranan politikac\u0131 Dr. Bedri \u015eefik\u2019in \u0130stanbul'da yakaland\u0131\u011f\u0131 ancak sorgulamadan sonra serbest b\u0131rak\u0131ld\u0131\u011f\u0131 bildirildi.\u2026","rel":"","context":"&quot;Haberler&quot; i\u00e7inde","block_context":{"text":"Haberler","link":"https:\/\/www.gocmeniz.biz\/?cat=5"},"img":{"alt_text":"","src":"","width":0,"height":0},"classes":[]},{"id":13,"url":"https:\/\/www.gocmeniz.biz\/?p=13","url_meta":{"origin":2561,"position":4},"title":"Bulgar gazetelerinde bug\u00fcn. 26 \u015eubat 2007, Pazartesi","author":"Admin","date":"26 \u015eubat 2007","format":false,"excerpt":"GENEL VE POL\u0130T\u0130KA - H\u00fck\u00fcmetin kabul etti\u011fi trafik g\u00fcvenli\u011fi program\u0131 gere\u011fince, ana yollardaki tabelalar temmuz ay\u0131na kadar de\u011fi\u015ftirilecek. Yeni levhalardaki isimlerin Latince de yaz\u0131lmas\u0131 planlan\u0131yor. (24 \u00c7asa) - Bulgaristan Gazete Yay\u0131nc\u0131lar\u0131 Birli\u011fi, milliyet\u00e7i Ataka partisi lideri Volen Siderov'un ve partisinin sempatizanlar\u0131n\u0131n hafta sonunda iki gazete ofisine girmesini tehlikeli ve \u00e7irkin\u2026","rel":"","context":"&quot;Haberler&quot; i\u00e7inde","block_context":{"text":"Haberler","link":"https:\/\/www.gocmeniz.biz\/?cat=5"},"img":{"alt_text":"","src":"","width":0,"height":0},"classes":[]},{"id":1280,"url":"https:\/\/www.gocmeniz.biz\/?p=1280","url_meta":{"origin":2561,"position":5},"title":"Bulgaristan&#8217;da \u00fcniversite okumak","author":"Haberci","date":"28 May\u0131s 2009","format":false,"excerpt":"\u00dcniversiteye giden tek yol \u00d6SS de\u011filBu y\u0131l 1 milyon 646 bin \u00f6\u011frenci \u00d6SS'de ter d\u00f6kt\u00fc. Ancak bunlar\u0131n \u00e7ok az\u0131 hedefledikleri \u00fcniversite ve b\u00f6l\u00fcmlere yerle\u015febildi. Bir b\u00f6l\u00fcme yerle\u015fenlerin aras\u0131nda, se\u00e7tikleri b\u00f6l\u00fcm\u00fcn i\u00e7eri\u011fini, o mesleki alan\u0131n gelece\u011fini ya da i\u015f potansiyelini bilmeyenlerin say\u0131s\u0131n\u0131n hi\u00e7 de az olmad\u0131\u011f\u0131 art\u0131k herkesin bildi\u011fi bir ger\u00e7ek.\u2026","rel":"","context":"&quot;Haberler&quot; i\u00e7inde","block_context":{"text":"Haberler","link":"https:\/\/www.gocmeniz.biz\/?cat=5"},"img":{"alt_text":"","src":"","width":0,"height":0},"classes":[]}],"jetpack_sharing_enabled":true,"jetpack_likes_enabled":true,"_links":{"self":[{"href":"https:\/\/www.gocmeniz.biz\/index.php?rest_route=\/wp\/v2\/posts\/2561","targetHints":{"allow":["GET"]}}],"collection":[{"href":"https:\/\/www.gocmeniz.biz\/index.php?rest_route=\/wp\/v2\/posts"}],"about":[{"href":"https:\/\/www.gocmeniz.biz\/index.php?rest_route=\/wp\/v2\/types\/post"}],"author":[{"embeddable":true,"href":"https:\/\/www.gocmeniz.biz\/index.php?rest_route=\/wp\/v2\/users\/331"}],"replies":[{"embeddable":true,"href":"https:\/\/www.gocmeniz.biz\/index.php?rest_route=%2Fwp%2Fv2%2Fcomments&post=2561"}],"version-history":[{"count":1,"href":"https:\/\/www.gocmeniz.biz\/index.php?rest_route=\/wp\/v2\/posts\/2561\/revisions"}],"predecessor-version":[{"id":8641,"href":"https:\/\/www.gocmeniz.biz\/index.php?rest_route=\/wp\/v2\/posts\/2561\/revisions\/8641"}],"wp:featuredmedia":[{"embeddable":true,"href":"https:\/\/www.gocmeniz.biz\/index.php?rest_route=\/wp\/v2\/media\/2563"}],"wp:attachment":[{"href":"https:\/\/www.gocmeniz.biz\/index.php?rest_route=%2Fwp%2Fv2%2Fmedia&parent=2561"}],"wp:term":[{"taxonomy":"category","embeddable":true,"href":"https:\/\/www.gocmeniz.biz\/index.php?rest_route=%2Fwp%2Fv2%2Fcategories&post=2561"},{"taxonomy":"post_tag","embeddable":true,"href":"https:\/\/www.gocmeniz.biz\/index.php?rest_route=%2Fwp%2Fv2%2Ftags&post=2561"}],"curies":[{"name":"wp","href":"https:\/\/api.w.org\/{rel}","templated":true}]}}