{"id":2568,"date":"2019-02-05T19:00:58","date_gmt":"2019-02-05T16:00:58","guid":{"rendered":"http:\/\/www.gocmeniz.biz\/?p=2568"},"modified":"2026-04-03T12:17:06","modified_gmt":"2026-04-03T09:17:06","slug":"korkutucu-iklim-raporu-himalayada-buzullar-eriyor-dunyanin-dortte-biri-tehdit-altinda","status":"publish","type":"post","link":"https:\/\/www.gocmeniz.biz\/?p=2568","title":{"rendered":"Korkutucu iklim raporu: Himalaya&#8217;da buzullar eriyor, d\u00fcnyan\u0131n d\u00f6rtte biri tehdit alt\u0131nda"},"content":{"rendered":"\n<p>K\u00fcresel \u0131s\u0131nman\u0131n en fazla tehdit etti\u011fi b\u00f6lgelerden birinin Himalaya Da\u011flar\u0131 oldu\u011fu ve y\u00fczy\u0131l\u0131n sonuna kadar bu b\u00f6lgedeki 2 milyara yak\u0131n ki\u015finin k\u0131tl\u0131kla y\u00fczle\u015febilece\u011fi tespit edildi.<\/p>\n\n\n\n\n\n<p>Pazartesi g\u00fcn\u00fc yay\u0131mlanan ve 350 ara\u015ft\u0131rmac\u0131n\u0131n katk\u0131lar\u0131yla haz\u0131rlanan &#8216;Hinduku\u015f Himalaya De\u011ferlendirmesi&#8217; (The Hindu Kush Himalaya Assessment), d\u00fcnyan\u0131n en kalabal\u0131k k\u0131tas\u0131ndaki n\u00fcfusun kar\u015f\u0131 kar\u015f\u0131ya oldu\u011fu tehlikeyi g\u00f6zler \u00f6n\u00fcne serdi.<\/p>\n\n\n\n\n\n<p>Rapora g\u00f6re e\u011fer k\u00fcresel \u0131s\u0131nma \u015fimdiki h\u0131z\u0131nda devam ederse, y\u00fczy\u0131l\u0131n sonunda da\u011fl\u0131k b\u00f6lgedeki s\u0131cakl\u0131klar 4 Santigrat dereceden fazla artabilir. Bu durumda d\u00fcnyan\u0131n en y\u00fcksek tepesi olan Everest&#8217;in de aralar\u0131nda bulundu\u011fu da\u011fl\u0131k b\u00f6lgedeki buzullar\u0131n \u00fc\u00e7te ikisi eriyebilir.<\/p>\n\n\n\n<h2 class=\"wp-block-heading\">\u0130nsanl\u0131k tarihinin en b\u00fcy\u00fck krizi kap\u0131da<\/h2>\n\n\n\n<p>Buzullar\u0131n erimesi, sadece da\u011fl\u0131k b\u00f6lgede ya\u015fayan yakla\u015f\u0131k 200 milyon ki\u015fi i\u00e7in de\u011fil, ayn\u0131 zamanda buradan beslenen su havzalar\u0131nda bulunan 1,6 milyardan fazla insan i\u00e7in de \u00e7ok b\u00fcy\u00fck \u00f6nem arz ediyor.<\/p>\n\n\n\n<p>E\u011fer buzullar erirse su kaynaklar\u0131 azalaca\u011f\u0131ndan, tar\u0131m ve hayvanc\u0131l\u0131k da s\u0131k\u0131nt\u0131ya girecek ve d\u00fcnyada daha \u00f6nce hi\u00e7 kar\u015f\u0131la\u015f\u0131lmad\u0131\u011f\u0131 kadar b\u00fcy\u00fck bir k\u0131tl\u0131k ya\u015fanacak.<\/p>\n\n\n\n<blockquote class=\"wp-block-quote is-layout-flow wp-block-quote-is-layout-flow\"><p>H\u0131rsl\u0131 bir \u015fekilde iklim de\u011fi\u015fikli\u011fi ile m\u00fccadele etmemiz durumunda bile buzullar\u0131n \u00fc\u00e7te birini kaybedip s\u0131k\u0131nt\u0131ya d\u00fc\u015fece\u011fiz. Bu bizi \u015fok eden bir bulgu oldu.<\/p><\/blockquote>\n\n\n\n<p>Dr. Philippus Wester&nbsp;Hinduku\u015f Himalaya Raporu&#8217;nun yazarlar\u0131ndan<\/p>\n\n\n\n<h2 class=\"wp-block-heading\">En iyi senaryo dahi korkutucu<\/h2>\n\n\n\n<p>2016&#8217;da imzalanan Paris \u0130klim Anla\u015fmas\u0131 kapsam\u0131nda \u00fclkeler s\u0131cakl\u0131k art\u0131\u015f\u0131n\u0131n d\u00fcnya genelinde 1,5 derecede kalmas\u0131 i\u00e7in \u00e7aba g\u00f6stermeyi kararla\u015ft\u0131rm\u0131\u015ft\u0131.<\/p>\n\n\n\n<p>Ancak raporu haz\u0131rlayan iklim uzmanlar\u0131, &#8216;en iyi senaryo&#8217; olarak adland\u0131r\u0131lan bu durumda bile da\u011f buzullar\u0131n\u0131n \u00fc\u00e7te birinin eriyece\u011fini ortaya koydu. Bunun nedeni olarak sera gaz\u0131 etkisi yapan gazlar\u0131n y\u00fcksek rak\u0131mlarda daha fazla bulunmas\u0131 ve dolay\u0131s\u0131yla da\u011fl\u0131k alanlar\u0131 daha olumsuz etkilemesi g\u00f6steriliyor.<\/p>\n\n\n\n<p>S\u0131cakl\u0131ktaki de\u011fi\u015fimlerin etkileri Hindistan&#8217;da hissedilmeye ba\u015flad\u0131. \u00dclke n\u00fcfusunun yar\u0131s\u0131n\u0131n, yani yakla\u015f\u0131k 600 milyon ki\u015finin temiz suya ula\u015fma konusunda sorun ya\u015fad\u0131\u011f\u0131 ve her sene bu nedenle 200 bin ki\u015finin hayat\u0131n\u0131 kaybetti\u011fi belirtiliyor.<\/p>\n\n\n\n<p>Eri\u015fime a\u00e7\u0131k olan yakla\u015f\u0131k 650 sayfa uzunlu\u011fundaki raporun h\u00fck\u00fcmetler ve b\u00fcy\u00fck \u015firketler \u00fczerine bask\u0131 kurarak daha h\u0131zl\u0131 \u00f6nlemler al\u0131nmas\u0131n\u0131 sa\u011flamas\u0131 umuluyor.<\/p>\n","protected":false},"excerpt":{"rendered":"<p>K\u00fcresel \u0131s\u0131nman\u0131n en fazla tehdit etti\u011fi b\u00f6lgelerden birinin Himalaya Da\u011flar\u0131 oldu\u011fu ve y\u00fczy\u0131l\u0131n sonuna kadar bu b\u00f6lgedeki 2 milyara yak\u0131n ki\u015finin k\u0131tl\u0131kla y\u00fczle\u015febilece\u011fi tespit edildi. Pazartesi g\u00fcn\u00fc yay\u0131mlanan ve 350 ara\u015ft\u0131rmac\u0131n\u0131n katk\u0131lar\u0131yla haz\u0131rlanan &#8216;Hinduku\u015f Himalaya De\u011ferlendirmesi&#8217; (The Hindu Kush Himalaya Assessment), d\u00fcnyan\u0131n en kalabal\u0131k k\u0131tas\u0131ndaki n\u00fcfusun kar\u015f\u0131 kar\u015f\u0131ya oldu\u011fu tehlikeyi g\u00f6zler \u00f6n\u00fcne serdi. Rapora g\u00f6re [&hellip;]<\/p>\n","protected":false},"author":331,"featured_media":2569,"comment_status":"open","ping_status":"open","sticky":false,"template":"","format":"standard","meta":{"advanced_seo_description":"","jetpack_seo_html_title":"","jetpack_seo_noindex":false,"ngg_post_thumbnail":0,"jetpack_post_was_ever_published":false,"_jetpack_newsletter_access":"","_jetpack_dont_email_post_to_subs":false,"_jetpack_newsletter_tier_id":0,"_jetpack_memberships_contains_paywalled_content":false,"_jetpack_memberships_contains_paid_content":false,"footnotes":""},"categories":[5],"tags":[],"class_list":["post-2568","post","type-post","status-publish","format-standard","has-post-thumbnail","hentry","category-haberler"],"jetpack_featured_media_url":"https:\/\/i0.wp.com\/www.gocmeniz.biz\/wp-content\/688x387_cmsv2_bf228be6-0f9e-56c3-aaf4-51348f22bb46-3375678.jpg?fit=688%2C387&ssl=1","jetpack_shortlink":"https:\/\/wp.me\/paHHlZ-Fq","jetpack-related-posts":[{"id":593,"url":"https:\/\/www.gocmeniz.biz\/?p=593","url_meta":{"origin":2568,"position":0},"title":"Haftan\u0131n D\u0131\u015f Politika Konusu- Barack Obama\u2019n\u0131n zaferi ve Bulgaristan","author":"Haberci","date":"09 Kas\u0131m 2008","format":false,"excerpt":"ABD\u2019de devlet ba\u015fkan\u0131 koltu\u011funu kazanan 47 ya\u015f\u0131ndaki siyahi demokrat Barack Obama, cumhuriyet\u00e7i John McCain\u2019i ma\u011fl\u00fcp etti. B\u00fct\u00fcn d\u00fcnya liderleri bu tarihi zaferi kutluyor. ABD\u2019nin 44. ba\u015fkan\u0131ndan hem Amerika, hem de d\u00fcnya yenilikler bekliyor. Obama\u2019n\u0131n zaferi, tarihi bir zafer ve de\u011fi\u015fim arzusunun sembol\u00fc olarak de\u011ferlendiriliyor. De\u011fi\u015fim arzusu ise sadece ABD vatanda\u015flar\u0131n\u0131n\u2026","rel":"","context":"&quot;Haberler&quot; i\u00e7inde","block_context":{"text":"Haberler","link":"https:\/\/www.gocmeniz.biz\/?cat=5"},"img":{"alt_text":"","src":"","width":0,"height":0},"classes":[]},{"id":2531,"url":"https:\/\/www.gocmeniz.biz\/?p=2531","url_meta":{"origin":2568,"position":1},"title":"Bulgaristan&#8217;daki Osmanl\u0131 Tarihi Eserleri","author":"Haberci","date":"29 Ocak 2019","format":false,"excerpt":"Bulgaristan'\u0131n kuzeydo\u011fusundaki\u00a0Razgrad\u00a0\u015fehrinde tarihi Osmanl\u0131 eseri Makbul \u0130brahim Pa\u015fa Camisi'nin restorasyonu i\u00e7in finansman sa\u011fland\u0131. Razgrad B\u00f6lge Valisi\u00a0G\u00fcney\u00a0H\u00fcsmen, ibadete kapal\u0131 \"k\u00fclt\u00fcrel an\u0131t\" niteli\u011fi ta\u015f\u0131yan, 1617'de in\u015fa edilen caminin onar\u0131m\u0131 i\u00e7in Stroykomers adl\u0131 bir \u015firketle imzalanan s\u00f6zle\u015fmeyle bir milyon avroluk finansman sa\u011flad\u0131klar\u0131n\u0131 a\u00e7\u0131klad\u0131. AA muhabirine a\u00e7\u0131klama yapan H\u00fcsmen, \"Camiyi otantik haline kavu\u015fturmak istiyoruz.\u2026","rel":"","context":"&quot;Haberler&quot; i\u00e7inde","block_context":{"text":"Haberler","link":"https:\/\/www.gocmeniz.biz\/?cat=5"},"img":{"alt_text":"","src":"https:\/\/i0.wp.com\/www.gocmeniz.biz\/wp-content\/21599.jpg?fit=750%2C360&ssl=1&resize=350%2C200","width":350,"height":200,"srcset":"https:\/\/i0.wp.com\/www.gocmeniz.biz\/wp-content\/21599.jpg?fit=750%2C360&ssl=1&resize=350%2C200 1x, https:\/\/i0.wp.com\/www.gocmeniz.biz\/wp-content\/21599.jpg?fit=750%2C360&ssl=1&resize=525%2C300 1.5x, https:\/\/i0.wp.com\/www.gocmeniz.biz\/wp-content\/21599.jpg?fit=750%2C360&ssl=1&resize=700%2C400 2x"},"classes":[]},{"id":478,"url":"https:\/\/www.gocmeniz.biz\/?p=478","url_meta":{"origin":2568,"position":2},"title":"G\u00fcne\u015f tutulmas\u0131 1 A\u011fustos&#8217;ta","author":"Haberci","date":"31 Temmuz 2008","format":false,"excerpt":"21. asr\u0131n be\u015finci tam g\u00fcne\u015f tutulmas\u0131, 1 A\u011fustos'ta yakla\u015f\u0131k 1 milyar ki\u015fi taraf\u0131ndan seyredilebilecek.Bilim adamlar\u0131n\u0131n a\u00e7\u0131klamas\u0131na g\u00f6re, olimpiyatlardan bir hafta \u00f6nce \u00c7in'i alacakaranl\u0131\u011fa g\u00f6mecek olan g\u00fcne\u015f tutulmas\u0131, cuma g\u00fcn\u00fc TS\u0130 12.30'da Kanada'n\u0131n kuzeydo\u011fusundan ba\u015flay\u0131p Gr\u00f6nland'\u0131n kuzeybat\u0131s\u0131, Kuzey kutbu denizi, Sibirya'n\u0131n kuzeyi, Mo\u011folistan'\u0131n bat\u0131s\u0131 ve \u00c7in g\u00fczergah\u0131n\u0131 takip edecek. Tutulma \u00c7in'de\u2026","rel":"","context":"&quot;Haberler&quot; i\u00e7inde","block_context":{"text":"Haberler","link":"https:\/\/www.gocmeniz.biz\/?cat=5"},"img":{"alt_text":"","src":"","width":0,"height":0},"classes":[]},{"id":9714,"url":"https:\/\/www.gocmeniz.biz\/?p=9714","url_meta":{"origin":2568,"position":3},"title":"AB&#8217;nin Petrol Rezervleri Ne Kadar Dayanabilir?","author":"Admin","date":"03 Nisan 2026","format":false,"excerpt":"Orta Do\u011fu'daki sava\u015f\u0131n k\u00fcresel petrol arz\u0131n\u0131 g\u00fcnde 12 milyon varil daraltmas\u0131yla birlikte Avrupa Birli\u011fi, enerji g\u00fcvenli\u011fini sa\u011flamak i\u00e7in harekete ge\u00e7ti. AB Enerji Komiseri Dan Jorgensen, 31 Mart'ta ger\u00e7ekle\u015ftirilen ola\u011fan\u00fcst\u00fc enerji bakanlar\u0131 toplant\u0131s\u0131n\u0131n ard\u0131ndan Orta Do\u011fu'ya ba\u011f\u0131ml\u0131l\u0131k nedeniyle dizel ve jet yak\u0131t\u0131nda k\u0131tl\u0131k riskinin y\u00fcksek oldu\u011fu uyar\u0131s\u0131nda bulundu ve \"uzun s\u00fcreli\u2026","rel":"","context":"&quot;Haberler&quot; i\u00e7inde","block_context":{"text":"Haberler","link":"https:\/\/www.gocmeniz.biz\/?cat=5"},"img":{"alt_text":"","src":"https:\/\/i0.wp.com\/www.gocmeniz.biz\/wp-content\/1366x768_cmsv2_628b5f32-c46f-51c5-a35a-6f8c0fd5ba4a-9707771.webp?fit=1200%2C675&ssl=1&resize=350%2C200","width":350,"height":200,"srcset":"https:\/\/i0.wp.com\/www.gocmeniz.biz\/wp-content\/1366x768_cmsv2_628b5f32-c46f-51c5-a35a-6f8c0fd5ba4a-9707771.webp?fit=1200%2C675&ssl=1&resize=350%2C200 1x, https:\/\/i0.wp.com\/www.gocmeniz.biz\/wp-content\/1366x768_cmsv2_628b5f32-c46f-51c5-a35a-6f8c0fd5ba4a-9707771.webp?fit=1200%2C675&ssl=1&resize=525%2C300 1.5x, https:\/\/i0.wp.com\/www.gocmeniz.biz\/wp-content\/1366x768_cmsv2_628b5f32-c46f-51c5-a35a-6f8c0fd5ba4a-9707771.webp?fit=1200%2C675&ssl=1&resize=700%2C400 2x, https:\/\/i0.wp.com\/www.gocmeniz.biz\/wp-content\/1366x768_cmsv2_628b5f32-c46f-51c5-a35a-6f8c0fd5ba4a-9707771.webp?fit=1200%2C675&ssl=1&resize=1050%2C600 3x"},"classes":[]},{"id":1968,"url":"https:\/\/www.gocmeniz.biz\/?p=1968","url_meta":{"origin":2568,"position":4},"title":"Berbatov ailesini mafyadan ka\u00e7\u0131rd\u0131","author":"Haberci","date":"02 Aral\u0131k 2009","format":false,"excerpt":"D\u00fcnyan\u0131n en zengin kul\u00fcb\u00fc Manchester United formas\u0131 giyen Bulgar oyuncu Dimitar Berbatov\u2019un son 2 haftas\u0131 aksiyon filmlerini aratm\u0131yor.Bulgar mafyas\u0131 ilk olarak 50 milyon dolara Tottenham\u2019dan Manchester\u2019a transfer olan y\u0131ld\u0131z\u0131n annesiyle irtibata ge\u00e7ti. 500 bin pound (Yakla\u015f\u0131k 1 milyon 250 bin TL) hara\u00e7 talep eden \u2018karanl\u0131k ki\u015fi\u2019ler paran\u0131n verilmemesi durumunda 28\u2026","rel":"","context":"&quot;Haberler&quot; i\u00e7inde","block_context":{"text":"Haberler","link":"https:\/\/www.gocmeniz.biz\/?cat=5"},"img":{"alt_text":"","src":"","width":0,"height":0},"classes":[]},{"id":2002,"url":"https:\/\/www.gocmeniz.biz\/?p=2002","url_meta":{"origin":2568,"position":5},"title":"Bulgar kahinden korkutan 2010 kehaneti","author":"Haberci","date":"04 Ocak 2010","format":false,"excerpt":"A.A.\u00a0\u00a0\u00a0 Bulgaristan'da halk\u0131n b\u00fcy\u00fck b\u00f6l\u00fcm\u00fc, bu y\u0131l yeni bir d\u00fcnya sava\u015f\u0131 \u00e7\u0131kaca\u011f\u0131na inan\u0131yor. Bulgarlar\u0131n y\u00fcre\u011fine \u00fc\u00e7\u00fcnc\u00fc d\u00fcnya sava\u015f\u0131 korkusunu salan ise \u00f6ng\u00f6rd\u00fcklerinin \u00e7o\u011fu ger\u00e7ekle\u015fen \u00fcnl\u00fc Bulgar kahin Baba Vanga'n\u0131n (Vanga Nine) son kehaneti. 1996 y\u0131l\u0131nda vefat eden ve g\u00f6rme engelli olan Bulgaristan'\u0131n Nostradamus'u \u00f6l\u00fcm\u00fcnden k\u0131sa s\u00fcre \u00f6nce, 2010 y\u0131l\u0131nda t\u00fcm\u2026","rel":"","context":"&quot;Haberler&quot; i\u00e7inde","block_context":{"text":"Haberler","link":"https:\/\/www.gocmeniz.biz\/?cat=5"},"img":{"alt_text":"","src":"","width":0,"height":0},"classes":[]}],"jetpack_sharing_enabled":true,"jetpack_likes_enabled":true,"_links":{"self":[{"href":"https:\/\/www.gocmeniz.biz\/index.php?rest_route=\/wp\/v2\/posts\/2568","targetHints":{"allow":["GET"]}}],"collection":[{"href":"https:\/\/www.gocmeniz.biz\/index.php?rest_route=\/wp\/v2\/posts"}],"about":[{"href":"https:\/\/www.gocmeniz.biz\/index.php?rest_route=\/wp\/v2\/types\/post"}],"author":[{"embeddable":true,"href":"https:\/\/www.gocmeniz.biz\/index.php?rest_route=\/wp\/v2\/users\/331"}],"replies":[{"embeddable":true,"href":"https:\/\/www.gocmeniz.biz\/index.php?rest_route=%2Fwp%2Fv2%2Fcomments&post=2568"}],"version-history":[{"count":1,"href":"https:\/\/www.gocmeniz.biz\/index.php?rest_route=\/wp\/v2\/posts\/2568\/revisions"}],"predecessor-version":[{"id":8640,"href":"https:\/\/www.gocmeniz.biz\/index.php?rest_route=\/wp\/v2\/posts\/2568\/revisions\/8640"}],"wp:featuredmedia":[{"embeddable":true,"href":"https:\/\/www.gocmeniz.biz\/index.php?rest_route=\/wp\/v2\/media\/2569"}],"wp:attachment":[{"href":"https:\/\/www.gocmeniz.biz\/index.php?rest_route=%2Fwp%2Fv2%2Fmedia&parent=2568"}],"wp:term":[{"taxonomy":"category","embeddable":true,"href":"https:\/\/www.gocmeniz.biz\/index.php?rest_route=%2Fwp%2Fv2%2Fcategories&post=2568"},{"taxonomy":"post_tag","embeddable":true,"href":"https:\/\/www.gocmeniz.biz\/index.php?rest_route=%2Fwp%2Fv2%2Ftags&post=2568"}],"curies":[{"name":"wp","href":"https:\/\/api.w.org\/{rel}","templated":true}]}}