{"id":257,"date":"2007-12-26T21:31:20","date_gmt":"2007-12-26T19:31:20","guid":{"rendered":"http:\/\/www.gocmeniz.biz\/gocmeniz-biz\/"},"modified":"2008-01-07T00:20:26","modified_gmt":"2008-01-06T22:20:26","slug":"gocmeniz-biz","status":"publish","type":"post","link":"https:\/\/www.gocmeniz.biz\/?p=257","title":{"rendered":"G\u00d6\u00c7MEN\u0130Z B\u0130Z"},"content":{"rendered":"<p><strong>G\u00d6\u00c7MEN\u0130Z B\u0130Z<\/strong><\/p>\n<p>Sel\u00e7uklu T\u00fcrklerinden benli\u011fimiz<br \/>\nKaraman o\u011fullar\u0131ndan \u00e7ekirde\u011fimiz<br \/>\nT\u00fcrkl\u00fckle yo\u011furuldu hamurumuz<br \/>\nT\u00fcrkl\u00fck var olana dek g\u00f6\u00e7eriz, G\u00f6\u00e7meniz Biz.<\/p>\n<p>Cenap\u2019 \u0131 Allah bizi g\u00f6\u00e7ebe yaratm\u0131\u015f<br \/>\nT\u00fcrk beylikleri kuruldu\u011fundan beri<br \/>\nT\u00fcrkl\u00fc\u011f\u00fcn i\u00e7inde g\u00f6\u00e7ebelik varm\u0131\u015f<br \/>\nAd\u0131 \u00fcst\u00fcnde . inkar edilmez, G\u00f6\u00e7meniz Biz .<\/p>\n<p>Anadolu\u2019dan Rumeli\u2019ye g\u00f6\u00e7ler ba\u015flad\u0131<br \/>\nOsmanl\u0131 Devleti yadigar\u0131 . ilk ba\u015fta yer ald\u0131<br \/>\nBulgaristan\u2019\u0131n  birka\u00e7 b\u00f6lgesi T\u00fcrk ile doldu<br \/>\nKimli\u011fimiz yok olmad\u0131 , G\u00f6\u00e7meniz Biz.<\/p>\n<p>T\u00fcrk varl\u0131\u011f\u0131 yok olamaz ,y\u0131llar da ge\u00e7se<br \/>\nFatih Sultan Mehmet fethetmi\u015f olsa<br \/>\nMustafa kemal, en son bu yolu da \u00e7izse<br \/>\nFedakarca  yap\u0131lan sava\u015flar hi\u00e7te unutulmad\u0131 .<\/p>\n<p>Bulgar zumlu alt\u0131nda ezildik , \u00e7ile g\u00f6rd\u00fck<br \/>\nBiz \u00f6z be \u00f6z T\u00fcrk\u2019\u00fcz, Sel\u00e7uk torunuyuz<br \/>\nYine kimli\u011fimizi benlimizi kaybetmedik<br \/>\nKaraman o\u011flu T\u00fcrk\u00fc , topra\u011f\u0131m\u0131z Rumeli\u2019dir<\/p>\n<p>\u00d6z Vatan\u0131m\u0131z T\u00fcrkiye \u2019ye  g\u00f6\u00e7 ettik<br \/>\nArt\u0131k temel olan vatan\u0131m\u0131za geldik<br \/>\nT\u00fcrkl\u00fck Diyar\u0131na ta\u015f\u0131 topra\u011f\u0131 alt\u0131n,dedik<br \/>\n\u0130stanbul\u2019u kendimize yurt,yuva se\u00e7tik.<\/p>\n<p>Balkan T\u00fcrkleri topland\u0131 bir araya<br \/>\nDernekler kuruldu, dizildi bir s\u0131raya<br \/>\nG\u00f6\u00e7menler topland\u0131 bir \u00e7at\u0131 alt\u0131na,bir araya<br \/>\nMuhac\u0131r oldu\u011fumuza gururluyuz ,<br \/>\nG\u00f6\u00e7meniz Biz \u2026<\/p>\n<p>Bir s\u00fcr\u00fc g\u00f6\u00e7men sitesi kuruldu<br \/>\nMuhacirler siteden bilgi edindi<br \/>\nY\u00f6netici Sever,  Mehmet ve Halis gibileri<br \/>\nG\u00f6\u00e7meniz Biz , Sitesinde yer ald\u0131 .<\/p>\n<p><strong>                                                                               H\u00fcseyin    G\u00dcNTEK\u0130N<\/strong><\/p>\n","protected":false},"excerpt":{"rendered":"<p>G\u00d6\u00c7MEN\u0130Z B\u0130Z Sel\u00e7uklu T\u00fcrklerinden benli\u011fimiz Karaman o\u011fullar\u0131ndan \u00e7ekirde\u011fimiz T\u00fcrkl\u00fckle yo\u011furuldu hamurumuz T\u00fcrkl\u00fck var olana dek g\u00f6\u00e7eriz, G\u00f6\u00e7meniz Biz. Cenap\u2019 \u0131 Allah bizi g\u00f6\u00e7ebe yaratm\u0131\u015f T\u00fcrk beylikleri kuruldu\u011fundan beri T\u00fcrkl\u00fc\u011f\u00fcn i\u00e7inde g\u00f6\u00e7ebelik varm\u0131\u015f Ad\u0131 \u00fcst\u00fcnde . inkar edilmez, G\u00f6\u00e7meniz Biz . Anadolu\u2019dan Rumeli\u2019ye g\u00f6\u00e7ler ba\u015flad\u0131 Osmanl\u0131 Devleti yadigar\u0131 . ilk ba\u015fta yer ald\u0131 Bulgaristan\u2019\u0131n birka\u00e7 b\u00f6lgesi [&hellip;]<\/p>\n","protected":false},"author":1,"featured_media":0,"comment_status":"open","ping_status":"open","sticky":false,"template":"","format":"standard","meta":{"advanced_seo_description":"","jetpack_seo_html_title":"","jetpack_seo_noindex":false,"ngg_post_thumbnail":0,"jetpack_post_was_ever_published":false,"_jetpack_newsletter_access":"","_jetpack_dont_email_post_to_subs":false,"_jetpack_newsletter_tier_id":0,"_jetpack_memberships_contains_paywalled_content":false,"_jetpack_memberships_contains_paid_content":false,"footnotes":""},"categories":[31],"tags":[],"class_list":["post-257","post","type-post","status-publish","format-standard","hentry","category-huseyin-guntekin"],"jetpack_featured_media_url":"","jetpack_shortlink":"https:\/\/wp.me\/paHHlZ-49","jetpack-related-posts":[{"id":1040,"url":"https:\/\/www.gocmeniz.biz\/?p=1040","url_meta":{"origin":257,"position":0},"title":"Bulgaristan&#8217;\u0131 da kolbast\u0131 [V\u0130DEO]","author":"Haberci","date":"11 Nisan 2009","format":false,"excerpt":"Karadeniz'den yay\u0131lan \"kolbast\u0131\" \u00e7\u0131l\u0131g\u0131nl\u0131\u011f\u0131 s\u0131n\u0131rlar\u0131m\u0131z\u0131 a\u015farak kom\u015fu \u00fclkelere de ula\u015ft\u0131. Bulgaristan'da okuyan 4 T\u00fcrk genci de\u011fi\u015fik \u00fclkelerden gelen \u00f6\u011frencileri b\u00f6yle mest etti. Gurbette okuyan T\u00fcrk \u00f6\u011frencilerin kolbast\u0131 \u015fovu, salonda bulunan 15 farkl\u0131 \u00fclkenin \u00f6\u011frencilerini b\u00fcy\u00fcledi. T\u00fck T\u00fcrkiye\u2019de be\u011fenile oynan\u0131p, izlenen Kolbast\u0131 oyunu, s\u0131n\u0131rlar\u0131m\u0131z\u0131 a\u015farak, milli propaganda arac\u0131na d\u00f6n\u00fc\u015ft\u00fc. Bulgaristan\u2019daki \"Ruse\u2026","rel":"","context":"&quot;Haberler&quot; i\u00e7inde","block_context":{"text":"Haberler","link":"https:\/\/www.gocmeniz.biz\/?cat=5"},"img":{"alt_text":"","src":"https:\/\/i0.wp.com\/image.haber7.com\/haber\/haber7\/photos\/500020090410124413931.jpg?resize=350%2C200","width":350,"height":200},"classes":[]},{"id":336,"url":"https:\/\/www.gocmeniz.biz\/?p=336","url_meta":{"origin":257,"position":1},"title":"Edirne&#8217;de Nehirlerde Arsenik Alarm\u0131","author":"Haberci","date":"18 Nisan 2008","format":false,"excerpt":"Bulgaristan'\u0131n Poibren kasabas\u0131n\u0131n i\u00e7me suyuna arsenik kar\u0131\u015ft\u0131\u011f\u0131, T\u00fcrkiye ve Yunanistan'\u0131n da bu durumdan etkilenebilece\u011fi y\u00f6n\u00fcndeki s\u00f6ylemler yetkilileri harekete ge\u00e7irdi. Edirne \u00c7evre M\u00fcd\u00fcrl\u00fc\u011f\u00fc uzmanlar\u0131 Meri\u00e7, Tunca ve Arda nehirlerinden su \u00f6rnekleri alarak tahlile g\u00f6nderdi. Edirne Valisi Nusret Miro\u011flu ise \"Olay\u0131n do\u011frulu\u011funu ara\u015ft\u0131r\u0131yoruz\" dedi. Meri\u00e7 Nehri'ne Arsenik kar\u0131\u015ft\u0131\u011f\u0131 iddialar\u0131 T\u00fcrk makamlar\u0131 harekete\u2026","rel":"","context":"&quot;Haberler&quot; i\u00e7inde","block_context":{"text":"Haberler","link":"https:\/\/www.gocmeniz.biz\/?cat=5"},"img":{"alt_text":"","src":"https:\/\/i0.wp.com\/resimler.haberler.com\/haber\/756\/edirne-de-nehirlerde-arsenik-alarmi_o.jpg?resize=350%2C200","width":350,"height":200},"classes":[]},{"id":1344,"url":"https:\/\/www.gocmeniz.biz\/?p=1344","url_meta":{"origin":257,"position":2},"title":"Uyu\u015fturucu taciri 3 T\u00fcrk tutukland\u0131","author":"Haberci","date":"10 Haziran 2009","format":false,"excerpt":"Avrupa \u00e7ap\u0131nda uyu\u015fturucu ticareti yapt\u0131\u011f\u0131 gerek\u00e7esiyle 3 T\u00fcrk ile 2 Hollandal\u0131 tutukland\u0131. Hamburg polisi, Hollanda ve Bulgaristan polisinin i\u015f birli\u011fiyle, Amsterdam`da ya\u015fayan 47 ya\u015f\u0131ndaki T\u00fcrk ile 2 Hollandal\u0131`n\u0131n Hollanda`da, 57 ya\u015f\u0131ndaki T\u00fcrk`\u00fcn Hamburg kentinde, 45 ya\u015f\u0131ndaki T\u00fcrk`\u00fcn de Bulgaristan`da tutukland\u0131\u011f\u0131n\u0131 bildirdi. Hamburg Savc\u0131l\u0131\u011f\u0131, s\u00f6z konusu ki\u015fileri, 80 kilogram eroini piyasaya\u2026","rel":"","context":"&quot;Haberler&quot; i\u00e7inde","block_context":{"text":"Haberler","link":"https:\/\/www.gocmeniz.biz\/?cat=5"},"img":{"alt_text":"","src":"","width":0,"height":0},"classes":[]},{"id":1155,"url":"https:\/\/www.gocmeniz.biz\/?p=1155","url_meta":{"origin":257,"position":3},"title":"BULGAR F\u0130LM\u0130YLE CANNES&#8217;A G\u0130D\u0130YORLAR","author":"Haberci","date":"04 May\u0131s 2009","format":false,"excerpt":"HAT\u0130CE ASLAN, SAADET I\u015eIL ATASOY VE KEREM ATABEYO\u011eLU, BULGAR Y\u00d6NETMEN KAMEN KALEV'\u0130N 'EASTREN PLAYS' \u0130S\u0130ML\u0130 F\u0130LM\u0130NDE ROL ALMI\u015eLARDI....Uluslararas\u0131 bir oyuncu kadrosuyla \u00e7ekilen film i\u00e7in Hatice Aslan, y\u00f6netmen Kamen Kalev'in k\u0131sa filmlerinin de \u00e7ok g\u00fczel oldu\u011funa dikkat \u00e7ekti.Filmle ilgili bilgiler veren oyunculardan Kerem Atabeyo\u011flu, 'Ak\u0131l dolu bir ekiple \u00e7al\u0131\u015ft\u0131k. T\u00fcrkiye'de de\u2026","rel":"","context":"&quot;Haberler&quot; i\u00e7inde","block_context":{"text":"Haberler","link":"https:\/\/www.gocmeniz.biz\/?cat=5"},"img":{"alt_text":"","src":"","width":0,"height":0},"classes":[]},{"id":208,"url":"https:\/\/www.gocmeniz.biz\/?p=208","url_meta":{"origin":257,"position":4},"title":"Soyda\u015f G\u00fcre\u015f\u00e7iler, B\u00fcy\u00fck\u015fehir&#8217;i Ziyaret Etti","author":"Admin","date":"12 Kas\u0131m 2007","format":false,"excerpt":"\u0130zmir B\u00fcy\u00fck\u015fehir Belediyesi Ba\u015fkan Vekili Yusuf Ali Karaman, Atat\u00fcrk'\u00fcn 69. \u00f6l\u00fcm y\u0131l d\u00f6n\u00fcm\u00fc an\u0131s\u0131na B\u00fcy\u00fck\u015fehir Belediyesi taraf\u0131ndan d\u00fczenlenen g\u00fcre\u015f m\u00fcsabakalar\u0131 kapsam\u0131nda \u0130zmir'de bulunan Bulgaristan'\u0131n Olimpiest Tak\u0131m\u0131 g\u00fcre\u015f\u00e7ilerini makam\u0131nda a\u011f\u0131rlad\u0131. G\u00fcre\u015f tak\u0131m\u0131n\u0131n ba\u015fkanl\u0131\u011f\u0131n\u0131 da y\u00fcr\u00fcten Targovi\u00e7 kentinin Antonovo il\u00e7esi Belediye Ba\u015fkan\u0131 Taner Ali, g\u00fcre\u015fin iki \u00fclkenin de ata sporu oldu\u011funu vurgulad\u0131.\u2026","rel":"","context":"&quot;Haberler&quot; i\u00e7inde","block_context":{"text":"Haberler","link":"https:\/\/www.gocmeniz.biz\/?cat=5"},"img":{"alt_text":"","src":"https:\/\/i0.wp.com\/resimler.haberler.com\/haber\/812\/soydas-guresciler-buyuksehir-i-ziyaret-etti-2_b.jpg?resize=350%2C200","width":350,"height":200},"classes":[]},{"id":1180,"url":"https:\/\/www.gocmeniz.biz\/?p=1180","url_meta":{"origin":257,"position":5},"title":"Rumlar\u0131 ziyaret eden Bulgar heyette T\u00fcrk k\u00f6kenli yok","author":"Haberci","date":"06 May\u0131s 2009","format":false,"excerpt":"Bulgaristan Meclisi Avrupa Meselelerinden Sorumlu Komitesi G\u00fcney K\u0131br\u0131s\u2019\u0131 d\u00f6rt ki\u015filik bir heyetle ziyaret etti. D\u00f6rt ki\u015filik heyette, hi\u00e7 T\u00fcrk k\u00f6kenli milletvekilinin olmamas\u0131 dikkat \u00e7ekti. \u00c7\u00fcnk\u00fc Bulgaristan Meclisi Avrupa Meselelerinden Sorumlu Komitesi\u2019nde 20 \u00fcyeden \u00fc\u00e7\u00fc T\u00fcrk k\u00f6kenli milletvekili. K\u0131br\u0131s\u2019a bu komiteden d\u00f6rt ki\u015filik parlamenter grubu geldi ama aralar\u0131nda bu komitenin \u00fcyesi\u2026","rel":"","context":"&quot;Haberler&quot; i\u00e7inde","block_context":{"text":"Haberler","link":"https:\/\/www.gocmeniz.biz\/?cat=5"},"img":{"alt_text":"","src":"","width":0,"height":0},"classes":[]}],"jetpack_sharing_enabled":true,"jetpack_likes_enabled":true,"_links":{"self":[{"href":"https:\/\/www.gocmeniz.biz\/index.php?rest_route=\/wp\/v2\/posts\/257","targetHints":{"allow":["GET"]}}],"collection":[{"href":"https:\/\/www.gocmeniz.biz\/index.php?rest_route=\/wp\/v2\/posts"}],"about":[{"href":"https:\/\/www.gocmeniz.biz\/index.php?rest_route=\/wp\/v2\/types\/post"}],"author":[{"embeddable":true,"href":"https:\/\/www.gocmeniz.biz\/index.php?rest_route=\/wp\/v2\/users\/1"}],"replies":[{"embeddable":true,"href":"https:\/\/www.gocmeniz.biz\/index.php?rest_route=%2Fwp%2Fv2%2Fcomments&post=257"}],"version-history":[{"count":0,"href":"https:\/\/www.gocmeniz.biz\/index.php?rest_route=\/wp\/v2\/posts\/257\/revisions"}],"wp:attachment":[{"href":"https:\/\/www.gocmeniz.biz\/index.php?rest_route=%2Fwp%2Fv2%2Fmedia&parent=257"}],"wp:term":[{"taxonomy":"category","embeddable":true,"href":"https:\/\/www.gocmeniz.biz\/index.php?rest_route=%2Fwp%2Fv2%2Fcategories&post=257"},{"taxonomy":"post_tag","embeddable":true,"href":"https:\/\/www.gocmeniz.biz\/index.php?rest_route=%2Fwp%2Fv2%2Ftags&post=257"}],"curies":[{"name":"wp","href":"https:\/\/api.w.org\/{rel}","templated":true}]}}