{"id":2573,"date":"2019-02-09T00:30:08","date_gmt":"2019-02-08T21:30:08","guid":{"rendered":"http:\/\/www.gocmeniz.biz\/?p=2573"},"modified":"2026-04-03T12:10:47","modified_gmt":"2026-04-03T09:10:47","slug":"kirklarelide-kar-yagisi-basladi","status":"publish","type":"post","link":"https:\/\/www.gocmeniz.biz\/?p=2573","title":{"rendered":"K\u0131rklareli&#8217;de kar ya\u011f\u0131\u015f\u0131 ba\u015flad\u0131"},"content":{"rendered":"\n<p>Balkanlar \u00fczerinden gelen kar ya\u011f\u0131\u015f\u0131, K\u0131rklareli&#8217;nin Bulgaristan s\u0131n\u0131r\u0131 ve y\u00fcksek kesimlerinde etkili oluyor.<\/p>\n\n\n\n<p>\u00d6\u011fleden sonra ba\u015flayan kar ya\u011f\u0131\u015f\u0131, K\u0131rklareli&#8217;nin Kof\u00e7az ve Demirk\u00f6y il\u00e7eleri ile Bulgaristan&#8217;a a\u00e7\u0131lan Derek\u00f6y S\u0131n\u0131r Kap\u0131s\u0131 Karayolu \u00fczerinde etkisini g\u00f6steriyor. Kar kal\u0131nl\u0131\u011f\u0131 Demirk\u00f6y&#8217;de 5, Kof\u00e7az ve Derek\u00f6y S\u0131n\u0131r Kap\u0131s\u0131 karayolunda ise 3 santimetreye&nbsp;y\u00fckseldi. Bulgaristan Karayolu \u00fczerinde \u00f6nlem alan ekipler, kar temizleme \u00e7al\u0131\u015fmalar\u0131na ba\u015flad\u0131. Karayollar\u0131 ekipleri de s\u00fcr\u00fcc\u00fcleri dikkatli olmalar\u0131 y\u00f6n\u00fcnde uyar\u0131yor.&nbsp;<\/p>\n\n\n\n<p>Meteoroloji yetkilileri, kar ya\u011f\u0131\u015f\u0131n\u0131n gece yar\u0131s\u0131na kadar s\u00fcrece\u011fini bildirdi. <\/p>\n\n\n\nngg_shortcode_0_placeholder\n\n\n\n<p><em>dha<\/em><\/p>\n","protected":false},"excerpt":{"rendered":"<p>Balkanlar \u00fczerinden gelen kar ya\u011f\u0131\u015f\u0131, K\u0131rklareli&#8217;nin Bulgaristan s\u0131n\u0131r\u0131 ve y\u00fcksek kesimlerinde etkili oluyor. \u00d6\u011fleden sonra ba\u015flayan kar ya\u011f\u0131\u015f\u0131, K\u0131rklareli&#8217;nin Kof\u00e7az ve Demirk\u00f6y il\u00e7eleri ile Bulgaristan&#8217;a a\u00e7\u0131lan Derek\u00f6y S\u0131n\u0131r Kap\u0131s\u0131 Karayolu \u00fczerinde etkisini g\u00f6steriyor. Kar kal\u0131nl\u0131\u011f\u0131 Demirk\u00f6y&#8217;de 5, Kof\u00e7az ve Derek\u00f6y S\u0131n\u0131r Kap\u0131s\u0131 karayolunda ise 3 santimetreye&nbsp;y\u00fckseldi. Bulgaristan Karayolu \u00fczerinde \u00f6nlem alan ekipler, kar temizleme \u00e7al\u0131\u015fmalar\u0131na [&hellip;]<\/p>\n","protected":false},"author":331,"featured_media":2574,"comment_status":"open","ping_status":"open","sticky":false,"template":"","format":"standard","meta":{"advanced_seo_description":"","jetpack_seo_html_title":"","jetpack_seo_noindex":false,"ngg_post_thumbnail":0,"jetpack_post_was_ever_published":false,"_jetpack_newsletter_access":"","_jetpack_dont_email_post_to_subs":false,"_jetpack_newsletter_tier_id":0,"_jetpack_memberships_contains_paywalled_content":false,"_jetpack_memberships_contains_paid_content":false,"footnotes":""},"categories":[5],"tags":[],"class_list":["post-2573","post","type-post","status-publish","format-standard","has-post-thumbnail","hentry","category-haberler"],"jetpack_featured_media_url":"https:\/\/i0.wp.com\/www.gocmeniz.biz\/wp-content\/kirklareli-39de-kar-yagisi-basladi.jpg?fit=620%2C350&ssl=1","jetpack_shortlink":"https:\/\/wp.me\/paHHlZ-Fv","jetpack-related-posts":[{"id":734,"url":"https:\/\/www.gocmeniz.biz\/?p=734","url_meta":{"origin":2573,"position":0},"title":"Trakya beyaza b\u00fcr\u00fcnd\u00fc","author":"Haberci","date":"26 Aral\u0131k 2008","format":false,"excerpt":"ED\u0130RNE, (DHA)ED\u0130RNE ve K\u0131rklareli\u2019nde d\u00fcn gece etkili olan kar ya\u011f\u0131\u015f\u0131, kentleri beyaza b\u00fcr\u00fcd\u00fc. Belediye ve karayollar\u0131 ekipleri sabaha kadar kar k\u00fcreme ve tuzlama \u00e7al\u0131\u015fmas\u0131 yapt\u0131.Balkanlar \u00fczerinden gelen so\u011fuk ve ya\u011f\u0131\u015fl\u0131 hava Trakya genelinde etkili oluyor. Hava s\u0131cakl\u0131\u011f\u0131n\u0131n s\u0131f\u0131r\u0131n alt\u0131nda 5 dereceye kadar d\u00fc\u015ft\u00fc\u011f\u00fc Edirne ve K\u0131rklareli\u2019nde mevsimin ilk kar\u0131 gece\u2026","rel":"","context":"&quot;Haberler&quot; i\u00e7inde","block_context":{"text":"Haberler","link":"https:\/\/www.gocmeniz.biz\/?cat=5"},"img":{"alt_text":"","src":"","width":0,"height":0},"classes":[]},{"id":2041,"url":"https:\/\/www.gocmeniz.biz\/?p=2041","url_meta":{"origin":2573,"position":1},"title":"Ya\u011fmur ve kar geliyor","author":"Haberci","date":"14 Ocak 2010","format":false,"excerpt":"DHA\u00a0\u00a0\u00a0 BALKANLAR \u00fczerinden gelen so\u011fuk ve ya\u011f\u0131\u015fl\u0131 havayla birlikte ba\u015flayan kar ya\u011f\u0131\u015f\u0131, Edirne\u2019nin Lalapa\u015fa \u0130l\u00e7esi'nde kar ya\u011f\u0131\u015f\u0131 etkili oldu. Kar kal\u0131nl\u0131\u011f\u0131n\u0131n 15 santimi buldu\u011fu Hamzabeyli S\u0131n\u0131r Kap\u0131s\u0131\u2019nda ula\u015f\u0131m olumsuz y\u00f6nde etkilendi.ED\u0130RNE BEYAZA B\u00dcR\u00dcND\u00dc - FOTO GALER\u0130 Edirne'de d\u00fcn ak\u015fam saatlerinde ba\u015flayan ya\u011fmur, havan\u0131n so\u011fumas\u0131yla yerini kar ya\u011f\u0131\u015f\u0131na b\u0131rakt\u0131. Kent merkezine\u2026","rel":"","context":"&quot;Haberler&quot; i\u00e7inde","block_context":{"text":"Haberler","link":"https:\/\/www.gocmeniz.biz\/?cat=5"},"img":{"alt_text":"","src":"","width":0,"height":0},"classes":[]},{"id":853,"url":"https:\/\/www.gocmeniz.biz\/?p=853","url_meta":{"origin":2573,"position":2},"title":"KAR YA\u011eI\u015eI NEDEN\u0130YLE BULGAR\u0130STAN \u0130LE KARA ULA\u015eIMI DURDU","author":"Haberci","date":"23 \u015eubat 2009","format":false,"excerpt":"Bulgaristan'da kar ya\u011f\u0131\u015f\u0131 nedeniyle yollar\u0131n kapanmas\u0131 Hamzabeyli S\u0131n\u0131r Kap\u0131s\u0131 \u00fczerinden bu \u00fclkeye yap\u0131lan kara ula\u015f\u0131m\u0131n\u0131 tamamen durdurdu. Bulgaristan taraf\u0131na ara\u00e7lar\u0131n ge\u00e7i\u015fine izin verilmemesi nedeniyle s\u0131n\u0131r kap\u0131s\u0131 yolunda ak\u015famdan bu yana yakla\u015f\u0131k 5 kilometrelik TIR kuyru\u011fu olu\u015ftu.Balkanlar'da etkili olan kar ya\u011f\u0131\u015f\u0131 ve tipi Trakya B\u00f6lgesi'nin y\u00fcksek kesimlerinde de etkisini hissettiriyor. B\u00f6lgenin\u2026","rel":"","context":"&quot;Haberler&quot; i\u00e7inde","block_context":{"text":"Haberler","link":"https:\/\/www.gocmeniz.biz\/?cat=5"},"img":{"alt_text":"","src":"","width":0,"height":0},"classes":[]},{"id":718,"url":"https:\/\/www.gocmeniz.biz\/?p=718","url_meta":{"origin":2573,"position":3},"title":"\u0130stanbul\u2019a 1 g\u00fcnl\u00fck kar","author":"Haberci","date":"24 Aral\u0131k 2008","format":false,"excerpt":"Balkanlar \u00fczerinden gelecek yeni bir so\u011fuk ve ya\u011f\u0131\u015fl\u0131 havan\u0131n etkisi alt\u0131na giren \u0130stanbul\u2019da, bu sabah saatlerinden itibaren karla kar\u0131\u015f\u0131k ya\u011fmur ve kar ya\u011f\u0131\u015f\u0131 bekleniyor. \u0130lk karar ya\u011f\u0131\u015f\u0131n\u0131n etkisini gece saatlerinde yitirece\u011fi ancak so\u011fuk havan\u0131n ise hafta sonuna kadar etkili olaca\u011f\u0131 tahmin ediliyor.Edirne\u2019nin Bulgaristan s\u0131n\u0131r\u0131na yak\u0131n Lalapa\u015fa \u0130l\u00e7esi\u2019nde y\u00fcksek yerlerde d\u00fcn\u2026","rel":"","context":"&quot;Haberler&quot; i\u00e7inde","block_context":{"text":"Haberler","link":"https:\/\/www.gocmeniz.biz\/?cat=5"},"img":{"alt_text":"","src":"","width":0,"height":0},"classes":[]},{"id":857,"url":"https:\/\/www.gocmeniz.biz\/?p=857","url_meta":{"origin":2573,"position":4},"title":"Her yerde kar var","author":"Haberci","date":"23 \u015eubat 2009","format":false,"excerpt":"Edirne\u2019nin Lalapa\u015fa \u0130l\u00e7esi\u2019nde ve Bulgaristan\u2019\u0131n Lesova kentinde \u00f6nceki gece etkili olan yo\u011fun kar ya\u011f\u0131\u015f\u0131 ve tipi nedeniyle yakla\u015f\u0131k 36 saat s\u00fcreyle ara\u00e7lar\u0131n ge\u00e7i\u015fine kapat\u0131lan Hamzabeyli S\u0131n\u0131r Kap\u0131s\u0131, d\u00fcn sabah saatlerinde tekrar ula\u015f\u0131ma a\u00e7\u0131ld\u0131.K\u0131rklareli\u2019nin Demirk\u00f6y \u0130l\u00e7esi\u2019nde ise kar ya\u011f\u0131\u015f\u0131n\u0131n etkisini yitirmesinin ard\u0131ndan kapanan 14 k\u00f6y yolu yap\u0131lan \u00e7al\u0131\u015fmalar\u0131n ard\u0131ndan ula\u015f\u0131ma a\u00e7\u0131ld\u0131.","rel":"","context":"&quot;Haberler&quot; i\u00e7inde","block_context":{"text":"Haberler","link":"https:\/\/www.gocmeniz.biz\/?cat=5"},"img":{"alt_text":"","src":"https:\/\/i0.wp.com\/www.hurriyet.com.tr\/_np\/2148\/7412148.jpg?resize=350%2C200","width":350,"height":200},"classes":[]},{"id":1970,"url":"https:\/\/www.gocmeniz.biz\/?p=1970","url_meta":{"origin":2573,"position":5},"title":"Trakya\u2019da kar var Marmara\u2019da f\u0131rt\u0131na","author":"Haberci","date":"12 Aral\u0131k 2009","format":false,"excerpt":"Balkanlar \u00fczerinden gelen so\u011fuk ve ya\u011f\u0131\u015fl\u0131 havan\u0131n etkisi alt\u0131na giren Trakya\u2019da kar ya\u011f\u0131\u015f\u0131 ba\u015flad\u0131. Saatte 80 kilometre ile esen poyrazla birlikte Edirne ve K\u0131rklareli\u2019nde s\u0131cakl\u0131k s\u0131f\u0131r\u0131n alt\u0131na d\u00fc\u015ft\u00fc.G\u00fcnl\u00fck ya\u015fam\u0131 etkilemeyen kar ya\u011f\u0131\u015f\u0131 nedeniyle karayollar\u0131 ekipleri, Bulgaristan\u2019a ge\u00e7i\u015fi sa\u011flayan Derek\u00f6y G\u00fcmr\u00fck Kap\u0131s\u0131 yolunun buzlanma nedeniyle ula\u015f\u0131ma kapanmamas\u0131 i\u00e7in tuzlama \u00e7al\u0131\u015fmas\u0131 yap\u0131yor.Bo\u011fazlardan\u2026","rel":"","context":"&quot;Haberler&quot; i\u00e7inde","block_context":{"text":"Haberler","link":"https:\/\/www.gocmeniz.biz\/?cat=5"},"img":{"alt_text":"","src":"","width":0,"height":0},"classes":[]}],"jetpack_sharing_enabled":true,"jetpack_likes_enabled":true,"_links":{"self":[{"href":"https:\/\/www.gocmeniz.biz\/index.php?rest_route=\/wp\/v2\/posts\/2573","targetHints":{"allow":["GET"]}}],"collection":[{"href":"https:\/\/www.gocmeniz.biz\/index.php?rest_route=\/wp\/v2\/posts"}],"about":[{"href":"https:\/\/www.gocmeniz.biz\/index.php?rest_route=\/wp\/v2\/types\/post"}],"author":[{"embeddable":true,"href":"https:\/\/www.gocmeniz.biz\/index.php?rest_route=\/wp\/v2\/users\/331"}],"replies":[{"embeddable":true,"href":"https:\/\/www.gocmeniz.biz\/index.php?rest_route=%2Fwp%2Fv2%2Fcomments&post=2573"}],"version-history":[{"count":1,"href":"https:\/\/www.gocmeniz.biz\/index.php?rest_route=\/wp\/v2\/posts\/2573\/revisions"}],"predecessor-version":[{"id":8579,"href":"https:\/\/www.gocmeniz.biz\/index.php?rest_route=\/wp\/v2\/posts\/2573\/revisions\/8579"}],"wp:featuredmedia":[{"embeddable":true,"href":"https:\/\/www.gocmeniz.biz\/index.php?rest_route=\/wp\/v2\/media\/2574"}],"wp:attachment":[{"href":"https:\/\/www.gocmeniz.biz\/index.php?rest_route=%2Fwp%2Fv2%2Fmedia&parent=2573"}],"wp:term":[{"taxonomy":"category","embeddable":true,"href":"https:\/\/www.gocmeniz.biz\/index.php?rest_route=%2Fwp%2Fv2%2Fcategories&post=2573"},{"taxonomy":"post_tag","embeddable":true,"href":"https:\/\/www.gocmeniz.biz\/index.php?rest_route=%2Fwp%2Fv2%2Ftags&post=2573"}],"curies":[{"name":"wp","href":"https:\/\/api.w.org\/{rel}","templated":true}]}}