{"id":2593,"date":"2019-02-09T01:50:22","date_gmt":"2019-02-08T22:50:22","guid":{"rendered":"http:\/\/www.gocmeniz.biz\/?p=2593"},"modified":"2026-04-03T12:10:47","modified_gmt":"2026-04-03T09:10:47","slug":"bulgaristanda-tartismali-roman-entegrasyonu-tasarisi","status":"publish","type":"post","link":"https:\/\/www.gocmeniz.biz\/?p=2593","title":{"rendered":"Bulgaristan&#8217;da tart\u0131\u015fmal\u0131 &#8216;Roman entegrasyonu&#8217; tasar\u0131s\u0131"},"content":{"rendered":"\n<p><strong>Ba\u015fbakan Yard\u0131mc\u0131s\u0131 ve Savunma Bakan\u0131 Krasimir Karaka\u00e7anov, \u00fclkedeki Roman az\u0131nl\u0131\u011f\u0131n topluma entegrasyonu i\u00e7in h\u00fck\u00fcmete sunulmak \u00fczere bir tasar\u0131 haz\u0131rlad\u0131.<\/strong><\/p>\n\n\n\n<p>H\u00fck\u00fcmet orta\u011f\u0131 \u0131rk\u00e7\u0131 ve a\u015f\u0131r\u0131 milliyet\u00e7i Birle\u015fik Vatanseverler (OP) koalisyonunu temsil eden Karaka\u00e7anov&#8217;un, Romanlar\u0131 &#8220;marjinal topluluk&#8221; olarak niteledi\u011fi ve Romanlara \u00e7e\u015fitli zorunlu uygulamalar\u0131 \u00f6ng\u00f6ren tasar\u0131s\u0131 tart\u0131\u015fmalara neden oldu.<br><br>\u00dcyelerinin \u00e7o\u011funu T\u00fcrklerin olu\u015fturdu\u011fu muhalefet Hak ve \u00d6zg\u00fcrl\u00fckler Hareketi (H\u00d6H), tasar\u0131n\u0131n sadece Romanlar\u0131 kapsad\u0131\u011f\u0131n\u0131, oysa Bulgaristan&#8217;daki t\u00fcm vatanda\u015flar\u0131n e\u015fit haklara sahip oldu\u011funu kaydetti.<br><br>H\u00d6H milletvekili Ceyhan \u0130bnyamov, &#8220;Karaka\u00e7anov anayasaya bakm\u0131\u015f olsayd\u0131, hepimizin e\u015fit haklara sahip oldu\u011fumuzu g\u00f6r\u00fcrd\u00fc&#8221; dedi.<br><br>Ana muhalefetteki Bulgaristan Sosyalist Partisi (BSP) de Karaka\u00e7anov&#8217;un Avrupa Parlamentosu se\u00e7imlerine haz\u0131rland\u0131\u011f\u0131 i\u00e7in b\u00f6yle tart\u0131\u015fmal\u0131 bir tasar\u0131yla g\u00fcndeme gelmeye \u00e7al\u0131\u015ft\u0131\u011f\u0131 yorumunda bulundu.<br><br>\u0130ktidardaki Bulgaristan&#8217;\u0131n Avrupal\u0131 Geli\u015fimi \u0130\u00e7in Yurtta\u015flar (GERB) partisinden T\u00fcrk k\u00f6kenli milletvekili ve eski K\u00fclt\u00fcr Bakan\u0131 Vecdi Ra\u015fidov da Karaka\u00e7anov&#8217;un tasla\u011f\u0131n\u0131n gerginlik yaratmayaca\u011f\u0131n\u0131 s\u00f6yledi.<br><br>Ra\u015fidov, &#8220;Kurallara g\u00f6re Fransa&#8217;da sadece 8 ay devletten yard\u0131m alabiliyorsun. \u0130\u015f bulmazsan para da alamazs\u0131n. Kural kurald\u0131r&#8221; diye konu\u015ftu.<br><br><strong>ROMAN KADINLAR DO\u011eURMASIN D\u0130YE \u00dcCRETS\u0130Z K\u00dcRTAJ<\/strong><br><br>Tam ad\u0131 &#8220;Bulgaristan&#8217;daki \u00c7ingene (Roman) etnisitesi i\u00e7in entegrasyon politikas\u0131nda \u00f6nlem alma tasla\u011f\u0131 ve bu \u00f6nlemlerin uygulamas\u0131&#8221; olan tasar\u0131da, Romanlar\u0131n ya\u015fad\u0131klar\u0131 mahallelerindeki ka\u00e7ak gecekondular\u0131n y\u0131k\u0131lmas\u0131, do\u011furganl\u0131klar\u0131n\u0131n s\u0131n\u0131rland\u0131r\u0131lmas\u0131 i\u00e7in \u00fccretsiz k\u00fcrtaj ve Roman mahallelerinde g\u00f6n\u00fcll\u00fc bek\u00e7i ekiplerinin g\u00f6revlendirilmesi gibi \u00f6neriler yer al\u0131yor.<br><br>Tasar\u0131da, ikiden fazla \u00e7ocu\u011funu, \u00e7ocuk esirgeme kurumlar\u0131na b\u0131rakan Roman kad\u0131nlar\u0131n &#8220;do\u011fum denetimi sistemine&#8221; g\u00f6n\u00fcll\u00fc olarak kat\u0131lmas\u0131, vatanda\u015fl\u0131k g\u00f6revlerini yerine getirmeyen \u00e7ok \u00e7ocuklu ailelere devlet taraf\u0131ndan verilen yard\u0131m\u0131n s\u0131n\u0131rland\u0131r\u0131lmas\u0131 isteniyor.<br><br><strong>&#8220;E\u011e\u0130T\u0130MS\u0130Z VE \u0130\u015eS\u0130Z&#8221; ROMANLAR &#8220;TERB\u0130YE MERKEZLER\u0130NE&#8221; G\u0130TS\u0130N \u00d6NER\u0130S\u0130<\/strong>&nbsp;<br><br>16 ya\u015f\u0131ndan g\u00fcn alan ve e\u011fitim hayat\u0131 olmayan Romanlar\u0131n mecburi toplumsal hizmete tabi tutulmalar\u0131n\u0131n talep edildi\u011fi tasar\u0131da, temizlik vergisi \u00f6demeyen gecekondu mahallesi sakinlerinin de b\u00f6lgede mecburi temizlik yapmas\u0131 \u00f6n g\u00f6r\u00fcl\u00fcyor.<br><br>Tasar\u0131da, &#8220;e\u011fitimsiz ve i\u015fsiz&#8221; Romanlar\u0131n &#8220;terbiye merkezlerinde&#8221; e\u011fitim g\u00f6rmeleri \u00f6neriliyor.<br><br>Tasar\u0131n\u0131n iki hafta i\u00e7inde meclise gelmesi bekleniyor.<br><br>N\u00fcfusu yakla\u015f\u0131k 7 milyon olan Bulgaristan&#8217;da 1 milyondan fazla Roman ya\u015f\u0131yor.<\/p>\n","protected":false},"excerpt":{"rendered":"<p>Ba\u015fbakan Yard\u0131mc\u0131s\u0131 ve Savunma Bakan\u0131 Krasimir Karaka\u00e7anov, \u00fclkedeki Roman az\u0131nl\u0131\u011f\u0131n topluma entegrasyonu i\u00e7in h\u00fck\u00fcmete sunulmak \u00fczere bir tasar\u0131 haz\u0131rlad\u0131. H\u00fck\u00fcmet orta\u011f\u0131 \u0131rk\u00e7\u0131 ve a\u015f\u0131r\u0131 milliyet\u00e7i Birle\u015fik Vatanseverler (OP) koalisyonunu temsil eden Karaka\u00e7anov&#8217;un, Romanlar\u0131 &#8220;marjinal topluluk&#8221; olarak niteledi\u011fi ve Romanlara \u00e7e\u015fitli zorunlu uygulamalar\u0131 \u00f6ng\u00f6ren tasar\u0131s\u0131 tart\u0131\u015fmalara neden oldu. \u00dcyelerinin \u00e7o\u011funu T\u00fcrklerin olu\u015fturdu\u011fu muhalefet Hak ve \u00d6zg\u00fcrl\u00fckler [&hellip;]<\/p>\n","protected":false},"author":331,"featured_media":2594,"comment_status":"open","ping_status":"open","sticky":false,"template":"","format":"standard","meta":{"advanced_seo_description":"","jetpack_seo_html_title":"","jetpack_seo_noindex":false,"ngg_post_thumbnail":0,"jetpack_post_was_ever_published":false,"_jetpack_newsletter_access":"","_jetpack_dont_email_post_to_subs":false,"_jetpack_newsletter_tier_id":0,"_jetpack_memberships_contains_paywalled_content":false,"_jetpack_memberships_contains_paid_content":false,"footnotes":""},"categories":[5],"tags":[],"class_list":["post-2593","post","type-post","status-publish","format-standard","has-post-thumbnail","hentry","category-haberler"],"jetpack_featured_media_url":"https:\/\/i0.wp.com\/www.gocmeniz.biz\/wp-content\/bulgaristanda-tartismali-roman-entegrasyonu-tasarisiztrWi_6Lh0-ya0DeBwd5LA.jpg?fit=620%2C258&ssl=1","jetpack_shortlink":"https:\/\/wp.me\/paHHlZ-FP","jetpack-related-posts":[{"id":1462,"url":"https:\/\/www.gocmeniz.biz\/?p=1462","url_meta":{"origin":2593,"position":0},"title":"E\u015fcinseller Bulgaristan&#8217;da y\u00fcr\u00fcd\u00fc","author":"Haberci","date":"29 Haziran 2009","format":false,"excerpt":"11 Avrupa \u00fclkesi b\u00fcy\u00fckel\u00e7ili\u011finin deste\u011fini alan e\u015fcinseller, ba\u015fkent Sofya'n\u0131n merkezinde y\u00fcr\u00fcy\u00fc\u015f d\u00fczenlediler.Avrupa \u00fclkelerinde d\u00fczenlenen benzer g\u00f6steriler taklit edilerek ''Rainbow Frienship 2009'' olarak adland\u0131r\u0131lan etkinli\u011fe, yakla\u015f\u0131k 500 ki\u015fi kat\u0131ld\u0131.\u00dclkede ikinci kez d\u00fczenlenen e\u015fcinseller y\u00fcr\u00fcy\u00fc\u015f\u00fcn\u00fcn ilkinde, \u0131rk\u00e7\u0131 ve milliyet\u00e7i partilerin provokasyonlar\u0131 nedeniyle 2008 y\u0131l\u0131nda yakla\u015f\u0131k 80 ki\u015fi g\u00f6zalt\u0131na al\u0131nm\u0131\u015ft\u0131.''Rainbow Frienship'' organizat\u00f6rleri, bu\u2026","rel":"","context":"&quot;Haberler&quot; i\u00e7inde","block_context":{"text":"Haberler","link":"https:\/\/www.gocmeniz.biz\/?cat=5"},"img":{"alt_text":"","src":"","width":0,"height":0},"classes":[]},{"id":1828,"url":"https:\/\/www.gocmeniz.biz\/?p=1828","url_meta":{"origin":2593,"position":1},"title":"Bulgar \u0131rk\u00e7\u0131 partisi M\u00fcsl\u00fcman partiyi hedef ald\u0131","author":"Haberci","date":"02 Ekim 2009","format":false,"excerpt":"Ge\u00e7en Hafta Bulgaristan'da 'M\u00fcsl\u00fcman'ad\u0131yla kurulan M\u00fcsl\u00fcman Demokrat Birli\u011fi'ni \u00fclkedeki \u0131rk\u00e7\u0131lar listelerine ald\u0131.D\u00fcnya B\u00fclteni \/ Haber MerkeziUlusalc\u0131 Bulgaristan Partisi(WMRO) lideri Karaka\u00e7onov, M\u00fcsl\u00fcman Demokrat Birli\u011fi Partisi'nin kurulmas\u0131na kar\u015f\u0131 alarma ge\u00e7tiklerini kaydetti.Novinite gazetesinin haberine g\u00f6re Ali ve \u00dczeyir \u00dczeriyov'lar\u0131n kurdu\u011fu M\u00fcsl\u00fcman Demokrat Birli\u011fi partisi deklarasyonunda M\u00fcsl\u00fcman etnisitelerin Bulgaristan'da ayr\u0131mc\u0131l\u0131\u011fa u\u011frad\u0131klar\u0131n\u0131 ve bununla m\u00fccadele\u2026","rel":"","context":"&quot;Haberler&quot; i\u00e7inde","block_context":{"text":"Haberler","link":"https:\/\/www.gocmeniz.biz\/?cat=5"},"img":{"alt_text":"","src":"","width":0,"height":0},"classes":[]},{"id":942,"url":"https:\/\/www.gocmeniz.biz\/?p=942","url_meta":{"origin":2593,"position":2},"title":"Bulgaristan&#8217;da parti 340 oldu","author":"Haberci","date":"23 Mart 2009","format":false,"excerpt":"Siyasal parti enflasyonunun ya\u015fand\u0131\u011f\u0131 Bulgaristan'da siyaset sahnesine yeni bir parti daha eklendi. ''Di\u011fer Bulgaristan'' (DB) ad\u0131 alt\u0131nda kurulan yeni partiyle birlikte \u00fclkedeki siyasal partilerin say\u0131s\u0131 340'a \u00e7\u0131kt\u0131.DB'nin kurultay\u0131 Sofya Kempinski Oteli'nde bug\u00fcn yap\u0131ld\u0131. \u00c7o\u011funlu\u011funu s\u00fcrekli olarak yurtd\u0131\u015f\u0131nda ya\u015fayan Bulgarlar'\u0131n olu\u015fturdu\u011fu 620 delegenin kat\u0131ld\u0131\u011f\u0131 kurultayda, parti genel ba\u015fkanl\u0131\u011f\u0131na Bojidar Tomalevski se\u00e7ildi.Yeni\u2026","rel":"","context":"&quot;Haberler&quot; i\u00e7inde","block_context":{"text":"Haberler","link":"https:\/\/www.gocmeniz.biz\/?cat=5"},"img":{"alt_text":"","src":"","width":0,"height":0},"classes":[]},{"id":2166,"url":"https:\/\/www.gocmeniz.biz\/?p=2166","url_meta":{"origin":2593,"position":3},"title":"Bulgaristan&#8217;da T\u00fcrkiye kar\u015f\u0131t\u0131 imza kampanyas\u0131","author":"Haberci","date":"15 Temmuz 2010","format":false,"excerpt":"Bulgaristan'da a\u015f\u0131r\u0131 milliyet\u00e7i ve \u0131rk\u00e7\u0131 g\u00f6r\u00fc\u015fleriyle tan\u0131nan VMRO partisi, T\u00fcrkiye'nin Avrupa Birli\u011fi \u00fcyle\u011fi konusunda referandum yap\u0131lmas\u0131 i\u00e7in 320 bin imza toplad\u0131. \u00a0 Son genel se\u00e7imlerde y\u00fczde 4'l\u00fck baraj\u0131 a\u015famayarak parlamentoda d\u0131\u015f\u0131nda kalan ve T\u00fcrkiye ile T\u00fcrk d\u00fc\u015fmanl\u0131\u011f\u0131 \u00fczerine politika izleyerek taraftar toplamaya \u00e7al\u0131\u015fan VMRO'nun lideri Krasimir Karaka\u00e7anov, d\u00fczenledi\u011fi bas\u0131n toplant\u0131s\u0131nda,\u2026","rel":"","context":"&quot;Haberler&quot; i\u00e7inde","block_context":{"text":"Haberler","link":"https:\/\/www.gocmeniz.biz\/?cat=5"},"img":{"alt_text":"","src":"","width":0,"height":0},"classes":[]},{"id":1892,"url":"https:\/\/www.gocmeniz.biz\/?p=1892","url_meta":{"origin":2593,"position":4},"title":"Bulgaristan, yurt d\u0131\u015f\u0131ndaki vatanda\u015flar\u0131n\u0131n oy kullanmas\u0131n\u0131 yasaklamay\u0131 planl\u0131yor","author":"Haberci","date":"05 Kas\u0131m 2009","format":false,"excerpt":"Bulgaristan D\u0131\u015fileri Bakan\u0131 Rumyana Jeleva, yurt d\u0131\u015f\u0131ndaki Bulgaristan vatanda\u015flar\u0131n\u0131n bulunduklar\u0131 \u00fclkelerde oy kullanmalar\u0131n\u0131 yasaklayacak bir yasa tasar\u0131s\u0131 haz\u0131rlamay\u0131 d\u00fc\u015f\u00fcnd\u00fcklerini a\u00e7\u0131klad\u0131. Jeleva, \u00f6zel bir televizyon kanal\u0131na yapt\u0131\u011f\u0131 a\u00e7\u0131klamada, se\u00e7imler dolay\u0131s\u0131yla Bulgaristan vatanda\u015flar\u0131n\u0131n ya\u015fad\u0131\u011f\u0131 \u00fclkelerde kurulan se\u00e7im merkezlerinde oy verme i\u015flemi s\u0131ras\u0131nda ve sonras\u0131nda \u00e7ok say\u0131da sorun ve yasa ihlalleri oldu\u011funun tespit\u2026","rel":"","context":"&quot;Haberler&quot; i\u00e7inde","block_context":{"text":"Haberler","link":"https:\/\/www.gocmeniz.biz\/?cat=5"},"img":{"alt_text":"","src":"","width":0,"height":0},"classes":[]},{"id":2031,"url":"https:\/\/www.gocmeniz.biz\/?p=2031","url_meta":{"origin":2593,"position":5},"title":"Bulgaristan&#8217;da 380 bin ki\u015fi sa\u011fl\u0131k sigortas\u0131 hakk\u0131n\u0131 kaybedecek","author":"Haberci","date":"11 Ocak 2010","format":false,"excerpt":"Sa\u011fl\u0131k Sigortas\u0131 Yasas\u0131\u2019nda 1 Ocak\u2019tan itibaren y\u00fcr\u00fcrl\u00fc\u011fe giren de\u011fi\u015fiklikler sonucu yakla\u015f\u0131k 380 bin ki\u015finin sa\u011fl\u0131k sigortas\u0131 hakk\u0131n\u0131 kaybetme tehlikesi bulundu\u011fu a\u00e7\u0131kland\u0131. Ulusal Gelirler Ajans\u0131 (NAP) \u2018Sigorta Metodolojisi\u2019 dairesi ba\u015fkan\u0131 Katya Ka\u015f\u0131mova, yeni yasan\u0131n 36 ay i\u00e7inde 3 aydan fazla sigorta borcunu \u00f6demeyenlerin sa\u011fl\u0131k haklar\u0131ndan mahrum olaca\u011f\u0131n\u0131 \u00f6ng\u00f6rd\u00fc\u011f\u00fcn\u00fc s\u00f6yledi. \u00d6nceki uygulamaya\u2026","rel":"","context":"&quot;Haberler&quot; i\u00e7inde","block_context":{"text":"Haberler","link":"https:\/\/www.gocmeniz.biz\/?cat=5"},"img":{"alt_text":"","src":"","width":0,"height":0},"classes":[]}],"jetpack_sharing_enabled":true,"jetpack_likes_enabled":true,"_links":{"self":[{"href":"https:\/\/www.gocmeniz.biz\/index.php?rest_route=\/wp\/v2\/posts\/2593","targetHints":{"allow":["GET"]}}],"collection":[{"href":"https:\/\/www.gocmeniz.biz\/index.php?rest_route=\/wp\/v2\/posts"}],"about":[{"href":"https:\/\/www.gocmeniz.biz\/index.php?rest_route=\/wp\/v2\/types\/post"}],"author":[{"embeddable":true,"href":"https:\/\/www.gocmeniz.biz\/index.php?rest_route=\/wp\/v2\/users\/331"}],"replies":[{"embeddable":true,"href":"https:\/\/www.gocmeniz.biz\/index.php?rest_route=%2Fwp%2Fv2%2Fcomments&post=2593"}],"version-history":[{"count":1,"href":"https:\/\/www.gocmeniz.biz\/index.php?rest_route=\/wp\/v2\/posts\/2593\/revisions"}],"predecessor-version":[{"id":8578,"href":"https:\/\/www.gocmeniz.biz\/index.php?rest_route=\/wp\/v2\/posts\/2593\/revisions\/8578"}],"wp:featuredmedia":[{"embeddable":true,"href":"https:\/\/www.gocmeniz.biz\/index.php?rest_route=\/wp\/v2\/media\/2594"}],"wp:attachment":[{"href":"https:\/\/www.gocmeniz.biz\/index.php?rest_route=%2Fwp%2Fv2%2Fmedia&parent=2593"}],"wp:term":[{"taxonomy":"category","embeddable":true,"href":"https:\/\/www.gocmeniz.biz\/index.php?rest_route=%2Fwp%2Fv2%2Fcategories&post=2593"},{"taxonomy":"post_tag","embeddable":true,"href":"https:\/\/www.gocmeniz.biz\/index.php?rest_route=%2Fwp%2Fv2%2Ftags&post=2593"}],"curies":[{"name":"wp","href":"https:\/\/api.w.org\/{rel}","templated":true}]}}