{"id":32,"date":"2007-03-18T15:10:27","date_gmt":"2007-03-18T13:10:27","guid":{"rendered":"http:\/\/www.gocmeniz.biz\/?p=32"},"modified":"2026-04-06T19:53:18","modified_gmt":"2026-04-06T16:53:18","slug":"annem","status":"publish","type":"post","link":"https:\/\/www.gocmeniz.biz\/?p=32","title":{"rendered":"Annem"},"content":{"rendered":"<p>Sonbahar\u0131n bu \u0131ss\u0131z ve yaln\u0131z g\u00fcn\u00fcnde akl\u0131ma ilk sen geldin yine.<br \/>\nS\u00f6yleyemediklerimi yaz\u0131p&nbsp; rahatlar\u0131m diye kalemi elime ald\u0131m ve ba\u015flad\u0131m i\u015fte\u2026<br \/>\nY\u0131llar ge\u00e7ti ben hala s\u00f6yleyemedi\u011fim, belki de s\u00f6ylemedi\u011fim o kelimeyi, anlam\u0131n\u0131 yeni yeni kavrasam da unutam\u0131yorum bir t\u00fcrl\u00fc : \u201cSeni Seviyorum.\u201d .<br \/>\nBen bu kelimeyi sana asla s\u00f6ylemedim.Dedim ya s\u00f6yleyemedim i\u015fte, ne bileyim! \u00c7ocukluk o zaman. Anneyi sadece bize bakan biri san\u0131rd\u0131m.Senin yoklu\u011funun \u00fczerinden y\u0131llar ge\u00e7en bu g\u00fcnde bir kez daha anlad\u0131m.Sen, sadece annem de\u011fildin.Sen sa\u00e7\u0131m\u0131 ok\u015farken \u201cYavrum\u201d demekle ; ben d\u00fc\u015f\u00fcnce bana \u201cKorkma!Arkanda ben var\u0131m.\u201d Demenle ; her ak\u015fam \u00fczerim a\u00e7\u0131l\u0131p da \u00fc\u015f\u00fctmeyeyim diye ba\u015f\u0131mda beklemenle benim annem olmaktan \u00e7ok bir par\u00e7am, damarlar\u0131mda gezen kan\u0131n kayna\u011f\u0131m\u0131\u015fs\u0131n me\u011fer! Bense bunlar\u0131 g\u00f6remeyecek kadar k\u00f6rm\u00fc\u015f\u00fcm ya da de\u011ferini bilemeyecek kadar \u00e7ocuk\u2026<br \/>\nBunlar\u0131 duysan belki sevinirsin ama \u201cSen \u00f6yle de\u011filsin, sen bir meleksin.\u201d Der, beni yeniden oyuna getirirsin.Ama, art\u0131k belki b\u00fcy\u00fcmemden belki de senin yoklu\u011funu daha \u00e7ok hisseder olmamdan olsa gerek ki bunlar\u0131 s\u00f6ylemek geldi i\u00e7imden.Her ne kadar da beni hala o \u0131\u015f\u0131lt\u0131l\u0131 g\u00f6zlerinle izledi\u011fini, o narin ellerinle sarmalay\u0131p korudu\u011funu hissetsem de ne bileyim, bana k\u0131rg\u0131n oldu\u011funu d\u00fc\u015f\u00fcn\u00fcp onlarca, y\u00fczlerce kez sana o kelimeyi ge\u00e7en y\u0131llara inat olsun diye mezar\u0131n\u0131n bu \u0131ss\u0131z ve kuytu k\u00f6\u015fesinde bir kez daha ba\u011f\u0131ra ba\u011f\u0131ra hayk\u0131rmak istiyorum.Belki duyar da geri d\u00f6nersin diye\u2026&nbsp;&nbsp;&nbsp;&nbsp;&nbsp;&nbsp;&nbsp;&nbsp;&nbsp;&nbsp;&nbsp;&nbsp;&nbsp;&nbsp;&nbsp;&nbsp;&nbsp;&nbsp;&nbsp;&nbsp;&nbsp;&nbsp;&nbsp;&nbsp;&nbsp;&nbsp;&nbsp;&nbsp; &nbsp;&nbsp;&nbsp;&nbsp;<\/p>\n<p>\u201c Seni Seviyorum\u2026\u201d.<\/p>\n","protected":false},"excerpt":{"rendered":"<p>Sonbahar\u0131n bu \u0131ss\u0131z ve yaln\u0131z g\u00fcn\u00fcnde akl\u0131ma ilk sen geldin yine. S\u00f6yleyemediklerimi yaz\u0131p&nbsp; rahatlar\u0131m diye kalemi elime ald\u0131m ve ba\u015flad\u0131m i\u015fte\u2026 Y\u0131llar ge\u00e7ti ben hala s\u00f6yleyemedi\u011fim, belki de s\u00f6ylemedi\u011fim o kelimeyi, anlam\u0131n\u0131 yeni yeni kavrasam da unutam\u0131yorum bir t\u00fcrl\u00fc : \u201cSeni Seviyorum.\u201d . Ben bu kelimeyi sana asla s\u00f6ylemedim.Dedim ya s\u00f6yleyemedim i\u015fte, ne bileyim! \u00c7ocukluk [&hellip;]<\/p>\n","protected":false},"author":1,"featured_media":0,"comment_status":"open","ping_status":"open","sticky":false,"template":"","format":"standard","meta":{"advanced_seo_description":"","jetpack_seo_html_title":"","jetpack_seo_noindex":false,"ngg_post_thumbnail":0,"jetpack_post_was_ever_published":false,"_jetpack_newsletter_access":"","_jetpack_dont_email_post_to_subs":false,"_jetpack_newsletter_tier_id":0,"_jetpack_memberships_contains_paywalled_content":false,"_jetpack_memberships_contains_paid_content":false,"footnotes":""},"categories":[16],"tags":[],"class_list":["post-32","post","type-post","status-publish","format-standard","hentry","category-melek"],"jetpack_featured_media_url":"","jetpack_shortlink":"https:\/\/wp.me\/saHHlZ-annem","jetpack-related-posts":[{"id":2123,"url":"https:\/\/www.gocmeniz.biz\/?p=2123","url_meta":{"origin":32,"position":0},"title":"Bulgaristan, T\u00fcrk dizilerini tart\u0131\u015f\u0131yor","author":"Haberci","date":"27 Nisan 2010","format":false,"excerpt":"A.A. Bulgaristan'da sosyolog, gazeteci ve film ele\u015ftirmenleri \u00fclkede izlenme rekorlar\u0131 k\u0131ran T\u00fcrk dizilerini tart\u0131\u015ft\u0131. \"T\u00fcrk Dizilerine Evet ya da Hay\u0131r\" ba\u015fl\u0131kl\u0131 oturumda, ba\u015fta \"Yaprak D\u00f6k\u00fcm\u00fc\" olmak \u00fczere T\u00fcrk dizilerinin neden bu kadar ilgi g\u00f6rd\u00fc\u011f\u00fc sorusuna cevap arand\u0131. Bulgaristan'\u0131n ba\u015fkenti Sofya'da k\u00fclt\u00fcrel tart\u0131\u015fma ve diyalog merkezi olan \u00c7ervenata K\u0131\u015fta (K\u0131rm\u0131z\u0131 Ev)\u2026","rel":"","context":"&quot;Haberler&quot; i\u00e7inde","block_context":{"text":"Haberler","link":"https:\/\/www.gocmeniz.biz\/?cat=5"},"img":{"alt_text":"","src":"","width":0,"height":0},"classes":[]},{"id":1730,"url":"https:\/\/www.gocmeniz.biz\/?p=1730","url_meta":{"origin":32,"position":1},"title":"Gen\u00e7lik a\u015fk\u0131yla y\u0131llar sonra","author":"Haberci","date":"26 A\u011fustos 2009","format":false,"excerpt":"Epsilon Yay\u0131nevi\u2019nin yeni yazarlara \u015fans vermek amac\u0131yla yaratt\u0131\u011f\u0131 yan kurulu\u015fu Sepya kitapseverleri gen\u00e7 bir yazarla tan\u0131\u015ft\u0131r\u0131yor... Ramis \u00c7\u0131nar'\u0131n S\u00f6ylenmemi\u015f S\u00f6zler adl\u0131 kitab\u0131 serinin bir halkas\u0131 olarak okura sunuluyor. Kitap, eski sevgilisiyle y\u0131llar sonra tesad\u00fcfen kar\u015f\u0131la\u015fan ba\u015far\u0131l\u0131 bir reklamc\u0131n\u0131n \u00f6yk\u00fcs\u00fc \u00fczerine kurulu.\"Sana s\u00f6ylemek isteyip de s\u00f6yleyemedi\u011fim o kadar \u00e7ok \u015fey var\u2026","rel":"","context":"&quot;Haberler&quot; i\u00e7inde","block_context":{"text":"Haberler","link":"https:\/\/www.gocmeniz.biz\/?cat=5"},"img":{"alt_text":"","src":"","width":0,"height":0},"classes":[]},{"id":497,"url":"https:\/\/www.gocmeniz.biz\/?p=497","url_meta":{"origin":32,"position":2},"title":"BULGAR KAH\u0130NE EVANGELIA PANDEVA&#8230; ( BABA VANGA )","author":"Haberci","date":"01 Eyl\u00fcl 2008","format":false,"excerpt":"Vanga (Evangelia) Dimitrova Pandeva 31 Ocak 1911'de Strumica, Macedonia'da do\u011fdu. Bulgaristan'da Petrich kentinde ya\u015fad\u0131. K\u00fc\u00e7\u00fck ya\u015fta annesiz kald\u0131 ve babas\u0131 da askere al\u0131n\u0131nca, yak\u0131nlar\u0131 taraf\u0131ndan b\u00fcy\u00fct\u00fcld\u00fc, \u00e7ocuk ya\u015flarda kaybolan e\u015fyalar\u0131n yerini bulmas\u0131yla \u00fcnlendi. Sava\u015ftan geri d\u00f6nen babas\u0131 yeniden evlendi Petrich yak\u0131nlar\u0131nda bir \u00e7iftlikte ya\u015famaya ba\u015flad\u0131lar. Bir ak\u015fam\u00fcst\u00fc Evangelia tarladayken birdenbire\u2026","rel":"","context":"&quot;Haberler&quot; i\u00e7inde","block_context":{"text":"Haberler","link":"https:\/\/www.gocmeniz.biz\/?cat=5"},"img":{"alt_text":"","src":"","width":0,"height":0},"classes":[]},{"id":1258,"url":"https:\/\/www.gocmeniz.biz\/?p=1258","url_meta":{"origin":32,"position":3},"title":"Naim S\u00fclaymano\u011fu iddialar\u0131 cevaplad\u0131","author":"Haberci","date":"26 May\u0131s 2009","format":false,"excerpt":"Aniden hastaneye kald\u0131r\u0131ld\u0131. `Kronik alkolik` denildi, `diyabet y\u00fcz\u00fcnden` yorumu yap\u0131ld\u0131, `Kollar\u0131 d\u00fcnyalar\u0131 kald\u0131rd\u0131 ama b\u00fcnyesi alkol\u00fc kald\u0131ramad\u0131,` ba\u015fl\u0131klar\u0131 at\u0131ld\u0131. `Cep Herk\u00fcl\u00fc` ilk kez konu\u015ftu. `Ben sporu b\u0131rakm\u0131\u015f\u0131m, 42 ya\u015f\u0131mday\u0131m. \u0130stedi\u011fim kadar i\u00e7ebilirim, kime ne? D\u00fcnyan\u0131n her yerinde sayg\u0131 g\u00f6r\u00fcyoruz ama T\u00fcrkiye`de resmen ayaklar alt\u0131na al\u0131n\u0131yoruz. Benim rahats\u0131z oldu\u011fum \u015fey bu!`\u2026","rel":"","context":"&quot;Haberler&quot; i\u00e7inde","block_context":{"text":"Haberler","link":"https:\/\/www.gocmeniz.biz\/?cat=5"},"img":{"alt_text":"","src":"","width":0,"height":0},"classes":[]},{"id":728,"url":"https:\/\/www.gocmeniz.biz\/?p=728","url_meta":{"origin":32,"position":4},"title":"&#8220;50 CENT\u2019le \u015fans\u0131m g\u00fcld\u00fc&#8221;","author":"Haberci","date":"25 Aral\u0131k 2008","format":false,"excerpt":"Ramiz, rap m\u00fczi\u011fe kendini adam\u0131\u015f ve bu u\u011furda paras\u0131z kalmay\u0131 g\u00f6ze alm\u0131\u015f bir Bulgaristan g\u00f6\u00e7meni. \u201cGece Yolcular\u0131\u201d ve 50 Cent sayesinde hayat\u0131nda bir d\u00f6n\u00fcm noktas\u0131na gelen Ramiz\u2019in hedefi solo alb\u00fcm yapmak. 50 Cent\u2019in g\u00f6zlerine bakarak \u015fark\u0131 s\u00f6ylemenin heyecan\u0131n\u0131 h\u00e2l\u00e2 \u00fczerinde ta\u015f\u0131yan Ramiz, \u201c50 Cent olmasayd\u0131 ben de olmazd\u0131m. Herkesin \u015fansa\u2026","rel":"","context":"&quot;Haberler&quot; i\u00e7inde","block_context":{"text":"Haberler","link":"https:\/\/www.gocmeniz.biz\/?cat=5"},"img":{"alt_text":"","src":"","width":0,"height":0},"classes":[]},{"id":8407,"url":"https:\/\/www.gocmeniz.biz\/?p=8407","url_meta":{"origin":32,"position":5},"title":"Tekvandocu \u00e7iftten, 2 alt\u0131n madalya","author":"Admin","date":"15 Mart 2026","format":false,"excerpt":"\u0130ZM\u0130R'de Beden E\u011fitimi \u00d6\u011fretmeni Rabia Kim Kar\u0131\u015f\u0131k (38) ve e\u015fi Fazl\u0131 Kar\u0131\u015f\u0131k (36), Avrupa Tekvando Federasyonu'nun d\u00fczenledi\u011fi Bulgaristan A\u00e7\u0131k G2 Uluslararas\u0131 Tekvando \u015eampiyonas\u0131'nda hem bireysel hem de \u00e7iftler kategorisinde alt\u0131n madalya kazand\u0131. Rabia Kim Kar\u0131\u015f\u0131k, en b\u00fcy\u00fck hedefinin ise eyl\u00fcl ay\u0131nda d\u00fczenlenecek olan d\u00fcnya \u015fampiyonas\u0131 oldu\u011funu belirtip, \"\u0130n\u015fallah babam\u0131n memleketi\u2026","rel":"","context":"&quot;Haberler&quot; i\u00e7inde","block_context":{"text":"Haberler","link":"https:\/\/www.gocmeniz.biz\/?cat=5"},"img":{"alt_text":"","src":"https:\/\/i0.wp.com\/www.gocmeniz.biz\/wp-content\/tekvandocu-ciftten-2-altin-madalya-19659177_amp.jpg?fit=1200%2C804&ssl=1&resize=350%2C200","width":350,"height":200,"srcset":"https:\/\/i0.wp.com\/www.gocmeniz.biz\/wp-content\/tekvandocu-ciftten-2-altin-madalya-19659177_amp.jpg?fit=1200%2C804&ssl=1&resize=350%2C200 1x, https:\/\/i0.wp.com\/www.gocmeniz.biz\/wp-content\/tekvandocu-ciftten-2-altin-madalya-19659177_amp.jpg?fit=1200%2C804&ssl=1&resize=525%2C300 1.5x, https:\/\/i0.wp.com\/www.gocmeniz.biz\/wp-content\/tekvandocu-ciftten-2-altin-madalya-19659177_amp.jpg?fit=1200%2C804&ssl=1&resize=700%2C400 2x, https:\/\/i0.wp.com\/www.gocmeniz.biz\/wp-content\/tekvandocu-ciftten-2-altin-madalya-19659177_amp.jpg?fit=1200%2C804&ssl=1&resize=1050%2C600 3x"},"classes":[]}],"jetpack_sharing_enabled":true,"jetpack_likes_enabled":true,"_links":{"self":[{"href":"https:\/\/www.gocmeniz.biz\/index.php?rest_route=\/wp\/v2\/posts\/32","targetHints":{"allow":["GET"]}}],"collection":[{"href":"https:\/\/www.gocmeniz.biz\/index.php?rest_route=\/wp\/v2\/posts"}],"about":[{"href":"https:\/\/www.gocmeniz.biz\/index.php?rest_route=\/wp\/v2\/types\/post"}],"author":[{"embeddable":true,"href":"https:\/\/www.gocmeniz.biz\/index.php?rest_route=\/wp\/v2\/users\/1"}],"replies":[{"embeddable":true,"href":"https:\/\/www.gocmeniz.biz\/index.php?rest_route=%2Fwp%2Fv2%2Fcomments&post=32"}],"version-history":[{"count":1,"href":"https:\/\/www.gocmeniz.biz\/index.php?rest_route=\/wp\/v2\/posts\/32\/revisions"}],"predecessor-version":[{"id":9698,"href":"https:\/\/www.gocmeniz.biz\/index.php?rest_route=\/wp\/v2\/posts\/32\/revisions\/9698"}],"wp:attachment":[{"href":"https:\/\/www.gocmeniz.biz\/index.php?rest_route=%2Fwp%2Fv2%2Fmedia&parent=32"}],"wp:term":[{"taxonomy":"category","embeddable":true,"href":"https:\/\/www.gocmeniz.biz\/index.php?rest_route=%2Fwp%2Fv2%2Fcategories&post=32"},{"taxonomy":"post_tag","embeddable":true,"href":"https:\/\/www.gocmeniz.biz\/index.php?rest_route=%2Fwp%2Fv2%2Ftags&post=32"}],"curies":[{"name":"wp","href":"https:\/\/api.w.org\/{rel}","templated":true}]}}