{"id":352,"date":"2008-04-27T21:22:17","date_gmt":"2008-04-27T19:22:17","guid":{"rendered":"http:\/\/www.gocmeniz.biz\/sairimizin-ozgecmisi\/"},"modified":"2008-04-27T21:22:09","modified_gmt":"2008-04-27T19:22:09","slug":"sairimizin-ozgecmisi","status":"publish","type":"post","link":"https:\/\/www.gocmeniz.biz\/?p=352","title":{"rendered":"\u015eairimizin \u00d6zge\u00e7mi\u015fi"},"content":{"rendered":"<p><b>\u00d6ZGE\u00c7M\u0130\u015e\u0130M<\/b><\/p>\n<p>H\u00fcseyin G\u00fcntekin, 18 Temmuz 1946 y\u0131l\u0131nda evlad-\u0131 fatihan diyar\u0131 Bulgaristan\u2019\u0131n Razgrat \u015fehri Tursun k\u00f6y\u2019de (Zdravetst) d\u00fcnyaya geldi. \u0130lkokulu k\u00f6y okulunda, ortaokulunu ise Hebib k\u00f6yde (Vladimirovtsi) tamamlad\u0131. Hen\u00fcz 10 ya\u015f\u0131nda iken babas\u0131n\u0131 kaybeden G\u00fcntekin, zor hayat \u015fartlar\u0131 dolay\u0131s\u0131yla tahsilini s\u00fcrd\u00fcremeyerek erken ya\u015fta hayat m\u00fccadelesine at\u0131lm\u0131\u015ft\u0131r.<\/p>\n<p>Hen\u00fcz ortaokulda iken \u015fiir yazma arzusuna kap\u0131lan G\u00fcntekin, askerli\u011fini bitirdikten sonra ciddi bir \u015fekilde \u015fiir, hik\u00e2ye, roman ve denemelerine imza atmaya ba\u015flad\u0131. Bulgaristan\u2019da T\u00fcrk\u00e7e yay\u0131n yapan \u201dEmek Davas\u0131\u201d ve \u201cYeni I\u015f\u0131k\u201d gazetelerinde de bir\u00e7ok yaz\u0131s\u0131 ve \u015fiiri yay\u0131nlan\u0131r. G\u00fcntekin\u2019in \u015fiirleri T\u00fcrkiye\u2019de de \u201cBizim Anayurt\u201d isimli gazetede de bir\u00e7ok kez yay\u0131nlanm\u0131\u015ft\u0131r.<\/p>\n<p>H\u00fcseyin G\u00fcntekin, 17 A\u011fustos 1978\u2019de ailesiyle birlikte<!--more--> Bulgaristan\u2019dan T\u00fcrkiye\u2019ye g\u00f6\u00e7 ederek, anavatan hasretini dindirdi. Amac\u0131n\u0131n bir nebze olsun gelece\u011fe \u0131\u015f\u0131k tutmak oldu\u011funu her f\u0131rsatta dile getiren \u015fair, bir taraftan \u015fiir yazmay\u0131 s\u00fcrd\u00fcr\u00fcrken, \u00f6te yandan do\u011fdu\u011fu k\u00f6y ile ilgili ara\u015ft\u0131rmalar yapmaktad\u0131r. Vaktinin bir k\u0131sm\u0131n\u0131 roman yazma denemelerine ay\u0131ran G\u00fcntekin \u015fiir, hik\u00e2ye ve roman yazmay\u0131 kendisi i\u00e7in b\u00fcy\u00fck bir tutku olarak g\u00f6r\u00fcyor.<\/p>\n<p><i>H\u00fcseyin G\u00dcNTEK\u0130N<\/p>\n<p><a href=\"https:\/\/www.gocmeniz.biz\/?cat=31\"><b>H\u00fcseyin G\u00fcntekin&#8217;in Di\u011fer Yaz\u0131lar\u0131n\u0131 Okumak i\u00e7in T\u0131klay\u0131n !<\/b><\/a><br \/>\n<\/i><\/p>\n","protected":false},"excerpt":{"rendered":"<p>\u00d6ZGE\u00c7M\u0130\u015e\u0130M H\u00fcseyin G\u00fcntekin, 18 Temmuz 1946 y\u0131l\u0131nda evlad-\u0131 fatihan diyar\u0131 Bulgaristan\u2019\u0131n Razgrat \u015fehri Tursun k\u00f6y\u2019de (Zdravetst) d\u00fcnyaya geldi. \u0130lkokulu k\u00f6y okulunda, ortaokulunu ise Hebib k\u00f6yde (Vladimirovtsi) tamamlad\u0131. Hen\u00fcz 10 ya\u015f\u0131nda iken babas\u0131n\u0131 kaybeden G\u00fcntekin, zor hayat \u015fartlar\u0131 dolay\u0131s\u0131yla tahsilini s\u00fcrd\u00fcremeyerek erken ya\u015fta hayat m\u00fccadelesine at\u0131lm\u0131\u015ft\u0131r. Hen\u00fcz ortaokulda iken \u015fiir yazma arzusuna kap\u0131lan G\u00fcntekin, askerli\u011fini bitirdikten [&hellip;]<\/p>\n","protected":false},"author":1,"featured_media":0,"comment_status":"open","ping_status":"open","sticky":false,"template":"","format":"standard","meta":{"advanced_seo_description":"","jetpack_seo_html_title":"","jetpack_seo_noindex":false,"ngg_post_thumbnail":0,"jetpack_post_was_ever_published":false,"_jetpack_newsletter_access":"","_jetpack_dont_email_post_to_subs":false,"_jetpack_newsletter_tier_id":0,"_jetpack_memberships_contains_paywalled_content":false,"_jetpack_memberships_contains_paid_content":false,"footnotes":""},"categories":[31],"tags":[],"class_list":["post-352","post","type-post","status-publish","format-standard","hentry","category-huseyin-guntekin"],"jetpack_featured_media_url":"","jetpack_shortlink":"https:\/\/wp.me\/paHHlZ-5G","jetpack-related-posts":[{"id":247,"url":"https:\/\/www.gocmeniz.biz\/?p=247","url_meta":{"origin":352,"position":0},"title":"H\u00fcseyin G\u00fcntekin \u015eiirleri ve Yaz\u0131lar\u0131 ile G\u00f6\u00e7meniz.Biz&#8217;de !","author":"Admin","date":"20 Aral\u0131k 2007","format":false,"excerpt":"De\u011ferli \u015fair ve yazarlar\u0131m\u0131zdan H\u00fcseyin G\u00fcntekin, \"G\u00f6n\u00fcl Yaras\u0131\" ismini ta\u015f\u0131yan kitab\u0131n\u0131n ard\u0131ndan \u015fimdi de ayn\u0131 isimle G\u00f6\u00e7meniz.Biz'de yazmaya devam ediyor. Kendisine B\u0130Zimle oldu\u011fu i\u00e7in sonsuz te\u015fekk\u00fcrlerimizi sunuyoruz. \u00a0 \u00a0 H\u00dcSEY\u0130N G\u00dcNTEK\u0130N SAYFASINA ULA\u015eMAK \u0130\u00c7\u0130N TIKLAYIN.","rel":"","context":"&quot;Duyurular&quot; i\u00e7inde","block_context":{"text":"Duyurular","link":"https:\/\/www.gocmeniz.biz\/?cat=8"},"img":{"alt_text":"","src":"https:\/\/i0.wp.com\/www.gocmeniz.biz\/images\/huseyinguntekinsmall.jpg?resize=350%2C200","width":350,"height":200},"classes":[]},{"id":506,"url":"https:\/\/www.gocmeniz.biz\/?p=506","url_meta":{"origin":352,"position":1},"title":"Yazar H\u00fcseyin G\u00fcntekin&#8217;den Duyuru","author":"Haberci","date":"11 Eyl\u00fcl 2008","format":false,"excerpt":"Sayg\u0131de\u011fer \u00fcyeler,pek muhterem karde\u015flerim ve G\u00f6\u00e7meniz.Biz adminleri.Hayli zamandan beri siteye giremedim \u00e7\u00fcnk\u00fc bir tak\u0131m \u00f6nemli i\u015flerim vard\u0131.Ben size \u015fu duyuruyu da yapmak istiyorum \"G\u00f6n\u00fcl Yaras\u0131\" \u015fiir kitab\u0131ndan sonra \"Tursunk\u00f6y\" s\u00fclale ara\u015ft\u0131rmas\u0131 kitab\u0131n\u0131 Temmuz ay\u0131nda bask\u0131dan \u00e7\u0131kartt\u0131m. Bu duyuruyu yapmak i\u00e7in bu mesaj\u0131 site okuyucalar\u0131na bildirmeyi uygun buldum.","rel":"","context":"&quot;Duyurular&quot; i\u00e7inde","block_context":{"text":"Duyurular","link":"https:\/\/www.gocmeniz.biz\/?cat=8"},"img":{"alt_text":"","src":"https:\/\/i0.wp.com\/www.gocmeniz.biz\/images\/huseyinguntekin.jpg?resize=350%2C200","width":350,"height":200},"classes":[]},{"id":248,"url":"https:\/\/www.gocmeniz.biz\/?p=248","url_meta":{"origin":352,"position":2},"title":"H\u00fcseyin G\u00fcntekin&#8217;den Mesaj","author":"Admin","date":"20 Aral\u0131k 2007","format":false,"excerpt":"Ben H\u00fcseyin G\u00fcntekin, G\u00f6\u00e7meniz Biz sitesine \u00fcye olmak i\u00e7in bana yard\u0131m etti\u011finiz i\u00e7in Site y\u00f6neticilerine \u00e7ok \u00e7ok te\u015fekk\u00fcr ediyorum . \u00d6zellikle Sever ve Mehmet\u2019e bu yard\u0131mlar\u0131ndan dolay\u0131 \u00e7ok \u00e7ok te\u015fekk\u00fcrler ediyorum. Bilserniz beni nekadar memnun ettiniz. Siz bana bu siteyi bir bayram hediyesi olarak takdim ettiniz. Siz bana en b\u00fcy\u00fck\u2026","rel":"","context":"&quot;H\u00fcseyin G\u00fcntekin&quot; i\u00e7inde","block_context":{"text":"H\u00fcseyin G\u00fcntekin","link":"https:\/\/www.gocmeniz.biz\/?cat=31"},"img":{"alt_text":"","src":"","width":0,"height":0},"classes":[]},{"id":1523,"url":"https:\/\/www.gocmeniz.biz\/?p=1523","url_meta":{"origin":352,"position":3},"title":"Tursunk\u00f6y Pikni\u011fi. (Yazar H\u00fcseyin G\u00fcntekin&#8217;den Duyuru)","author":"huseyin","date":"08 Temmuz 2009","format":false,"excerpt":"D U Y U R U TURSUNK\u00d6Y GELENEKSEL E\u011eLENCE P\u0130KN\u0130\u011e\u0130 GELECEK YILA 30 MAYIS 2010 DA PAZAR G\u00dcN\u00dc OLACAK . BU KARAR ,P\u0130KN\u0130K Y\u00d6NET\u0130C\u0130LER\u0130 TARAFINDAN ALINMI\u015eTIR.BU G\u00dcNDE H\u0130\u00c7 K\u0130MSE D\u00dc\u011e\u00dcN,N\u0130\u015eAN .MEVL\u0130T.DO\u011eUM G\u00dcN\u00dc VE D\u0130\u011eER \u00d6RF ADETLER\u0130 L\u00dcTFEN BU G\u00dcNE DENK GET\u0130RMES\u0130NLER . B\u00dcT\u00dcN TURSUN K\u00d6YL\u00dcLERE VE \u0130LG\u0130L\u0130LERE \u00d6NEMLE DUYURULUR P\u0130KN\u0130K\u2026","rel":"","context":"&quot;Duyurular&quot; i\u00e7inde","block_context":{"text":"Duyurular","link":"https:\/\/www.gocmeniz.biz\/?cat=8"},"img":{"alt_text":"","src":"https:\/\/i0.wp.com\/img189.imageshack.us\/img189\/9333\/yeniresim1m.png?resize=350%2C200","width":350,"height":200},"classes":[]},{"id":252,"url":"https:\/\/www.gocmeniz.biz\/?p=252","url_meta":{"origin":352,"position":4},"title":"Bayram Sabah\u0131","author":"Admin","date":"22 Aral\u0131k 2007","format":false,"excerpt":"Bayram Sabah\u0131 Bayram sabah\u0131n\u0131 \u015f\u00f6yle bir d\u00fc\u015f\u00fcn\u00fcn Hele \u00f6lm\u00fc\u015f\u00fc olan o g\u00fcn, \u00e7ok \u00fczg\u00fcn Bayram sabah\u0131 belli olur. \u00d6lenin k\u0131ymeti bu sabah ac\u0131 a\u011f\u0131tlar yak\u0131l\u0131r \u00f6l\u00fcm\u00fcne . Bayram sabah\u0131 \u015f\u00f6yle d\u00fc\u015f\u00fcn\u00fcn Sokaklarda \u00e7\u0131plak ayakla gezeni Bald\u0131r\u0131 a\u00e7\u0131k pantolonu y\u0131rt\u0131k olan\u0131 Bayram sabah\u0131 eti b\u0131rak bir ka\u015f\u0131k, S\u0131cak \u00e7orbaya hasret kalan\u0131\u2026","rel":"","context":"&quot;H\u00fcseyin G\u00fcntekin&quot; i\u00e7inde","block_context":{"text":"H\u00fcseyin G\u00fcntekin","link":"https:\/\/www.gocmeniz.biz\/?cat=31"},"img":{"alt_text":"","src":"","width":0,"height":0},"classes":[]},{"id":257,"url":"https:\/\/www.gocmeniz.biz\/?p=257","url_meta":{"origin":352,"position":5},"title":"G\u00d6\u00c7MEN\u0130Z B\u0130Z","author":"Admin","date":"26 Aral\u0131k 2007","format":false,"excerpt":"G\u00d6\u00c7MEN\u0130Z B\u0130Z Sel\u00e7uklu T\u00fcrklerinden benli\u011fimiz Karaman o\u011fullar\u0131ndan \u00e7ekirde\u011fimiz T\u00fcrkl\u00fckle yo\u011furuldu hamurumuz T\u00fcrkl\u00fck var olana dek g\u00f6\u00e7eriz, G\u00f6\u00e7meniz Biz. Cenap\u2019 \u0131 Allah bizi g\u00f6\u00e7ebe yaratm\u0131\u015f T\u00fcrk beylikleri kuruldu\u011fundan beri T\u00fcrkl\u00fc\u011f\u00fcn i\u00e7inde g\u00f6\u00e7ebelik varm\u0131\u015f Ad\u0131 \u00fcst\u00fcnde . inkar edilmez, G\u00f6\u00e7meniz Biz . Anadolu\u2019dan Rumeli\u2019ye g\u00f6\u00e7ler ba\u015flad\u0131 Osmanl\u0131 Devleti yadigar\u0131 . ilk ba\u015fta\u2026","rel":"","context":"&quot;H\u00fcseyin G\u00fcntekin&quot; i\u00e7inde","block_context":{"text":"H\u00fcseyin G\u00fcntekin","link":"https:\/\/www.gocmeniz.biz\/?cat=31"},"img":{"alt_text":"","src":"","width":0,"height":0},"classes":[]}],"jetpack_sharing_enabled":true,"jetpack_likes_enabled":true,"_links":{"self":[{"href":"https:\/\/www.gocmeniz.biz\/index.php?rest_route=\/wp\/v2\/posts\/352","targetHints":{"allow":["GET"]}}],"collection":[{"href":"https:\/\/www.gocmeniz.biz\/index.php?rest_route=\/wp\/v2\/posts"}],"about":[{"href":"https:\/\/www.gocmeniz.biz\/index.php?rest_route=\/wp\/v2\/types\/post"}],"author":[{"embeddable":true,"href":"https:\/\/www.gocmeniz.biz\/index.php?rest_route=\/wp\/v2\/users\/1"}],"replies":[{"embeddable":true,"href":"https:\/\/www.gocmeniz.biz\/index.php?rest_route=%2Fwp%2Fv2%2Fcomments&post=352"}],"version-history":[{"count":0,"href":"https:\/\/www.gocmeniz.biz\/index.php?rest_route=\/wp\/v2\/posts\/352\/revisions"}],"wp:attachment":[{"href":"https:\/\/www.gocmeniz.biz\/index.php?rest_route=%2Fwp%2Fv2%2Fmedia&parent=352"}],"wp:term":[{"taxonomy":"category","embeddable":true,"href":"https:\/\/www.gocmeniz.biz\/index.php?rest_route=%2Fwp%2Fv2%2Fcategories&post=352"},{"taxonomy":"post_tag","embeddable":true,"href":"https:\/\/www.gocmeniz.biz\/index.php?rest_route=%2Fwp%2Fv2%2Ftags&post=352"}],"curies":[{"name":"wp","href":"https:\/\/api.w.org\/{rel}","templated":true}]}}