{"id":43,"date":"2007-04-04T19:48:19","date_gmt":"2007-04-04T17:48:19","guid":{"rendered":"http:\/\/www.gocmeniz.biz\/?p=43"},"modified":"2007-04-04T19:54:48","modified_gmt":"2007-04-04T17:54:48","slug":"bir-cocugun-gozunde-%e2%80%9cgoc%e2%80%9d","status":"publish","type":"post","link":"https:\/\/www.gocmeniz.biz\/?p=43","title":{"rendered":"Bir \u00c7ocu\u011fun G\u00f6z\u00fcnde \u201cG\u00f6\u00e7\u201d"},"content":{"rendered":"<p>                                               Bir \u00c7ocu\u011fun G\u00f6z\u00fcnde \u201cG\u00f6\u00e7\u201d <\/p>\n<p> G\u00f6\u00e7 denemezdi ya\u015fad\u0131klar\u0131na.Bir zorbal\u0131k, gasp edili\u015fiydi ailesinden.<br \/>\n   Ka\u00e7 ki\u015fi evinden, yaz\u0131n getirdi\u011fi s\u0131cak yata\u011f\u0131ndan, ana kuca\u011f\u0131ndan onu gecenin bir yar\u0131s\u0131 \u201cGiyin, Varna\u2019ya gezme gideez\u201d*  diye kald\u0131rabilirdi\u2026<\/p>\n<p>     9 ya\u015f\u0131ndayd\u0131.Bir \u00e7ok \u015feyi kavrayabilirdi, akl\u0131 el verdik\u00e7e\u2026 3 ya\u015f\u0131nda annesi ve babas\u0131 zorla, belki biraz da arzuyla vatan bildikleri T\u00fcrkiye\u2019nin yolunu tuttular.S\u00f6zde 1 y\u0131ll\u0131\u011f\u0131na, \u00e7al\u0131\u015fmaya\u2026Alg\u0131layamad\u0131, \u201cattaaa\u201dya gittiler, geleceklerdi.A\u011fz\u0131na emzik verilecek ya\u015f\u0131 \u00e7oktan ge\u00e7mi\u015fti.<br \/>\n      6 y\u0131l i\u00e7inde 4 kez anas\u0131n\u0131n, babas\u0131n\u0131n, ana vatan\u0131n\u0131n kuca\u011f\u0131na d\u00f6nmeyi denemi\u015fti. Yasal yollarla, bir g\u00fcmr\u00fck g\u00f6revlisine para yedirmeden ka\u00e7 ki\u015fi varm\u0131\u015f ki vatan kuca\u011f\u0131na bizim \u00f6ks\u00fcz, yetimimiz vars\u0131n(!).<\/p>\n<p>    O gece (12 temmuz 99) s\u0131cak. Ate\u015f gibi kavuruyor bedenleri, olacaklar\u0131 g\u00f6r\u00fcrcesine. Gecenin b\u00fcy\u00fck sessizli\u011fi, h\u0131zl\u0131 h\u0131zl\u0131 tokmaklanan kap\u0131n\u0131n sesiyle bozuluyordu.B\u00fct\u00fcn \u0131\u015f\u0131klar yan\u0131yor, g\u00fcnd\u00fcz\u00fcn ayaz\u0131 y\u00fckleniyor gecenin karanl\u0131\u011f\u0131na.\u0130nce bir bayan sesi ortal\u0131kla geziniyor.<br \/>\n     \u201cAnnesi isteyeri, g\u00f6t\u00fcrcez onu.\u201d<br \/>\n     Dudaklar susmu\u015ftu,varl\u0131\u011f\u0131n\u0131 unuttu\u011fum biri i\u00e7in g\u00f6zler konu\u015fuyordu.On dakika. Sonras\u0131nda her zamanki temiz, k\u0131sa pantolon ve t-shirt ile yetimimiz.Uyku sersemi \u201cVarna\u201d sevinciyle ayr\u0131ld\u0131 ikinci evinden de\u2026<\/p>\n<p>        5 saati a\u015fan bir yol.G\u00fcne\u015f, yeni yeni ayd\u0131nlat\u0131yordu Sofia sokaklar\u0131n\u0131.Kendisi gibi 30 ki\u015fi. Bir hotel odas\u0131.Uyumalar\u0131 emredildi(!).Yan\u0131nda \u00e7ocu\u011fundan ninesine 30 ki\u015fi ile\u2026<br \/>\n        Uzun s\u00fcrmeyen bir uyku..Ard\u0131ndan \u201cefendinin k\u00f6leleri\u201d gibi itilerek be\u015fer be\u015fer arabalara doldurulmu\u015flard\u0131.Sat\u0131lacak mal gibiydi, Varna\u2019ya gitmedi\u011fini yava\u015f yava\u015f anlamaya ba\u015flam\u0131\u015ft\u0131.G\u00f6zleri G\u00fcne\u015f\u2019in de \u0131\u015f\u0131\u011f\u0131yla bir kez daha a\u00e7\u0131lm\u0131\u015ft\u0131.<\/p>\n<p>         Sonunu bilmedi\u011fi bir yolda mahkumlar gibi ka\u00e7\u0131\u015f\u0131yorlard\u0131. Polis, pe\u015flerindeydi. 7 arabadan bir tek onun i\u00e7inde bulundu\u011fu kurtulmu\u015ftu ellerinden.\u015eans m\u0131yd\u0131 bu yoksa Allah\u2019\u0131n bir \u00e7ocu\u011fa hediyesi mi ? O h\u00e2l\u00e2 g\u00fcl\u00fcms\u00fcyordu.K\u00fc\u00e7\u00fck ya\u015fta \u00f6\u011frenmi\u015fti Polyannac\u0131l\u0131k oynamay\u0131\u2026<br \/>\n         Alel acele ba\u015fka bir araca bindirildiler. 10-12 ki\u015fi vard\u0131.Volswagen bir ara\u00e7.\u00d6mr\u00fcnde unutamayaca\u011f\u0131 ilk olay;<br \/>\n     \u201c- \u00c7eksene aya\u011f\u0131n\u0131!<br \/>\n       -Sana ne?\u201d<br \/>\n    O ya\u015fta daha haz\u0131r cevapt\u0131.Ba\u015f\u0131na ne i\u015f a\u00e7aca\u011f\u0131n\u0131 asla umursamazd\u0131.18 indeki \u201cabi\u201d aya\u011f\u0131na vurunca, i\u00e7indeki  sevin\u00e7 az da olsa g\u00f6lgelenmi\u015fti.G\u00f6zleri, kimsenin g\u00f6remedi\u011fi bir \u015fekilde bu\u011fulanm\u0131\u015ft\u0131.<\/p>\n<p>     \u201c-E\u011fin kafalar\u0131\u2026S\u0131n\u0131r\u0131 ge\u00e7iyoruz!\u201d<br \/>\nHerkes susmu\u015ftu.S\u0131n\u0131r neydi, neden korkulurdu ki ondan ? Yoksa \u0131s\u0131r\u0131r m\u0131yd\u0131 kom\u015funun k\u00f6pe\u011fi gibi ?<\/p>\n<p>   \u00dcz\u00fcnt\u00fc i\u00e7inde ge\u00e7en bir saat.K\u00f6\u015fede b\u00fcz\u00fclm\u00fc\u015ft\u00fc.En k\u00fc\u00e7\u00fckleri oydu.Korku uzakla\u015fm\u0131\u015ft\u0131 evi gibi.Ne\u015fe yeni evi gibi git gide yakla\u015f\u0131yordu\u2026.<br \/>\n    Arabadan indirilmi\u015flerdi.\u201dY\u00fcr\u00fcyeceksiniz, araba girmez buraya!\u201d Hep a\u015f\u0131k oldu\u011fu ye\u015filli\u011fin, orman\u0131n yan\u0131nda y\u00fcr\u00fcmek zevkti onun i\u00e7in.Yol uzundu.Yorgundu bedeni.Bir \u00e7ocuktu o, 9 ya\u015f\u0131nda bir \u00e7ocuk.80li ya\u015flarda bir nineye kimse sahip \u00e7\u0131kmay\u0131nca boyundan b\u00fcy\u00fck bir i\u015f yap\u0131p, koluna girer nenesinin.Her saat ba\u015f\u0131 neneyle oturur, dinlenir.Sevilir herkes\u00e7e,ama tek k\u0131zd\u0131r, vah\u015fi bulunur.\u00c7ocuktur, konu\u015fmaya de\u011fmeyecekmi\u015f gibi a\u015fa\u011f\u0131lan\u0131r,  ac\u0131n\u0131r zavall\u0131ma(!).<br \/>\n      Edirne da\u011flar\u0131n\u0131 a\u015f\u0131nca iki katl\u0131 bir villaya girmi\u015flerdir.Herkesin ailesi aran\u0131r.Bir saat, iki saat, alt\u0131 saat, bir g\u00fcn\u2026 Tek o kalm\u0131\u015ft\u0131r.Bir bayan zorla yemek yedirir ona.\u201dAl, ye.Hasta olacaks\u0131n.\u201dS\u00f6ylenir \u201cNe ba\u015fa bela \u015fey bu.Versek de kurtulsak.Kimsesiz \u00e7\u0131kmasa bari.\u201d  Zorlanmak, bask\u0131\u2026 Onun ka\u00e7t\u0131\u011f\u0131 \u015feylerdi bunlar.Sindi\u011fi k\u00f6\u015fesinde uyudu\u011funu hat\u0131rl\u0131yordu en son.<\/p>\n<p>      Bir el uzand\u0131.\u201dMelek, Melek\u201d. G\u00f6zleri  a\u00e7\u0131l\u0131r gibiydi.G\u00f6z kapaklar\u0131n\u0131n a\u011f\u0131rl\u0131\u011f\u0131 bedeninden fazlayd\u0131.\u201dBaba, baba ne olur al beni.\u201d Kapanmasa g\u00f6zleri a\u011flard\u0131, ama uyudu.Nedenini bilmiyordu. Bir \u015fey mi verilmi\u015fti yoksa, yoksa yorgunluk muydu yine\u2026<br \/>\n      Uyand\u0131\u011f\u0131nda babas\u0131  ve halas\u0131 ile Edirne otoyolunda ilerliyorlard\u0131.Y\u0131llar sonra kendini ilk kez yetim gibi g\u00f6rm\u00fcyordu.\u00c7o\u011fu \u015feyi hat\u0131rlam\u0131yordu.2 g\u00fcn, nerde, ne yapm\u0131\u015ft\u0131? Sadece y\u00fcr\u00fcd\u00fckleri yollardan kendine hat\u0131ra; bacaklar\u0131ndaki \u00e7izikler ve yaralar, y\u00fcz\u00fcnde de p\u0131ht\u0131la\u015fm\u0131\u015f bir nokta\u2026 Babas\u0131 ne istedi\u011fini sordu\u011funda, utanarak \u201cye\u015fil f\u0131st\u0131k\u201d(\u00e7am f\u0131st\u0131\u011f\u0131) istedi\u011fini anlatana kadar ne terler d\u00f6km\u00fc\u015ft\u00fc.Heyecan dilinin dolanmas\u0131na neden oluyor.Halas\u0131n\u0131, tombi\u015f yanaklar\u0131n\u0131 ne de \u00e7ok sevmi\u015fti. Halas\u0131n\u0131 eve b\u0131rak\u0131p babas\u0131 ile yaln\u0131z kal\u0131nca utana s\u0131k\u0131la konu\u015fur olmu\u015ftu.<\/p>\n<p>      Evdeki ilk gecesinde, tan\u0131mad\u0131\u011f\u0131 akrabalar, day\u0131s\u0131, yengeleri, ye\u011fenleri\u2026Anne ve babas\u0131\u2026 Herkesi yeniden tan\u0131yordu.Her \u015feyi unutmu\u015ftu\u2026.Bir ailesinin oldu\u011funu, onlara kavu\u015funca ne s\u00f6ylemek istedi\u011fini\u2026Kadere edece\u011fi \u00e7ocuk\u00e7a t\u00fcm k\u00fcf\u00fcrleri unutmu\u015ftu\u2026<br \/>\n       Konu\u015fmalarda bir s\u00f6z onu yaralam\u0131\u015ft\u0131, derinden.\u201dAnneannesi istemedi\u011fi i\u00e7in getirdik dediler, ama bir ev paras\u0131 ald\u0131lar.\u201d<br \/>\n      Dert yanan bir s\u00f6z\u2026D\u00fc\u015f\u00fcnd\u00fc.O gece \u201cAnnen istiyor seni\u201d diyerek zorla al\u0131nmamm\u0131\u015f m\u0131yd\u0131 9 y\u0131ll\u0131k evinden\u2026\u201dOnlar\u201d i\u00e7in be\u015finci kez bu yolu denememi\u015f miydi? \u0130stiyordu \u00f6z ailesi ile olmay\u0131 ama bir \u201cmal\u201d gibi ticaretinin yap\u0131lmas\u0131, paran\u0131n sat\u0131n ald\u0131\u011f\u0131 bir e\u015fya gibi sat\u0131lmas\u0131n\u0131\u2026 Her gecesi a\u011flayarak ge\u00e7iyordu.Bir e\u015fya gibi anne ve babas\u0131na verilmi\u015fti.Kendini neden k\u00f6le gibi hissetti\u011fini \u015fimdi daha iyi anl\u0131yordu\u2026<\/p>\n<p>        G\u00f6\u00e7, insanlar\u0131 b\u00f6lerken ka\u00e7 kalbi par\u00e7alam\u0131\u015ft\u0131, ka\u00e7 ki\u015finin \u00f6l\u00fcm\u00fcne, ka\u00e7 ki\u015finin yoksunlu\u011funun hissedilmesine neden olmu\u015ftu ? G\u00f6ce zorlanmam\u0131\u015ft\u0131.G\u00f6\u00e7 ma\u011fduru ailesine kavu\u015fmak istemi\u015fti sadece.\u00c7ekti\u011fi ac\u0131ya bir yenisi daha eklensin istemi\u015f olsayd\u0131, bu g\u00f6ce u\u011framaktan daha iyisini bulabilir miydi?<\/p>\n<p>*Varna\u2019ya g\u00f6t\u00fcr\u00fclme hikayesi, k\u0131z\u0131n k\u00fc\u00e7\u00fckten kalma bir hat\u0131ras\u0131d\u0131r.Ailesini Varna\u2019da denizde iken hat\u0131rl\u0131yordur en son.Bu y\u00fczden en kolay kanaca\u011f\u0131 yalan da budur\u2026<br \/>\n*Bahsi ge\u00e7en olay, 99 y\u0131l\u0131nda  \u201c24 CaSa\u201d ve Kanal 1\u2019de yay\u0131nlanm\u0131\u015ft\u0131r.G\u00f6\u00e7\u00fc et ticaretine \u00e7evirenler sayesinde bir \u00e7ok ki\u015fi ailesine kavu\u015fmu\u015ftur kavu\u015fmas\u0131na ama \u201cd\u00f6nen kara paralar\u201d onlarca yetimimiz gelece\u011fini olu\u015fturabilecek kadar \u00e7oktur\u2026<\/p>\n","protected":false},"excerpt":{"rendered":"<p>Bir \u00c7ocu\u011fun G\u00f6z\u00fcnde \u201cG\u00f6\u00e7\u201d G\u00f6\u00e7 denemezdi ya\u015fad\u0131klar\u0131na.Bir zorbal\u0131k, gasp edili\u015fiydi ailesinden. Ka\u00e7 ki\u015fi evinden, yaz\u0131n getirdi\u011fi s\u0131cak yata\u011f\u0131ndan, ana kuca\u011f\u0131ndan onu gecenin bir yar\u0131s\u0131 \u201cGiyin, Varna\u2019ya gezme gideez\u201d* diye kald\u0131rabilirdi\u2026 9 ya\u015f\u0131ndayd\u0131.Bir \u00e7ok \u015feyi kavrayabilirdi, akl\u0131 el verdik\u00e7e\u2026 3 ya\u015f\u0131nda annesi ve babas\u0131 zorla, belki biraz da arzuyla vatan bildikleri T\u00fcrkiye\u2019nin yolunu tuttular.S\u00f6zde 1 y\u0131ll\u0131\u011f\u0131na, [&hellip;]<\/p>\n","protected":false},"author":11,"featured_media":0,"comment_status":"open","ping_status":"open","sticky":false,"template":"","format":"standard","meta":{"advanced_seo_description":"","jetpack_seo_html_title":"","jetpack_seo_noindex":false,"ngg_post_thumbnail":0,"jetpack_post_was_ever_published":false,"_jetpack_newsletter_access":"","_jetpack_dont_email_post_to_subs":false,"_jetpack_newsletter_tier_id":0,"_jetpack_memberships_contains_paywalled_content":false,"_jetpack_memberships_contains_paid_content":false,"footnotes":""},"categories":[16],"tags":[],"class_list":["post-43","post","type-post","status-publish","format-standard","hentry","category-melek"],"jetpack_featured_media_url":"","jetpack_shortlink":"https:\/\/wp.me\/paHHlZ-H","jetpack-related-posts":[{"id":1960,"url":"https:\/\/www.gocmeniz.biz\/?p=1960","url_meta":{"origin":43,"position":0},"title":"Balkan&#8217;dan Bulgaristan&#8217;a ele\u015ftiri","author":"Haberci","date":"30 Kas\u0131m 2009","format":false,"excerpt":"Balkan G\u00f6\u00e7menleri K\u00fclt\u00fcr ve Dayan\u0131\u015fma Derne\u011fi (Bal-G\u00f6\u00e7) Genel Ba\u015fkan\u0131 Prof. Dr. Emin Balkan, Bulgaristan'daki yeni h\u00fck\u00fcmetin T\u00fcrk az\u0131nl\u0131\u011fa y\u00f6nelik izledi\u011fi politikalar\u0131 ele\u015ftirdi.Bal-G\u00f6\u00e7 Genel Merkez\u2019inde yap\u0131lan bayramla\u015fma t\u00f6reninde konu\u015fan Balkan G\u00f6\u00e7menleri K\u00fclt\u00fcr ve Dayan\u0131\u015fma Derne\u011fi (Bal-G\u00f6\u00e7) Genel Ba\u015fkan\u0131 Prof. Dr. Emin Balkan, Kurban Bayram\u0131'n\u0131n insanlar\u0131n bir araya geldi\u011fi, birlik, beraberlik ve\u2026","rel":"","context":"&quot;Haberler&quot; i\u00e7inde","block_context":{"text":"Haberler","link":"https:\/\/www.gocmeniz.biz\/?cat=5"},"img":{"alt_text":"","src":"","width":0,"height":0},"classes":[]},{"id":2621,"url":"https:\/\/www.gocmeniz.biz\/?p=2621","url_meta":{"origin":43,"position":1},"title":"\u201cBulgaristan\u2019da 1,5 Milyon Ki\u015fi T\u00fcrk\u00e7e Konu\u015fuyor\u201d","author":"Haberci","date":"15 \u015eubat 2019","format":false,"excerpt":"Trakya \u00dcniversitesi Edebiyat Fak\u00fcltesi Tarih B\u00f6l\u00fcm\u00fc \u00d6\u011fretim \u00dcyesi Dr. B\u00fclent Y\u0131ld\u0131r\u0131m, Balkanlar\u2019da 2 milyon civar\u0131nda ki\u015finin T\u00fcrk\u00e7e konu\u015ftu\u011funu belirtti. Y\u0131ld\u0131r\u0131m, gazetecilere yapt\u0131\u011f\u0131 a\u00e7\u0131klamada, T\u00fcrkler\u2019in ve T\u00fcrk\u00e7e\u2019nin Balkanlar\u2019daki varl\u0131\u011f\u0131n\u0131 korudu\u011funu ifade etti. T\u00fcrk\u00e7e\u2019nin Balkanlar\u2019da ya\u015fat\u0131ld\u0131\u011f\u0131n\u0131 ifade eden Y\u0131ld\u0131r\u0131m, b\u00f6lgedeki en yo\u011fun T\u00fcrk n\u00fcfusun Bulgaristan\u2019da oldu\u011funu s\u00f6yledi. T\u00fcrklerin, Bulgaristan n\u00fcfusunun \u00f6nemli bir\u2026","rel":"","context":"&quot;Haberler&quot; i\u00e7inde","block_context":{"text":"Haberler","link":"https:\/\/www.gocmeniz.biz\/?cat=5"},"img":{"alt_text":"","src":"https:\/\/i0.wp.com\/www.gocmeniz.biz\/wp-content\/i.jpg?fit=636%2C372&ssl=1&resize=350%2C200","width":350,"height":200,"srcset":"https:\/\/i0.wp.com\/www.gocmeniz.biz\/wp-content\/i.jpg?fit=636%2C372&ssl=1&resize=350%2C200 1x, https:\/\/i0.wp.com\/www.gocmeniz.biz\/wp-content\/i.jpg?fit=636%2C372&ssl=1&resize=525%2C300 1.5x"},"classes":[]},{"id":1939,"url":"https:\/\/www.gocmeniz.biz\/?p=1939","url_meta":{"origin":43,"position":2},"title":"18 ayl\u0131k \u00e7ocu\u011fun katili ka\u00e7arken \u00f6ld\u00fc","author":"Haberci","date":"19 Kas\u0131m 2009","format":false,"excerpt":"Bulgaristan'\u0131n Yambol kentinde bunal\u0131ma girdi\u011fi belirtilen bir ki\u015fi, bir \u00e7ocu\u011fu \u00f6ld\u00fcr\u00fcp 2 ki\u015fiyi yaralad\u0131ktan sonra polisten ka\u00e7arken yapt\u0131\u011f\u0131 trafik kazas\u0131nda \u00f6ld\u00fc.\u0130\u00e7i\u015fleri Bakanl\u0131\u011f\u0131ndan edinilen bilgiye g\u00f6re, Ten\u00f6 Penkov (53) adl\u0131 ki\u015fi, oturdu\u011fu apartman\u0131n \u00f6n\u00fcnde, kom\u015fusu olan ve annesi ile birlikte sokakta y\u00fcr\u00fcyen 18 ayl\u0131k k\u0131z \u00e7ocu\u011funa ate\u015f etti. \u00c7ocuk g\u00f6\u011fs\u00fcne isabet\u2026","rel":"","context":"&quot;Haberler&quot; i\u00e7inde","block_context":{"text":"Haberler","link":"https:\/\/www.gocmeniz.biz\/?cat=5"},"img":{"alt_text":"","src":"","width":0,"height":0},"classes":[]},{"id":202,"url":"https:\/\/www.gocmeniz.biz\/?p=202","url_meta":{"origin":43,"position":3},"title":"Bulgaristan n\u00fcfusu, 2050\u2019ye kadar y\u00fczde 26 azalacak","author":"Admin","date":"25 Ekim 2007","format":false,"excerpt":"Br\u00fcksel merkezli d\u00fc\u015f\u00fcnce kurulu\u015fu The Lisbon Council'\u0131n bir ara\u015ft\u0131rmas\u0131nda, Bulgaristan n\u00fcfusunun 2050 y\u0131l\u0131na kadar y\u00fczde 26 azalaca\u011f\u0131 bildirildi. Bulgaristan Ulusal \u0130statistik Enstit\u00fcs\u00fc'ne (NS\u0130) g\u00f6re 2006 y\u0131l\u0131n\u0131n sonunda n\u00fcfus 7 milyon 385 bin 367. Ara\u015ft\u0131rmada \"Do\u011fu Avrupa n\u00fcfusunun h\u0131zl\u0131 azalmas\u0131 nedeniyle baz\u0131 \u00fclkeler, bat\u0131daki ya\u015fam standartlar\u0131na hi\u00e7bir zaman eri\u015femeyecek,\" deniliyor. \u00c7ek\u2026","rel":"","context":"&quot;Haberler&quot; i\u00e7inde","block_context":{"text":"Haberler","link":"https:\/\/www.gocmeniz.biz\/?cat=5"},"img":{"alt_text":"","src":"","width":0,"height":0},"classes":[]},{"id":946,"url":"https:\/\/www.gocmeniz.biz\/?p=946","url_meta":{"origin":43,"position":4},"title":"STUD\u0130O LIVE&#8217;DA BALKAN ATE\u015e\u0130","author":"Haberci","date":"23 Mart 2009","format":false,"excerpt":"Bahara merhaba derken Balkan ate\u015fini yeniden yakmaya haz\u0131r olun!Balkan Fiesta Serkan \u00c7a\u011fr\u0131 Ve Rumeli Band 28 Mart Cumartesi gecesi Studio Live'da.\u00a0Studio Live'da art\u0131k bir klasik haline gelen Balkan Fiesta bu kez d\u00fcnya \u00e7ap\u0131nda \u00fcnl\u00fc bir klarnet virt\u00f6z\u00fcn\u00fc konuk ediyor: Serkan \u00c7a\u011fr\u0131 & Rumeli Band.Ge\u00e7mi\u015ften\u00a0 g\u00fcn\u00fcm\u00fcze Rumeli ad\u0131yla bilinen topraklarda ya\u015fam\u0131\u015f\u2026","rel":"","context":"&quot;Haberler&quot; i\u00e7inde","block_context":{"text":"Haberler","link":"https:\/\/www.gocmeniz.biz\/?cat=5"},"img":{"alt_text":"","src":"","width":0,"height":0},"classes":[]},{"id":2095,"url":"https:\/\/www.gocmeniz.biz\/?p=2095","url_meta":{"origin":43,"position":5},"title":"Vatan yahut Silistre","author":"Haberci","date":"11 Mart 2010","format":false,"excerpt":"Sene 1854...Kale bizim; 10 bin ki\u015fiyiz. Rus ordusu kap\u0131ya dayanm\u0131\u015f, 80 bin ki\u015fi; bo\u011faz bo\u011faza, fena kap\u0131\u015fma oluyor... \u0130slam bey, yi\u011fit adam, ecdad\u0131nda 42 \u015fehit var, uzaktan seyretmeyi kendine yediremiyor, g\u00f6n\u00fcll\u00fc olarak kaleye gitmeye karar veriyor. \u00c2\u015f\u0131k ayn\u0131 zamanda... Sevdi\u011fine u\u011fruyor, vedala\u015f\u0131yor, duygusal durumlar ya\u015fan\u0131yor. Sevgilisi Zekiye... O da bir\u2026","rel":"","context":"&quot;Haberler&quot; i\u00e7inde","block_context":{"text":"Haberler","link":"https:\/\/www.gocmeniz.biz\/?cat=5"},"img":{"alt_text":"","src":"","width":0,"height":0},"classes":[]}],"jetpack_sharing_enabled":true,"jetpack_likes_enabled":true,"_links":{"self":[{"href":"https:\/\/www.gocmeniz.biz\/index.php?rest_route=\/wp\/v2\/posts\/43","targetHints":{"allow":["GET"]}}],"collection":[{"href":"https:\/\/www.gocmeniz.biz\/index.php?rest_route=\/wp\/v2\/posts"}],"about":[{"href":"https:\/\/www.gocmeniz.biz\/index.php?rest_route=\/wp\/v2\/types\/post"}],"author":[{"embeddable":true,"href":"https:\/\/www.gocmeniz.biz\/index.php?rest_route=\/wp\/v2\/users\/11"}],"replies":[{"embeddable":true,"href":"https:\/\/www.gocmeniz.biz\/index.php?rest_route=%2Fwp%2Fv2%2Fcomments&post=43"}],"version-history":[{"count":0,"href":"https:\/\/www.gocmeniz.biz\/index.php?rest_route=\/wp\/v2\/posts\/43\/revisions"}],"wp:attachment":[{"href":"https:\/\/www.gocmeniz.biz\/index.php?rest_route=%2Fwp%2Fv2%2Fmedia&parent=43"}],"wp:term":[{"taxonomy":"category","embeddable":true,"href":"https:\/\/www.gocmeniz.biz\/index.php?rest_route=%2Fwp%2Fv2%2Fcategories&post=43"},{"taxonomy":"post_tag","embeddable":true,"href":"https:\/\/www.gocmeniz.biz\/index.php?rest_route=%2Fwp%2Fv2%2Ftags&post=43"}],"curies":[{"name":"wp","href":"https:\/\/api.w.org\/{rel}","templated":true}]}}