{"id":506,"date":"2008-09-11T09:38:04","date_gmt":"2008-09-11T06:38:04","guid":{"rendered":"http:\/\/www.gocmeniz.biz\/?p=506"},"modified":"2008-09-11T09:39:39","modified_gmt":"2008-09-11T06:39:39","slug":"yazar-huseyin-guntekinden-duyuru","status":"publish","type":"post","link":"https:\/\/www.gocmeniz.biz\/?p=506","title":{"rendered":"Yazar H\u00fcseyin G\u00fcntekin&#8217;den Duyuru"},"content":{"rendered":"<p><img data-recalc-dims=\"1\"  title=\"\"  alt=\"huseyinguntekin Yazar H\u00fcseyin G\u00fcntekin&#039;den Duyuru\" loading=\"lazy\" decoding=\"async\" style=\"max-width: 800px; float: left; margin-top: 10px; margin-bottom: 10px; margin-right: 10px;\" src=\"https:\/\/i0.wp.com\/www.gocmeniz.biz\/images\/huseyinguntekin.jpg?resize=95%2C111&#038;ssl=1\" width=\"95\" height=\"111\" \/><big><b>Sayg\u0131de\u011fer \u00fcyeler,<br \/>pek muhterem karde\u015flerim ve G\u00f6\u00e7meniz.Biz adminleri.<br \/><\/b><br \/>Hayli zamandan beri siteye giremedim \u00e7\u00fcnk\u00fc bir tak\u0131m \u00f6nemli i\u015flerim vard\u0131.<br \/>Ben size \u015fu duyuruyu da yapmak istiyorum<b> &#8220;G\u00f6n\u00fcl Yaras\u0131&#8221; <\/b>\u015fiir kitab\u0131ndan sonra<b> &#8220;Tursunk\u00f6y&#8221; <\/b>s\u00fclale ara\u015ft\u0131rmas\u0131 kitab\u0131n\u0131 Temmuz ay\u0131nda bask\u0131dan \u00e7\u0131kartt\u0131m. <br \/>Bu duyuruyu yapmak i\u00e7in bu mesaj\u0131 site okuyucalar\u0131na bildirmeyi uygun buldum.<\/big><\/p>\n","protected":false},"excerpt":{"rendered":"<p>Sayg\u0131de\u011fer \u00fcyeler,pek muhterem karde\u015flerim ve G\u00f6\u00e7meniz.Biz adminleri.Hayli zamandan beri siteye giremedim \u00e7\u00fcnk\u00fc bir tak\u0131m \u00f6nemli i\u015flerim vard\u0131.Ben size \u015fu duyuruyu da yapmak istiyorum &#8220;G\u00f6n\u00fcl Yaras\u0131&#8221; \u015fiir kitab\u0131ndan sonra &#8220;Tursunk\u00f6y&#8221; s\u00fclale ara\u015ft\u0131rmas\u0131 kitab\u0131n\u0131 Temmuz ay\u0131nda bask\u0131dan \u00e7\u0131kartt\u0131m. Bu duyuruyu yapmak i\u00e7in bu mesaj\u0131 site okuyucalar\u0131na bildirmeyi uygun buldum.<\/p>\n","protected":false},"author":331,"featured_media":0,"comment_status":"open","ping_status":"open","sticky":false,"template":"","format":"standard","meta":{"advanced_seo_description":"","jetpack_seo_html_title":"","jetpack_seo_noindex":false,"ngg_post_thumbnail":0,"jetpack_post_was_ever_published":false,"_jetpack_newsletter_access":"","_jetpack_dont_email_post_to_subs":false,"_jetpack_newsletter_tier_id":0,"_jetpack_memberships_contains_paywalled_content":false,"_jetpack_memberships_contains_paid_content":false,"footnotes":""},"categories":[8,31],"tags":[],"class_list":["post-506","post","type-post","status-publish","format-standard","hentry","category-duyurular","category-huseyin-guntekin"],"jetpack_featured_media_url":"","jetpack_shortlink":"https:\/\/wp.me\/paHHlZ-8a","jetpack-related-posts":[{"id":922,"url":"https:\/\/www.gocmeniz.biz\/?p=922","url_meta":{"origin":506,"position":0},"title":"&#8220;13. SOFYA F\u0130LM FEST&#8221;DE 2 T\u00dcRK Y\u00d6NETMEN \u00d6D\u00dcL ALDI","author":"Haberci","date":"17 Mart 2009","format":false,"excerpt":"Bulgaristan'da her y\u0131l geleneksel olarak d\u00fczenlenen, \u00fclkenin en \u00f6nemli uluslararas\u0131 film etkinli\u011fi olarak kabul edilen \"Sofya Film Fest\" festivalinde iki T\u00fcrk y\u00f6netmen \u00f6d\u00fcl ald\u0131.Bu y\u0131l 13'\u00fcnc\u00fcs\u00fc d\u00fczenlenen festivalde \u00d6zkan Alper, T\u00fcrk-Alman ortak yap\u0131m\u0131 \"Sonbahar\" filmiyle \"En \u0130yi Y\u00f6netmen\", H\u00fcseyin Karabey de \"Benim Marlon ve Brandom\" filmiyle \"En \u0130yi Balkan Filmi\"\u2026","rel":"","context":"&quot;Haberler&quot; i\u00e7inde","block_context":{"text":"Haberler","link":"https:\/\/www.gocmeniz.biz\/?cat=5"},"img":{"alt_text":"","src":"","width":0,"height":0},"classes":[]},{"id":248,"url":"https:\/\/www.gocmeniz.biz\/?p=248","url_meta":{"origin":506,"position":1},"title":"H\u00fcseyin G\u00fcntekin&#8217;den Mesaj","author":"Admin","date":"20 Aral\u0131k 2007","format":false,"excerpt":"Ben H\u00fcseyin G\u00fcntekin, G\u00f6\u00e7meniz Biz sitesine \u00fcye olmak i\u00e7in bana yard\u0131m etti\u011finiz i\u00e7in Site y\u00f6neticilerine \u00e7ok \u00e7ok te\u015fekk\u00fcr ediyorum . \u00d6zellikle Sever ve Mehmet\u2019e bu yard\u0131mlar\u0131ndan dolay\u0131 \u00e7ok \u00e7ok te\u015fekk\u00fcrler ediyorum. Bilserniz beni nekadar memnun ettiniz. Siz bana bu siteyi bir bayram hediyesi olarak takdim ettiniz. Siz bana en b\u00fcy\u00fck\u2026","rel":"","context":"&quot;H\u00fcseyin G\u00fcntekin&quot; i\u00e7inde","block_context":{"text":"H\u00fcseyin G\u00fcntekin","link":"https:\/\/www.gocmeniz.biz\/?cat=31"},"img":{"alt_text":"","src":"","width":0,"height":0},"classes":[]},{"id":1523,"url":"https:\/\/www.gocmeniz.biz\/?p=1523","url_meta":{"origin":506,"position":2},"title":"Tursunk\u00f6y Pikni\u011fi. (Yazar H\u00fcseyin G\u00fcntekin&#8217;den Duyuru)","author":"huseyin","date":"08 Temmuz 2009","format":false,"excerpt":"D U Y U R U TURSUNK\u00d6Y GELENEKSEL E\u011eLENCE P\u0130KN\u0130\u011e\u0130 GELECEK YILA 30 MAYIS 2010 DA PAZAR G\u00dcN\u00dc OLACAK . BU KARAR ,P\u0130KN\u0130K Y\u00d6NET\u0130C\u0130LER\u0130 TARAFINDAN ALINMI\u015eTIR.BU G\u00dcNDE H\u0130\u00c7 K\u0130MSE D\u00dc\u011e\u00dcN,N\u0130\u015eAN .MEVL\u0130T.DO\u011eUM G\u00dcN\u00dc VE D\u0130\u011eER \u00d6RF ADETLER\u0130 L\u00dcTFEN BU G\u00dcNE DENK GET\u0130RMES\u0130NLER . B\u00dcT\u00dcN TURSUN K\u00d6YL\u00dcLERE VE \u0130LG\u0130L\u0130LERE \u00d6NEMLE DUYURULUR P\u0130KN\u0130K\u2026","rel":"","context":"&quot;Duyurular&quot; i\u00e7inde","block_context":{"text":"Duyurular","link":"https:\/\/www.gocmeniz.biz\/?cat=8"},"img":{"alt_text":"","src":"https:\/\/i0.wp.com\/img189.imageshack.us\/img189\/9333\/yeniresim1m.png?resize=350%2C200","width":350,"height":200},"classes":[]},{"id":538,"url":"https:\/\/www.gocmeniz.biz\/?p=538","url_meta":{"origin":506,"position":3},"title":"Bulgaristan&#8217;da uyu\u015fturucu operasyonu","author":"Haberci","date":"18 Ekim 2008","format":false,"excerpt":"A.A.Bulgaristan'\u0131n kuzeydo\u011fusundaki Razgrad kentinde d\u00fczenlenen operasyonda 50 kilo amfetamin ele ge\u00e7irildi\u011fi a\u00e7\u0131kland\u0131.Ulusal Soru\u015fturma Servisinden yap\u0131lan a\u00e7\u0131klamada, Devlet Ulusal G\u00fcvenlik Servisi (DANS) ile Razgrad b\u00f6lge savc\u0131l\u0131\u011f\u0131n\u0131n ortakla\u015fa d\u00fczenledi\u011fi operasyonda H\u00fcseyin H\u00fcseyin ve Kadir Kadir adl\u0131 Bulgar vatanda\u015flar\u0131n\u0131n evlerinde arama yap\u0131ld\u0131\u011f\u0131 belirtildi.Aramada, bir s\u00fcredir takibe al\u0131nan iki zanl\u0131n\u0131n evlerinde toz halinde 50\u2026","rel":"","context":"&quot;Haberler&quot; i\u00e7inde","block_context":{"text":"Haberler","link":"https:\/\/www.gocmeniz.biz\/?cat=5"},"img":{"alt_text":"","src":"","width":0,"height":0},"classes":[]},{"id":252,"url":"https:\/\/www.gocmeniz.biz\/?p=252","url_meta":{"origin":506,"position":4},"title":"Bayram Sabah\u0131","author":"Admin","date":"22 Aral\u0131k 2007","format":false,"excerpt":"Bayram Sabah\u0131 Bayram sabah\u0131n\u0131 \u015f\u00f6yle bir d\u00fc\u015f\u00fcn\u00fcn Hele \u00f6lm\u00fc\u015f\u00fc olan o g\u00fcn, \u00e7ok \u00fczg\u00fcn Bayram sabah\u0131 belli olur. \u00d6lenin k\u0131ymeti bu sabah ac\u0131 a\u011f\u0131tlar yak\u0131l\u0131r \u00f6l\u00fcm\u00fcne . Bayram sabah\u0131 \u015f\u00f6yle d\u00fc\u015f\u00fcn\u00fcn Sokaklarda \u00e7\u0131plak ayakla gezeni Bald\u0131r\u0131 a\u00e7\u0131k pantolonu y\u0131rt\u0131k olan\u0131 Bayram sabah\u0131 eti b\u0131rak bir ka\u015f\u0131k, S\u0131cak \u00e7orbaya hasret kalan\u0131\u2026","rel":"","context":"&quot;H\u00fcseyin G\u00fcntekin&quot; i\u00e7inde","block_context":{"text":"H\u00fcseyin G\u00fcntekin","link":"https:\/\/www.gocmeniz.biz\/?cat=31"},"img":{"alt_text":"","src":"","width":0,"height":0},"classes":[]},{"id":483,"url":"https:\/\/www.gocmeniz.biz\/?p=483","url_meta":{"origin":506,"position":5},"title":"BURSA&#8217;DA ZAFER BAYRAMI KUTLAMALARINA BALKAN EK\u0130PLER\u0130 KATILACAK","author":"Haberci","date":"07 A\u011fustos 2008","format":false,"excerpt":"Nam\u0131kkemal Halk Oyunlar\u0131 Derne\u011fi'nin (NAKEM), Osmangazi Belediyesi ile ortakla\u015fa d\u00fczenledi\u011fi ''Zafer Bayram\u0131 Kutlamalar\u0131''na Makedonya, Arnautluk, Kosova, Bosna Hersek ve Bulgaristan'dan 6 halkoyunu ekibi kat\u0131lacak.Bu y\u0131l 4.s\u00fc d\u00fczenlenecek olan kutlamalar hakk\u0131nda bilgi veren Nakem Ba\u015fkan\u0131 H\u00fcseyin \u00d6zkan, 23-24 A\u011fustos tarihlerinde ger\u00e7ekle\u015ftirilecek kutlamalarla ilgili haz\u0131rl\u0131klar\u0131n son a\u015famaya geldi\u011fini s\u00f6yledi.Balkan ekiplerinin davetlerini kabul\u2026","rel":"","context":"&quot;Haberler&quot; i\u00e7inde","block_context":{"text":"Haberler","link":"https:\/\/www.gocmeniz.biz\/?cat=5"},"img":{"alt_text":"","src":"","width":0,"height":0},"classes":[]}],"jetpack_sharing_enabled":true,"jetpack_likes_enabled":true,"_links":{"self":[{"href":"https:\/\/www.gocmeniz.biz\/index.php?rest_route=\/wp\/v2\/posts\/506","targetHints":{"allow":["GET"]}}],"collection":[{"href":"https:\/\/www.gocmeniz.biz\/index.php?rest_route=\/wp\/v2\/posts"}],"about":[{"href":"https:\/\/www.gocmeniz.biz\/index.php?rest_route=\/wp\/v2\/types\/post"}],"author":[{"embeddable":true,"href":"https:\/\/www.gocmeniz.biz\/index.php?rest_route=\/wp\/v2\/users\/331"}],"replies":[{"embeddable":true,"href":"https:\/\/www.gocmeniz.biz\/index.php?rest_route=%2Fwp%2Fv2%2Fcomments&post=506"}],"version-history":[{"count":0,"href":"https:\/\/www.gocmeniz.biz\/index.php?rest_route=\/wp\/v2\/posts\/506\/revisions"}],"wp:attachment":[{"href":"https:\/\/www.gocmeniz.biz\/index.php?rest_route=%2Fwp%2Fv2%2Fmedia&parent=506"}],"wp:term":[{"taxonomy":"category","embeddable":true,"href":"https:\/\/www.gocmeniz.biz\/index.php?rest_route=%2Fwp%2Fv2%2Fcategories&post=506"},{"taxonomy":"post_tag","embeddable":true,"href":"https:\/\/www.gocmeniz.biz\/index.php?rest_route=%2Fwp%2Fv2%2Ftags&post=506"}],"curies":[{"name":"wp","href":"https:\/\/api.w.org\/{rel}","templated":true}]}}