{"id":54,"date":"2007-04-16T22:23:05","date_gmt":"2007-04-16T20:23:05","guid":{"rendered":"http:\/\/www.gocmeniz.biz\/?p=54"},"modified":"2007-04-16T22:23:05","modified_gmt":"2007-04-16T20:23:05","slug":"sineye-cekilen-sevdalar","status":"publish","type":"post","link":"https:\/\/www.gocmeniz.biz\/?p=54","title":{"rendered":"Sineye \u00c7ekilen Sevdalar"},"content":{"rendered":"<p>        G\u00f6z g\u00f6ze gelmekten \u00e7ekiniyorlard\u0131.\u0130kisi de bir y\u00f6nden su\u00e7lu olduklar\u0131n\u0131 biliyordu.Ger\u00e7ek, \u015fuydu ki ; ayr\u0131l\u0131k vaktini haber veriyordu \u00e7anlar\u2026<\/p>\n<p>         Birer ad\u0131m geriye \u00e7ekilmi\u015f, ya\u015fad\u0131klar\u0131n\u0131, hayatlar\u0131n\u0131 g\u00f6zden ge\u00e7iriyorlard\u0131.Yapt\u0131klar iyi ve k\u00f6t\u00fcleri,do\u011frular\u0131 ve yanl\u0131\u015flar\u0131 bir kefeye koyup tart\u0131yorlard\u0131 zihinlerinde.Birka\u00e7 saniyeli, onlar i\u00e7in kim bilir ka\u00e7 \u00f6m\u00fcrl\u00fck zaman ge\u00e7ti.Ard\u0131ndan k\u0131z, a\u011flamaya ba\u015flad\u0131.Erkek \u00fcz\u00fcl\u00fcyordu, ama o k\u00f6r olas\u0131 o gurur, kollar\u0131na almas\u0131na engel oluyordu 4 y\u0131ll\u0131k sevgilisini\u2026<\/p>\n<p>        Kar\u015f\u0131l\u0131k bulamay\u0131nca k\u00f6\u015feye \u00e7ekilen, korkular\u0131 ile y\u00fczle\u015fmekten korkan zavall\u0131lar gibiydi ikisi de..Sinelerinde tehlikelerden uzak de\u011fillerdi, her an bir b\u0131\u00e7ak saplanabilirdi kalplerine\u2026Onlar, bu olay\u0131 \u00e7oktan atlatm\u0131\u015flard\u0131, sinelerinden \u00e7\u0131kmak ac\u0131 son oldu onlara.Rahat olduklar\u0131 k\u00f6\u015felerinde birbirilerinden koptular, hayatlar\u0131nda yeni odalara yer a\u00e7t\u0131lar.Her oday\u0131 dolduracak birilerine de\u2026<\/p>\n<p>          \u015eimdi sinelerinden \u00e7\u0131k\u0131p y\u00fczle\u015ftiler.\u00d6nce birbirilerini tan\u0131yamad\u0131lar.Art\u0131k \u00e7ok iyi anl\u0131yorlard\u0131 neleri yitirdiklerini\u2026Sessizlikte yank\u0131lan bir g\u00fcr\u00fclt\u00fc ile ayr\u0131lm\u0131\u015flard\u0131.<\/p>\n<p>        Duraksad\u0131m.\u0130nsan, \u00fczerine toz konmad\u0131k\u00e7a silkelenmez; o tozu g\u00f6rmedik\u00e7e de yer de\u011fi\u015ftirmez.Ben o tozlar\u0131 g\u00f6r\u00fcyordum.Bulut olmu\u015flard\u0131, \u00e7\u00f6k\u00fcyorlard\u0131 \u00fczerlerimize.Kendime, sonra da sinenden \u00e7\u0131kman\u0131 bekledi\u011fim sana sordum ;<\/p>\n<p> \u201cAcaba a\u015fk var m\u0131yd\u0131?<br \/>\n                          Yokla ceplerini\u2026K\u0131r\u0131nt\u0131lar\u0131n\u0131 sakla, \u00e7ek kokusunu son nefesinmi\u015f gibi\u2026\u201d<\/p>\n<p>Farkl\u0131 buldu\u011fum i\u00e7in payla\u015fmak istedim.        \ud83d\ude42<\/p>\n","protected":false},"excerpt":{"rendered":"<p>G\u00f6z g\u00f6ze gelmekten \u00e7ekiniyorlard\u0131.\u0130kisi de bir y\u00f6nden su\u00e7lu olduklar\u0131n\u0131 biliyordu.Ger\u00e7ek, \u015fuydu ki ; ayr\u0131l\u0131k vaktini haber veriyordu \u00e7anlar\u2026 Birer ad\u0131m geriye \u00e7ekilmi\u015f, ya\u015fad\u0131klar\u0131n\u0131, hayatlar\u0131n\u0131 g\u00f6zden ge\u00e7iriyorlard\u0131.Yapt\u0131klar iyi ve k\u00f6t\u00fcleri,do\u011frular\u0131 ve yanl\u0131\u015flar\u0131 bir kefeye koyup tart\u0131yorlard\u0131 zihinlerinde.Birka\u00e7 saniyeli, onlar i\u00e7in kim bilir ka\u00e7 \u00f6m\u00fcrl\u00fck zaman ge\u00e7ti.Ard\u0131ndan k\u0131z, a\u011flamaya ba\u015flad\u0131.Erkek \u00fcz\u00fcl\u00fcyordu, ama o k\u00f6r olas\u0131 o gurur, [&hellip;]<\/p>\n","protected":false},"author":11,"featured_media":0,"comment_status":"open","ping_status":"open","sticky":false,"template":"","format":"standard","meta":{"advanced_seo_description":"","jetpack_seo_html_title":"","jetpack_seo_noindex":false,"ngg_post_thumbnail":0,"jetpack_post_was_ever_published":false,"_jetpack_newsletter_access":"","_jetpack_dont_email_post_to_subs":false,"_jetpack_newsletter_tier_id":0,"_jetpack_memberships_contains_paywalled_content":false,"_jetpack_memberships_contains_paid_content":false,"footnotes":""},"categories":[16],"tags":[],"class_list":["post-54","post","type-post","status-publish","format-standard","hentry","category-melek"],"jetpack_featured_media_url":"","jetpack_shortlink":"https:\/\/wp.me\/paHHlZ-S","jetpack-related-posts":[{"id":750,"url":"https:\/\/www.gocmeniz.biz\/?p=750","url_meta":{"origin":54,"position":0},"title":"THY Bulgarlar\u0131 k\u0131zd\u0131rd\u0131","author":"Haberci","date":"02 Ocak 2009","format":false,"excerpt":"\u0130smail \u015eAH\u0130N-DI\u015e HABERLERSofya\u2019da \u00e7ekilen reklamda Bulgar oyuncular\u0131n yer almas\u0131n\u0131 Bulgar milliyet\u00e7ileri \u201cBizimkiler T\u00fcrklere \u00e7al\u0131\u015f\u0131yor\u201d diye ele\u015ftirdi.T\u00fcrk Hava Yollar\u0131\u2019n\u0131n uluslararas\u0131 televizyon kanallar\u0131nda g\u00f6sterilmek \u00fczere haz\u0131rlad\u0131\u011f\u0131 k\u0131rm\u0131z\u0131 hal\u0131l\u0131 yeni reklam filmi Bulgaristan\u2019da b\u00fcy\u00fck tart\u0131\u015fmalara neden oldu. \u00dclkenin en b\u00fcy\u00fck gazetesi olan 24 Chasa (24 saat) iki aydan beri d\u00fcnya televizyonlar\u0131na g\u00f6sterilen Julian\u2026","rel":"","context":"&quot;Haberler&quot; i\u00e7inde","block_context":{"text":"Haberler","link":"https:\/\/www.gocmeniz.biz\/?cat=5"},"img":{"alt_text":"","src":"","width":0,"height":0},"classes":[]},{"id":1306,"url":"https:\/\/www.gocmeniz.biz\/?p=1306","url_meta":{"origin":54,"position":1},"title":"Survivor&#8217;da \u015fok \u00f6l\u00fcm","author":"Haberci","date":"01 Haziran 2009","format":false,"excerpt":"Bulgaristan'da yay\u0131nlanan \"Survivor\" isimli yar\u0131\u015fma program\u0131n\u0131n \u00e7ekimleri s\u0131ras\u0131nda beklenmeyen bir durum ya\u015fand\u0131. Filipinler'de \u00e7ekilen yar\u0131\u015fman\u0131n etaplar\u0131ndan birini tamamlayan Bulgar yar\u0131\u015fmac\u0131, kalp krizi ge\u00e7irerek hayat\u0131n\u0131 kaybetti.Filipinler'in Camarines Sur b\u00f6lgesine ba\u011fl\u0131 Caramoan kasabas\u0131ndaki Gota Beach Resort'te yap\u0131lan \"Survivor Bulgaristan\" \u00e7ekimlerinde ya\u015fanan \u00f6l\u00fcm olay\u0131 yar\u0131\u015fmay\u0131 d\u00fczenleyen ekibi \u015fok etti.Yar\u0131\u015fman\u0131n etaplar\u0131ndan birini tamamlayan Noncho\u2026","rel":"","context":"&quot;Haberler&quot; i\u00e7inde","block_context":{"text":"Haberler","link":"https:\/\/www.gocmeniz.biz\/?cat=5"},"img":{"alt_text":"","src":"","width":0,"height":0},"classes":[]},{"id":9725,"url":"https:\/\/www.gocmeniz.biz\/?p=9725","url_meta":{"origin":54,"position":2},"title":"Ayasofya\u2019da \u2018Ya Ortodoksluk ya \u00f6l\u00fcm\u2019 yaz\u0131l\u0131 sancak a\u00e7an Yunan turistler tutukland\u0131","author":"Admin","date":"14 Nisan 2026","format":false,"excerpt":"Bizans \u00e7ift ba\u015fl\u0131 kartal\u0131n\u0131n da resmedildi\u011fi sanca\u011f\u0131 a\u00e7\u0131p foto\u011fraf \u00e7ekilen turistler, tutuklanarak cezaevine g\u00f6nderildi. Ayasofya Camisi\u2019nde \u00fczerinde \u201cYa Ortodoksluk ya \u00f6l\u00fcm\u201d ifadeleri ve Bizans \u0130mparatorlu\u011fu\u2019nun kulland\u0131\u011f\u0131 \u00e7ift ba\u015fl\u0131 kartal bulunan bir sancak a\u00e7an Yunan turistler tutukland\u0131. Yunanistan\u2019dan Ayasofya\u2019ya 9 Nisan\u2019da bir turist kafilesi ile gelen turistlerin \u00fczerinin arand\u0131\u011f\u0131 g\u00fcvenlik kameralar\u0131na\u2026","rel":"","context":"&quot;Haberler&quot; i\u00e7inde","block_context":{"text":"Haberler","link":"https:\/\/www.gocmeniz.biz\/?cat=5"},"img":{"alt_text":"","src":"https:\/\/i0.wp.com\/www.gocmeniz.biz\/wp-content\/1366x768_cmsv2_4c772329-16a0-5463-b77f-61d65c77eb07-9721897.webp?fit=1200%2C675&ssl=1&resize=350%2C200","width":350,"height":200,"srcset":"https:\/\/i0.wp.com\/www.gocmeniz.biz\/wp-content\/1366x768_cmsv2_4c772329-16a0-5463-b77f-61d65c77eb07-9721897.webp?fit=1200%2C675&ssl=1&resize=350%2C200 1x, https:\/\/i0.wp.com\/www.gocmeniz.biz\/wp-content\/1366x768_cmsv2_4c772329-16a0-5463-b77f-61d65c77eb07-9721897.webp?fit=1200%2C675&ssl=1&resize=525%2C300 1.5x, https:\/\/i0.wp.com\/www.gocmeniz.biz\/wp-content\/1366x768_cmsv2_4c772329-16a0-5463-b77f-61d65c77eb07-9721897.webp?fit=1200%2C675&ssl=1&resize=700%2C400 2x, https:\/\/i0.wp.com\/www.gocmeniz.biz\/wp-content\/1366x768_cmsv2_4c772329-16a0-5463-b77f-61d65c77eb07-9721897.webp?fit=1200%2C675&ssl=1&resize=1050%2C600 3x"},"classes":[]},{"id":366,"url":"https:\/\/www.gocmeniz.biz\/?p=366","url_meta":{"origin":54,"position":3},"title":"9000 Yaprak Ka\u011f\u0131ttan Reklam Filmi","author":"Haberci","date":"02 May\u0131s 2008","format":false,"excerpt":"Bir artistin \u00e7al\u0131\u015fmas\u0131ndan etkilenen reklamc\u0131lar bu ki\u015fiyle ba\u011flant\u0131ya ge\u00e7erek \u00e7al\u0131\u015fmas\u0131n\u0131 bir reklam filminde kullanmak istemi\u015fler. Ortaya ka\u011f\u0131t heykelciklerle \u00e7ekilen bir \u015farap reklam\u0131 \u00e7\u0131kart\u0131lm\u0131\u015f. Reklam filminde 9000 yaprak ka\u011f\u0131t harcanm\u0131\u015f.","rel":"","context":"&quot;Haberler&quot; i\u00e7inde","block_context":{"text":"Haberler","link":"https:\/\/www.gocmeniz.biz\/?cat=5"},"img":{"alt_text":"","src":"","width":0,"height":0},"classes":[]},{"id":501,"url":"https:\/\/www.gocmeniz.biz\/?p=501","url_meta":{"origin":54,"position":4},"title":"HAVADA SOL MOTORU DURAN BULGAR U\u00c7A\u011eI \u0130STANBUL&#8217;A AC\u0130L \u0130N\u0130\u015e YAPTI","author":"Haberci","date":"06 Eyl\u00fcl 2008","format":false,"excerpt":"Bulgar Havayollar\u0131'n\u0131n, Antalya'dan Sofya'ya giden u\u00e7a\u011f\u0131, sol motorundan alev \u00e7\u0131k\u0131p durunca Atat\u00fcrk Havaliman\u0131'na acil ini\u015f yapt\u0131.Al\u0131nan bilgiye g\u00f6re; m\u00fcrettebatla birlikte 148 ki\u015fi ve bir de bebe\u011fin bulundu\u011fu A 319 tipi u\u00e7a\u011f\u0131n sol motorundan \u00f6nce patlama sesi duyuldu. Ard\u0131ndan k\u0131sa s\u00fcreli alev \u00e7\u0131kan u\u00e7a\u011f\u0131n sol motoru havada durdu. Bulgar turist kafilesini\u2026","rel":"","context":"&quot;Haberler&quot; i\u00e7inde","block_context":{"text":"Haberler","link":"https:\/\/www.gocmeniz.biz\/?cat=5"},"img":{"alt_text":"","src":"","width":0,"height":0},"classes":[]},{"id":1155,"url":"https:\/\/www.gocmeniz.biz\/?p=1155","url_meta":{"origin":54,"position":5},"title":"BULGAR F\u0130LM\u0130YLE CANNES&#8217;A G\u0130D\u0130YORLAR","author":"Haberci","date":"04 May\u0131s 2009","format":false,"excerpt":"HAT\u0130CE ASLAN, SAADET I\u015eIL ATASOY VE KEREM ATABEYO\u011eLU, BULGAR Y\u00d6NETMEN KAMEN KALEV'\u0130N 'EASTREN PLAYS' \u0130S\u0130ML\u0130 F\u0130LM\u0130NDE ROL ALMI\u015eLARDI....Uluslararas\u0131 bir oyuncu kadrosuyla \u00e7ekilen film i\u00e7in Hatice Aslan, y\u00f6netmen Kamen Kalev'in k\u0131sa filmlerinin de \u00e7ok g\u00fczel oldu\u011funa dikkat \u00e7ekti.Filmle ilgili bilgiler veren oyunculardan Kerem Atabeyo\u011flu, 'Ak\u0131l dolu bir ekiple \u00e7al\u0131\u015ft\u0131k. T\u00fcrkiye'de de\u2026","rel":"","context":"&quot;Haberler&quot; i\u00e7inde","block_context":{"text":"Haberler","link":"https:\/\/www.gocmeniz.biz\/?cat=5"},"img":{"alt_text":"","src":"","width":0,"height":0},"classes":[]}],"jetpack_sharing_enabled":true,"jetpack_likes_enabled":true,"_links":{"self":[{"href":"https:\/\/www.gocmeniz.biz\/index.php?rest_route=\/wp\/v2\/posts\/54","targetHints":{"allow":["GET"]}}],"collection":[{"href":"https:\/\/www.gocmeniz.biz\/index.php?rest_route=\/wp\/v2\/posts"}],"about":[{"href":"https:\/\/www.gocmeniz.biz\/index.php?rest_route=\/wp\/v2\/types\/post"}],"author":[{"embeddable":true,"href":"https:\/\/www.gocmeniz.biz\/index.php?rest_route=\/wp\/v2\/users\/11"}],"replies":[{"embeddable":true,"href":"https:\/\/www.gocmeniz.biz\/index.php?rest_route=%2Fwp%2Fv2%2Fcomments&post=54"}],"version-history":[{"count":0,"href":"https:\/\/www.gocmeniz.biz\/index.php?rest_route=\/wp\/v2\/posts\/54\/revisions"}],"wp:attachment":[{"href":"https:\/\/www.gocmeniz.biz\/index.php?rest_route=%2Fwp%2Fv2%2Fmedia&parent=54"}],"wp:term":[{"taxonomy":"category","embeddable":true,"href":"https:\/\/www.gocmeniz.biz\/index.php?rest_route=%2Fwp%2Fv2%2Fcategories&post=54"},{"taxonomy":"post_tag","embeddable":true,"href":"https:\/\/www.gocmeniz.biz\/index.php?rest_route=%2Fwp%2Fv2%2Ftags&post=54"}],"curies":[{"name":"wp","href":"https:\/\/api.w.org\/{rel}","templated":true}]}}