{"id":9734,"date":"2026-05-01T19:29:03","date_gmt":"2026-05-01T16:29:03","guid":{"rendered":"https:\/\/www.gocmeniz.biz\/?p=9734"},"modified":"2026-05-01T19:29:05","modified_gmt":"2026-05-01T16:29:05","slug":"gurcistanda-8-bin-yillik-bugday-izi-ekmeklik-bugdayin-kokeni-yeniden-yaziliyor","status":"publish","type":"post","link":"https:\/\/www.gocmeniz.biz\/?p=9734","title":{"rendered":"G\u00fcrcistan&#8217;da 8 Bin Y\u0131ll\u0131k Bu\u011fday \u0130zi: Ekmeklik Bu\u011fday\u0131n K\u00f6keni Yeniden Yaz\u0131l\u0131yor"},"content":{"rendered":"\n<p>G\u00fcrcistan&#8217;da y\u00fcr\u00fct\u00fclen arkeolojik kaz\u0131larda bulunan Neolitik d\u00f6neme ait bir kerpi\u00e7 par\u00e7as\u0131ndaki k\u00fc\u00e7\u00fck bir iz, insanl\u0131k tarihini derinden etkileyen bir ke\u015ffe kap\u0131 aralad\u0131. PNAS dergisinde yay\u0131mlanan yeni bir ara\u015ft\u0131rmaya g\u00f6re, ekmeklik bu\u011fday muhtemelen yakla\u015f\u0131k 8.000 y\u0131l \u00f6nce, daha \u00f6nce evcille\u015ftirilmi\u015f bu\u011fday ile yabani bir ot t\u00fcr\u00fcn\u00fcn do\u011fal melezle\u015fmesiyle G\u00fcney Kafkasya&#8217;da ortaya \u00e7\u0131kt\u0131. <\/p>\n\n\n\n<p>Bulgular, G\u00fcrcistan Ulusal M\u00fczesi&#8217;nin Gadachrili Gora ve Shulaveris Gora&#8217;daki arkeolojik \u00e7al\u0131\u015fmalar\u0131na dayan\u0131yor. Kaz\u0131larda antik kerpi\u00e7te korunmu\u015f bu\u011fday ba\u015fa\u011f\u0131 izleri ile erken tar\u0131msal denemelere i\u015faret eden bitki kal\u0131nt\u0131lar\u0131 g\u00fcn y\u00fcz\u00fcne \u00e7\u0131kar\u0131ld\u0131. <\/p>\n\n\n\n<p>Bu alanlar, yakla\u015f\u0131k 8.000 ila 7.300 y\u0131l \u00f6nce G\u00fcrcistan&#8217;\u0131n g\u00fcneydo\u011fusu, Azerbaycan&#8217;\u0131n bat\u0131s\u0131 ve Ermenistan&#8217;\u0131n kuzeyini kapsayan b\u00f6lgede geli\u015fen \u015eulaveri\u2013\u015eomutepe k\u00fclt\u00fcrel gelene\u011finin bir par\u00e7as\u0131. <\/p>\n\n\n\n<p>G\u00fcrcistan Ulusal M\u00fczesi Direkt\u00f6r\u00fc David Lordkipanidze, bulgunun \u00f6nemini \u015f\u00f6yle aktard\u0131: &#8220;Burada 8.000 y\u0131ll\u0131k ekmeklik bu\u011fday izleri var; ayr\u0131ca birka\u00e7 y\u0131l \u00f6nce yine burada 8.000 y\u0131ll\u0131k \u015farap yap\u0131m\u0131na dair izler de bulduk. G\u00fcrcistan&#8217;da 8.000 y\u0131l \u00f6ncesine uzanan ekmeklik bu\u011fday ve \u015farap \u00fcretimi izlerini ke\u015ffetti\u011fimizi art\u0131k kesin olarak s\u00f6yleyebiliriz.&#8221; <\/p>\n\n\n\n<p>M\u00fczenin paleoetnobotanisti Nana Rusishvili ise \u00f6rneklerin, erken d\u00f6nemde evcille\u015ftirilmi\u015f bu\u011fday\u0131n <em>Aegilops tauschii<\/em> adl\u0131 yabani bir ot t\u00fcr\u00fcyle melezlendi\u011fine i\u015faret etti\u011fini belirterek bu bulgular sayesinde G\u00fcrcistan&#8217;\u0131n ekmeklik bu\u011fday\u0131n evcille\u015ftirildi\u011fi merkezlerden biri olarak kabul edilebildi\u011fini vurgulad\u0131. <\/p>\n\n\n\n<p>Smithsonian Ulusal Do\u011fa Tarihi M\u00fczesi&#8217;nden arkeolog Melinda Zeder de ara\u015ft\u0131rman\u0131n, G\u00fcney Kafkasya&#8217;n\u0131n ilk \u00e7ift\u00e7ilerinin kom\u015fu b\u00f6lgelerle bilgi al\u0131\u015fveri\u015fi yapt\u0131\u011f\u0131n\u0131 ancak bunu yerel ko\u015fullara uyarlad\u0131\u011f\u0131n\u0131 g\u00f6sterdi\u011fini ve bunun ekmeklik bu\u011fday\u0131n ortaya \u00e7\u0131k\u0131\u015f\u0131n\u0131 G\u00fcney Kafkasya halk\u0131n\u0131n yarat\u0131c\u0131l\u0131\u011f\u0131n\u0131n bir \u00fcr\u00fcn\u00fc h\u00e2line getirdi\u011fini ifade etti. <\/p>\n\n\n\n<p>Kafkasya ve G\u00fcrcistan, Yukar\u0131 M\u0131s\u0131r&#8217;dan Mezopotamya&#8217;ya uzanan ve &#8220;Bereketli Hilal&#8221; olarak bilinen b\u00f6lgenin bir par\u00e7as\u0131n\u0131 olu\u015fturuyor. S\u0131kl\u0131kla &#8220;Uygarl\u0131\u011f\u0131n Be\u015fi\u011fi&#8221; olarak an\u0131lan bu b\u00f6lge, erken tar\u0131m\u0131n ve modern insan uygarl\u0131klar\u0131n\u0131n do\u011fdu\u011fu yer olarak kabul ediliyor. <\/p>\n\n\n\n<hr class=\"wp-block-separator has-alpha-channel-opacity\"\/>\n\n\n\n<p><em>Kaynak: Euronews T\u00fcrk\u00e7e, 1 May\u0131s 2026<\/em><\/p>\n\n\n\n<p><\/p>\n","protected":false},"excerpt":{"rendered":"<p>G\u00fcrcistan&#8217;da y\u00fcr\u00fct\u00fclen arkeolojik kaz\u0131larda bulunan Neolitik d\u00f6neme ait bir kerpi\u00e7 par\u00e7as\u0131ndaki k\u00fc\u00e7\u00fck bir iz, insanl\u0131k tarihini derinden etkileyen bir ke\u015ffe kap\u0131 aralad\u0131. PNAS dergisinde yay\u0131mlanan yeni bir ara\u015ft\u0131rmaya g\u00f6re, ekmeklik bu\u011fday muhtemelen yakla\u015f\u0131k 8.000 y\u0131l \u00f6nce, daha \u00f6nce evcille\u015ftirilmi\u015f bu\u011fday ile yabani bir ot t\u00fcr\u00fcn\u00fcn do\u011fal melezle\u015fmesiyle G\u00fcney Kafkasya&#8217;da ortaya \u00e7\u0131kt\u0131. Bulgular, G\u00fcrcistan Ulusal M\u00fczesi&#8217;nin [&hellip;]<\/p>\n","protected":false},"author":1,"featured_media":9735,"comment_status":"closed","ping_status":"open","sticky":false,"template":"","format":"standard","meta":{"advanced_seo_description":"","jetpack_seo_html_title":"","jetpack_seo_noindex":false,"ngg_post_thumbnail":0,"jetpack_post_was_ever_published":false,"_jetpack_newsletter_access":"","_jetpack_dont_email_post_to_subs":false,"_jetpack_newsletter_tier_id":0,"_jetpack_memberships_contains_paywalled_content":false,"_jetpack_memberships_contains_paid_content":false,"footnotes":""},"categories":[5],"tags":[],"class_list":["post-9734","post","type-post","status-publish","format-standard","has-post-thumbnail","hentry","category-haberler"],"jetpack_featured_media_url":"https:\/\/www.gocmeniz.biz\/wp-content\/750x422_cmsv2_2a870d1f-d5ac-534e-b25e-9c019608bcc4-9743612.avif","jetpack_shortlink":"https:\/\/wp.me\/paHHlZ-2x0","jetpack-related-posts":[{"id":215,"url":"https:\/\/www.gocmeniz.biz\/?p=215","url_meta":{"origin":9734,"position":0},"title":"Karaa\u011fa\u00e7&#8217;ta Seralar Sular Alt\u0131nda Kald\u0131","author":"Admin","date":"22 Kas\u0131m 2007","format":false,"excerpt":"Bulgaristan'\u0131n baraj kapaklar\u0131n\u0131 a\u00e7mas\u0131 ile birlikte Edirne, sular alt\u0131nda kald\u0131. Sulardan en \u00e7ok etkilenen Karaa\u011fa\u00e7 Mahallesi'nde ekili dikili alan\u0131 su bast\u0131. Edirne'de nehirlerden ta\u015fan sular yava\u015f \u00e7ekilmeye ba\u015flad\u0131. Sular\u0131n bast\u0131\u011f\u0131 Karaa\u011fa\u00e7 Mahallesi'nde evlerin yan\u0131 s\u0131ra ekili ve dikili alanlar da zarar g\u00f6rd\u00fc. Bu\u011fday ekili tarlalar\u0131 su basarken patl\u0131can ve biber\u2026","rel":"","context":"&quot;Haberler&quot; i\u00e7inde","block_context":{"text":"Haberler","link":"https:\/\/www.gocmeniz.biz\/?cat=5"},"img":{"alt_text":"","src":"https:\/\/i0.wp.com\/resimler.haberler.com\/haber\/325\/karaagac-ta-seralar-sular-altinda-kaldi_o.jpg?resize=350%2C200","width":350,"height":200},"classes":[]},{"id":554,"url":"https:\/\/www.gocmeniz.biz\/?p=554","url_meta":{"origin":9734,"position":1},"title":"Traklara ait ilk tap\u0131nak Tekirda\u011f&#8217;da bulundu","author":"Haberci","date":"27 Ekim 2008","format":false,"excerpt":"Tekirda\u011f Arkeoloji ve Etnografya M\u00fczesi taraf\u0131ndan, 8 y\u0131ld\u0131r Herainteikos Antik Kenti'nde s\u00fcrd\u00fcr\u00fclen kaz\u0131 \u00e7al\u0131\u015fmalar\u0131nda ortaya \u00e7\u0131kar\u0131lan antik yap\u0131n\u0131n Traklara ait ilk tap\u0131nak oldu\u011fu tespit edildi. Do\u00e7. Dr. Ne\u015fe Atik'in ba\u015fkanl\u0131\u011f\u0131nda Tekirda\u011f'\u0131n Karaevli k\u00f6y\u00fc s\u0131n\u0131rlar\u0131 i\u00e7erisindeki Herainteikos Antik Kenti'nde yap\u0131lan kaz\u0131 \u00e7al\u0131\u015fmalar\u0131nda M.\u00d6. 2. y\u00fczy\u0131lda yap\u0131ld\u0131\u011f\u0131 tahmin edilen Traklara ait ilk\u2026","rel":"","context":"&quot;Haberler&quot; i\u00e7inde","block_context":{"text":"Haberler","link":"https:\/\/www.gocmeniz.biz\/?cat=5"},"img":{"alt_text":"","src":"","width":0,"height":0},"classes":[]},{"id":1749,"url":"https:\/\/www.gocmeniz.biz\/?p=1749","url_meta":{"origin":9734,"position":2},"title":"10 bin g\u00f6\u00e7men vatanda\u015fa &#8220;konut paras\u0131&#8221; uyar\u0131s\u0131","author":"Haberci","date":"31 A\u011fustos 2009","format":false,"excerpt":"AA Bulgaristan'dan 1989-1995 d\u00f6neminde zorunlu g\u00f6\u00e7le gelen, paras\u0131n\u0131 yat\u0131r\u0131p, devletten konut almak i\u00e7in ortalama 17 y\u0131ld\u0131r bekleyen, ancak konut alamayan vatanda\u015flar\u0131n, nemalanm\u0131\u015f bir \u015fekilde paras\u0131n\u0131 almak i\u00e7in y\u0131l sonuna kadar Toplu Konut \u0130daresi'ne (TOK\u0130) ba\u015fvurmas\u0131 gerekiyor. G\u00f6\u00e7men vatanda\u015flar\u0131n ba\u015fvurmamas\u0131 halinde para, g\u00f6\u00e7men konutlar\u0131 hesab\u0131na gelir kaydedilecek. TOK\u0130 yetkililerinden edinilen bilgiye\u2026","rel":"","context":"&quot;Haberler&quot; i\u00e7inde","block_context":{"text":"Haberler","link":"https:\/\/www.gocmeniz.biz\/?cat=5"},"img":{"alt_text":"","src":"","width":0,"height":0},"classes":[]},{"id":1950,"url":"https:\/\/www.gocmeniz.biz\/?p=1950","url_meta":{"origin":9734,"position":3},"title":"G\u00f6\u00e7menlere konut paras\u0131 uyar\u0131s\u0131","author":"Haberci","date":"20 Kas\u0131m 2009","format":false,"excerpt":"Bulgaristan'dan 1989-1995 d\u00f6neminde zorunlu g\u00f6\u00e7le gelen, paras\u0131n\u0131 yat\u0131r\u0131p, devletten konut almak i\u00e7in ortalama 17 y\u0131ld\u0131r bekleyen, ancak konut alamayan vatanda\u015flar\u0131n, nemalanm\u0131\u015f bir \u015fekilde paras\u0131n\u0131 almak i\u00e7in 5 Aral\u0131k'a kadar TOK\u0130'ye ba\u015fvurmas\u0131 gerekiyor. Bu tarihe kadar ba\u015fvurmayan vatanda\u015flar\u0131n paras\u0131, g\u00f6\u00e7men konutlar\u0131 hesab\u0131na gelir kaydedilerek tasfiye edilecek. TOK\u0130'den verilen bilgiye g\u00f6re, g\u00f6\u00e7men\u2026","rel":"","context":"&quot;Haberler&quot; i\u00e7inde","block_context":{"text":"Haberler","link":"https:\/\/www.gocmeniz.biz\/?cat=5"},"img":{"alt_text":"","src":"","width":0,"height":0},"classes":[]},{"id":2558,"url":"https:\/\/www.gocmeniz.biz\/?p=2558","url_meta":{"origin":9734,"position":4},"title":"Karadeniz i\u00e7in kirlilik alarm\u0131 verildi","author":"Haberci","date":"04 \u015eubat 2019","format":false,"excerpt":"17 \u00fclkenin ev ve sanayi at\u0131klar\u0131n\u0131 b\u0131rakt\u0131\u011f\u0131 Karadeniz'in ciddi bi\u00e7imde hasta oldu\u011fu ve hacminin y\u00fczde 87'sinde deniz ya\u015fam\u0131n\u0131n yok oldu\u011fu a\u00e7\u0131kland\u0131. \u2018Karadeniz nas\u0131l kurtulur?' raporuna g\u00f6re her y\u0131l 95 bin ton petrol at\u0131\u011f\u0131 Karadeniz'e bo\u015falt\u0131l\u0131yor. T\u00fcrkiye'nin yan\u0131 s\u0131ra Bulgaristan, G\u00fcrcistan, Romanya, Rusya ve Ukrayna'n\u0131n bir araya gelerek olu\u015fturdu\u011fu \"Karadeniz Stratejik\u2026","rel":"","context":"&quot;Haberler&quot; i\u00e7inde","block_context":{"text":"Haberler","link":"https:\/\/www.gocmeniz.biz\/?cat=5"},"img":{"alt_text":"","src":"https:\/\/i0.wp.com\/www.gocmeniz.biz\/wp-content\/karadeniz-2.jpg?fit=750%2C450&ssl=1&resize=350%2C200","width":350,"height":200,"srcset":"https:\/\/i0.wp.com\/www.gocmeniz.biz\/wp-content\/karadeniz-2.jpg?fit=750%2C450&ssl=1&resize=350%2C200 1x, https:\/\/i0.wp.com\/www.gocmeniz.biz\/wp-content\/karadeniz-2.jpg?fit=750%2C450&ssl=1&resize=525%2C300 1.5x, https:\/\/i0.wp.com\/www.gocmeniz.biz\/wp-content\/karadeniz-2.jpg?fit=750%2C450&ssl=1&resize=700%2C400 2x"},"classes":[]},{"id":1876,"url":"https:\/\/www.gocmeniz.biz\/?p=1876","url_meta":{"origin":9734,"position":5},"title":"Ak\u015fam yeme\u011fi fiyat\u0131na tatil","author":"Haberci","date":"31 Ekim 2009","format":false,"excerpt":"Kurban Bayram\u0131, y\u0131lba\u015f\u0131 ve s\u00f6mestre tatilinde nereye gitmek istedi\u011finize karar veremediyseniz, Bulgaristan'da \u00e7ok \u00f6zel bir tatil f\u0131rsat\u0131 var. Grand Hotel International'den foto\u011fraflar... Yakla\u015f\u0131k 500 y\u0131l Osmanl\u0131 hakimiyetinde kalan Bulgaristan'\u0131n en b\u00fcy\u00fck \u015fehirlerinden Varna, tatilciler i\u00e7in \u00e7ok \u00f6nemli bir tatil arternatifi oldu. The Grand Hotel International & Casino ile Bulgaria Airways'in\u2026","rel":"","context":"&quot;Haberler&quot; i\u00e7inde","block_context":{"text":"Haberler","link":"https:\/\/www.gocmeniz.biz\/?cat=5"},"img":{"alt_text":"","src":"","width":0,"height":0},"classes":[]}],"jetpack_sharing_enabled":true,"jetpack_likes_enabled":true,"_links":{"self":[{"href":"https:\/\/www.gocmeniz.biz\/index.php?rest_route=\/wp\/v2\/posts\/9734","targetHints":{"allow":["GET"]}}],"collection":[{"href":"https:\/\/www.gocmeniz.biz\/index.php?rest_route=\/wp\/v2\/posts"}],"about":[{"href":"https:\/\/www.gocmeniz.biz\/index.php?rest_route=\/wp\/v2\/types\/post"}],"author":[{"embeddable":true,"href":"https:\/\/www.gocmeniz.biz\/index.php?rest_route=\/wp\/v2\/users\/1"}],"replies":[{"embeddable":true,"href":"https:\/\/www.gocmeniz.biz\/index.php?rest_route=%2Fwp%2Fv2%2Fcomments&post=9734"}],"version-history":[{"count":1,"href":"https:\/\/www.gocmeniz.biz\/index.php?rest_route=\/wp\/v2\/posts\/9734\/revisions"}],"predecessor-version":[{"id":9736,"href":"https:\/\/www.gocmeniz.biz\/index.php?rest_route=\/wp\/v2\/posts\/9734\/revisions\/9736"}],"wp:featuredmedia":[{"embeddable":true,"href":"https:\/\/www.gocmeniz.biz\/index.php?rest_route=\/wp\/v2\/media\/9735"}],"wp:attachment":[{"href":"https:\/\/www.gocmeniz.biz\/index.php?rest_route=%2Fwp%2Fv2%2Fmedia&parent=9734"}],"wp:term":[{"taxonomy":"category","embeddable":true,"href":"https:\/\/www.gocmeniz.biz\/index.php?rest_route=%2Fwp%2Fv2%2Fcategories&post=9734"},{"taxonomy":"post_tag","embeddable":true,"href":"https:\/\/www.gocmeniz.biz\/index.php?rest_route=%2Fwp%2Fv2%2Ftags&post=9734"}],"curies":[{"name":"wp","href":"https:\/\/api.w.org\/{rel}","templated":true}]}}