{"id":9737,"date":"2026-05-01T18:35:00","date_gmt":"2026-05-01T15:35:00","guid":{"rendered":"https:\/\/www.gocmeniz.biz\/?p=9737"},"modified":"2026-05-01T19:37:58","modified_gmt":"2026-05-01T16:37:58","slug":"prag-kopenhag-direkt-treni-10-yilin-ardindan-yeniden-seferde","status":"publish","type":"post","link":"https:\/\/www.gocmeniz.biz\/?p=9737","title":{"rendered":"Prag-Kopenhag Direkt Treni 10 Y\u0131l\u0131n Ard\u0131ndan Yeniden Seferde"},"content":{"rendered":"\n<p><\/p>\n\n\n\n<p>Avrupa&#8217;da tren yolculu\u011fu yeni bir ivme kazanmaya devam ediyor. 1 May\u0131s Cuma g\u00fcn\u00fc, Prag&#8217;dan Hamburg \u00fczerinden Kopenhag&#8217;a uzanan yeni bir direkt hat hizmete girdi; tek seferde \u00c7ekya, Almanya ve Danimarka&#8217;y\u0131 birbirine ba\u011fl\u0131yor. Bu, s\u00f6z konusu kentlerin 10 y\u0131l\u0131 a\u015fk\u0131n bir s\u00fcrenin ard\u0131ndan ilk kez do\u011frudan trenle bulu\u015fmas\u0131 anlam\u0131na geliyor. <\/p>\n\n\n\n<p>\u00c7ek Demiryollar\u0131 (\u010cD), Prag&#8217;\u0131n ana tren gar\u0131 ile Hamburg aras\u0131nda g\u00fcnde iki kar\u015f\u0131l\u0131kl\u0131 sefer ba\u015flatt\u0131; bu seferlerden biri Kopenhag&#8217;a kadar devam ediyor. Trenler, Almanya&#8217;n\u0131n Dresden ve Berlin kentlerinde de duruyor. <\/p>\n\n\n\n<p>Trenler y\u0131l boyunca her g\u00fcn saat 06.30 ve 10.30&#8217;da hareket edecek; yaz sezonunda 16.30&#8217;da ek bir sefer daha eklenecek. <\/p>\n\n\n\n<p><strong>Yolculuk S\u00fcresi ve Konfor<\/strong><\/p>\n\n\n\n<p>Prag&#8217;dan Hamburg&#8217;a do\u011frudan yolculuk 6 saat 41 dakika s\u00fcr\u00fcyor; \u00c7ekya&#8217;dan Kopenhag&#8217;a gidi\u015f ise saatte 230 kilometre h\u0131za ula\u015fabilen trenler sayesinde 13 saati az bir farkla a\u015f\u0131yor. <\/p>\n\n\n\n<p>En fazla 555 yolcu kapasiteli \u010cD&#8217;nin ComfortJet trenleri; vagon i\u00e7i restoran, Wi-Fi, bisiklet b\u00f6l\u00fcm\u00fc ve \u00e7ocuk sinemas\u0131 gibi olanaklar sunuyor. Y\u00fcksek h\u0131zl\u0131 trenlerde tekerlekli sandalye asans\u00f6rleri ile radyo ge\u00e7irgen camlar da bulunuyor. <\/p>\n\n\n\n<p><strong>AB&#8217;nin Demiryolu Vizyonu<\/strong><\/p>\n\n\n\n<p>Hat, \u010cD, Deutsche Bahn (DB) ve Danimarka&#8217;n\u0131n DSB&#8217;si taraf\u0131ndan ortakla\u015fa i\u015fletiliyor; Berlin ile Hamburg aras\u0131ndaki yenileme \u00e7al\u0131\u015fmalar\u0131n\u0131n tamamlanmas\u0131n\u0131n ard\u0131ndan faaliyete ge\u00e7ilebildi. <\/p>\n\n\n\n<p>Prag ile Kopenhag aras\u0131ndaki yeni ba\u011flant\u0131, Avrupa Komisyonu&#8217;nun ba\u015flatt\u0131\u011f\u0131 10 pilot projeden hayata ge\u00e7en ilklerden biri. Komisyonun hedefi, yeni s\u0131n\u0131r \u00f6tesi tren hatlar\u0131n\u0131 te\u015fvik etmek ve uzun mesafeli demiryolu ta\u015f\u0131mac\u0131l\u0131\u011f\u0131ndaki engelleri ortadan kald\u0131rmak. <\/p>\n\n\n\n<p>Yeni hat, Berlin-Paris g\u00fczerg\u00e2h\u0131n\u0131n ard\u0131ndan geldi; Aral\u0131k ay\u0131nda ise M\u00fcnih-Milano-Roma hatt\u0131n\u0131n da devreye girmesi planlan\u0131yor. Biletler, \u010cD, DB ve DSB&#8217;nin resmi sat\u0131\u015f kanallar\u0131ndan temin edilebiliyor. <\/p>\n\n\n\n<hr class=\"wp-block-separator has-alpha-channel-opacity\"\/>\n\n\n\n<p><em>Kaynak: Euronews T\u00fcrk\u00e7e<\/em><\/p>\n\n\n\n<p><\/p>\n","protected":false},"excerpt":{"rendered":"<p>Avrupa&#8217;da tren yolculu\u011fu yeni bir ivme kazanmaya devam ediyor. 1 May\u0131s Cuma g\u00fcn\u00fc, Prag&#8217;dan Hamburg \u00fczerinden Kopenhag&#8217;a uzanan yeni bir direkt hat hizmete girdi; tek seferde \u00c7ekya, Almanya ve Danimarka&#8217;y\u0131 birbirine ba\u011fl\u0131yor. Bu, s\u00f6z konusu kentlerin 10 y\u0131l\u0131 a\u015fk\u0131n bir s\u00fcrenin ard\u0131ndan ilk kez do\u011frudan trenle bulu\u015fmas\u0131 anlam\u0131na geliyor. \u00c7ek Demiryollar\u0131 (\u010cD), Prag&#8217;\u0131n ana tren [&hellip;]<\/p>\n","protected":false},"author":1,"featured_media":9738,"comment_status":"closed","ping_status":"open","sticky":false,"template":"","format":"standard","meta":{"advanced_seo_description":"","jetpack_seo_html_title":"","jetpack_seo_noindex":false,"ngg_post_thumbnail":0,"jetpack_post_was_ever_published":false,"_jetpack_newsletter_access":"","_jetpack_dont_email_post_to_subs":true,"_jetpack_newsletter_tier_id":0,"_jetpack_memberships_contains_paywalled_content":false,"_jetpack_memberships_contains_paid_content":false,"footnotes":""},"categories":[5],"tags":[],"class_list":["post-9737","post","type-post","status-publish","format-standard","has-post-thumbnail","hentry","category-haberler"],"jetpack_featured_media_url":"https:\/\/i0.wp.com\/www.gocmeniz.biz\/wp-content\/1366x768_cmsv2_4f2de795-6804-538c-9a9b-4afb02b0c40d-9743616.webp?fit=1366%2C768&ssl=1","jetpack_shortlink":"https:\/\/wp.me\/paHHlZ-2x3","jetpack-related-posts":[{"id":485,"url":"https:\/\/www.gocmeniz.biz\/?p=485","url_meta":{"origin":9737,"position":0},"title":"Microsoft G\u00fcncellemeye Devam Ediyor","author":"Haberci","date":"14 A\u011fustos 2008","format":false,"excerpt":"Microsoft'un bug\u00fcn yay\u0131nlad\u0131\u011f\u0131 yedisi(7) kritik on iki(12) g\u00fcncelleme ile sisteminizdeki ciddi a\u00e7\u0131klar\u0131 hack'lenmeden(!) kapay\u0131n. Gerekli g\u00fcncellemeler burada.Microsoft sonu gelmeyen g\u00fcncellemelerine yenilerini eklenmeye devam ediyor. Bu sefer yay\u0131nlananlar, kullan\u0131c\u0131lar\u0131n bilgisayalar\u0131n\u0131n ele ge\u00e7irilmesini engelliyor ve durum biraz daha ciddi! \u00d6zel foto\u011fraflar\u0131n\u0131z\u0131n, belgelerinizin ba\u015fkalar\u0131n\u0131n eline ge\u00e7memesi ve zararl\u0131 yaz\u0131l\u0131mlardan korunabilmek i\u00e7in Microsoft taraf\u0131ndan\u2026","rel":"","context":"&quot;Haberler&quot; i\u00e7inde","block_context":{"text":"Haberler","link":"https:\/\/www.gocmeniz.biz\/?cat=5"},"img":{"alt_text":"","src":"","width":0,"height":0},"classes":[]},{"id":1704,"url":"https:\/\/www.gocmeniz.biz\/?p=1704","url_meta":{"origin":9737,"position":1},"title":"Bulgaristan&#8217;da T\u00fcrk\u00e7e haber tart\u0131\u015fmas\u0131","author":"Haberci","date":"18 A\u011fustos 2009","format":false,"excerpt":"Devlet televizyonunda T\u00fcrk\u00e7e haber b\u00fcltenlerinin yay\u0131n\u0131na devam edilip edilmeyece\u011fi, Bulgaristan'da siyasi g\u00fcndemi me\u015fgul ediyor. Karar\u0131 h\u00fck\u00fcmet verecek. Bulgaristan k\u0131sa bir s\u00fcre \u00f6ncesine kadar daha \u00e7ok, yolsuzluk olaylar\u0131yla gazete man\u015fetlerine ta\u015f\u0131n\u0131yordu. Yeni se\u00e7ilen merkez sa\u011f h\u00fck\u00fcmet de geni\u015f kapsaml\u0131 bir temizlik operasyonu vaadiyle i\u015f ba\u015f\u0131na gelmi\u015fti. Bu y\u00fczden Sofya\u2019daki yeni h\u00fck\u00fcmetin\u2026","rel":"","context":"&quot;Haberler&quot; i\u00e7inde","block_context":{"text":"Haberler","link":"https:\/\/www.gocmeniz.biz\/?cat=5"},"img":{"alt_text":"","src":"","width":0,"height":0},"classes":[]},{"id":1082,"url":"https:\/\/www.gocmeniz.biz\/?p=1082","url_meta":{"origin":9737,"position":2},"title":"Ciguli Avrupa Sahnelerinde","author":"Haberci","date":"17 Nisan 2009","format":false,"excerpt":"2000`li y\u0131llar\u0131n ba\u015f\u0131nda Binnaz adl\u0131 par\u00e7ayla uzun s\u00fcre g\u00fcndemde kalan sanat\u00e7\u0131 Ciguli konser ve alb\u00fcm cal\u0131\u015fmalar\u0131na Aachen`de devam ediyor.AACHEN - Bulgaristan do\u011fumlu bir pop \u015fark\u0131c\u0131s\u0131 olan Ciguli, m\u00fczik hayat\u0131na T\u00fcrkiye ve Avrupa`da devam ediyor. 2000`li y\u0131llarda Binnaz adl\u0131 par\u00e7ayla uzun s\u00fcre g\u00fcndemde kalan sanat\u00e7\u0131, yine ayn\u0131 y\u0131llarda Horozum alb\u00fcm\u00fcn\u00fc de\u2026","rel":"","context":"&quot;Haberler&quot; i\u00e7inde","block_context":{"text":"Haberler","link":"https:\/\/www.gocmeniz.biz\/?cat=5"},"img":{"alt_text":"","src":"","width":0,"height":0},"classes":[]},{"id":1601,"url":"https:\/\/www.gocmeniz.biz\/?p=1601","url_meta":{"origin":9737,"position":3},"title":"Kap\u0131kule&#8217;den bir g\u00fcnde 47 bin ki\u015fi giri\u015f yapt\u0131","author":"Haberci","date":"28 Temmuz 2009","format":false,"excerpt":"YAZ izinlerini ge\u00e7irmek i\u00e7in Avrupa\u2019n\u0131n de\u011fi\u015fik \u00fclkelerinden yola koyulan i\u015f\u00e7ilerin yurda giri\u015fleri devam ediyor. Temmuz ay\u0131n\u0131n 26 g\u00fcnl\u00fck s\u00fcresinde Kap\u0131kule S\u0131n\u0131r Kap\u0131s\u0131\u2019n\u0131 kullanarak yurda 605 bin ki\u015fi giri\u015f yapt\u0131. Modernizasyon \u00e7al\u0131\u015fmalar\u0131n\u0131n tamamlanmas\u0131 ve giri\u015f \u00e7\u0131k\u0131\u015flarda ya\u015fanan rahatl\u0131\u011f\u0131n ard\u0131ndan, s\u0131n\u0131r kap\u0131s\u0131 tarihinde bir rekora imza at\u0131ld\u0131 ve Temmuz ay\u0131nda bir g\u00fcnde\u2026","rel":"","context":"&quot;Haberler&quot; i\u00e7inde","block_context":{"text":"Haberler","link":"https:\/\/www.gocmeniz.biz\/?cat=5"},"img":{"alt_text":"","src":"","width":0,"height":0},"classes":[]},{"id":1492,"url":"https:\/\/www.gocmeniz.biz\/?p=1492","url_meta":{"origin":9737,"position":4},"title":"Bulgaristan`da yeni uygulamalara dikkat!","author":"Haberci","date":"05 Temmuz 2009","format":false,"excerpt":"Ara\u00e7lar\u0131yla T\u00fcrkiye`ye tatile gidenlerin \u00f6zellikle Bulgaristan`da ya\u015fad\u0131klar\u0131 sorunlar\u0131n \u00e7\u00f6z\u00fcm\u00fcne y\u00f6nelik \u00e7al\u0131\u015fmalar\u0131na devam eden Hollanda`da T\u00fcrkler \u0130\u00e7in Dan\u0131\u015fma Kurulu (IOT),son g\u00fcnlerde kamu oyuna yans\u0131yan sorunlar konusunda \u00f6nceki g\u00fcn Sofya`da Bulgar yetkililerle g\u00f6r\u00fc\u015ft\u00fc. UTRECHT - Konuyla ilgili IOT`nin \u00f6zel temsilcisi HT\u0130B Ba\u015fkan\u0131 Mustafa Ayranc\u0131, Bulgaristan`\u0131n ba\u015fkenti Sofya`da,\u00a0 Bulgaristan S\u0131n\u0131r G\u00fcvenli\u011fi M\u00fcd\u00fcr\u00fc Petrov\u2026","rel":"","context":"&quot;Haberler&quot; i\u00e7inde","block_context":{"text":"Haberler","link":"https:\/\/www.gocmeniz.biz\/?cat=5"},"img":{"alt_text":"","src":"","width":0,"height":0},"classes":[]},{"id":2151,"url":"https:\/\/www.gocmeniz.biz\/?p=2151","url_meta":{"origin":9737,"position":5},"title":"\u00c7anlar BP i\u00e7in \u00e7al\u0131yor","author":"Haberci","date":"16 Haziran 2010","format":false,"excerpt":"Meksika K\u00f6rfezi'ndeki \u00e7evre felaketi devam ediyor, BP i\u00e7in iyi haberler gelmiyor. Evren G\u00fclya\u015far (BTNet) 20 Nisan'dan beri d\u00fcnyan\u0131n kanayan yaras\u0131 olan Meksika K\u00f6rfezi'ndeki s\u0131z\u0131nt\u0131n\u0131n sona erdirilmesi i\u00e7in Amerika Ba\u015fkan\u0131 Barack Obama'n\u0131n BP'ye verdi\u011fi s\u00fcre d\u00fcn ak\u015fam itibariyle doldu. Ancak BP'den beklenen olumlu a\u00e7\u0131klama gelmedi. Felaketten geriye kalanlar ise pek i\u00e7\u2026","rel":"","context":"&quot;Haberler&quot; i\u00e7inde","block_context":{"text":"Haberler","link":"https:\/\/www.gocmeniz.biz\/?cat=5"},"img":{"alt_text":"","src":"https:\/\/i0.wp.com\/proportal.btnet.com.tr\/interpro\/uploads\/fft22-mf420855.jpeg?resize=350%2C200","width":350,"height":200},"classes":[]}],"jetpack_sharing_enabled":true,"jetpack_likes_enabled":true,"_links":{"self":[{"href":"https:\/\/www.gocmeniz.biz\/index.php?rest_route=\/wp\/v2\/posts\/9737","targetHints":{"allow":["GET"]}}],"collection":[{"href":"https:\/\/www.gocmeniz.biz\/index.php?rest_route=\/wp\/v2\/posts"}],"about":[{"href":"https:\/\/www.gocmeniz.biz\/index.php?rest_route=\/wp\/v2\/types\/post"}],"author":[{"embeddable":true,"href":"https:\/\/www.gocmeniz.biz\/index.php?rest_route=\/wp\/v2\/users\/1"}],"replies":[{"embeddable":true,"href":"https:\/\/www.gocmeniz.biz\/index.php?rest_route=%2Fwp%2Fv2%2Fcomments&post=9737"}],"version-history":[{"count":1,"href":"https:\/\/www.gocmeniz.biz\/index.php?rest_route=\/wp\/v2\/posts\/9737\/revisions"}],"predecessor-version":[{"id":9739,"href":"https:\/\/www.gocmeniz.biz\/index.php?rest_route=\/wp\/v2\/posts\/9737\/revisions\/9739"}],"wp:featuredmedia":[{"embeddable":true,"href":"https:\/\/www.gocmeniz.biz\/index.php?rest_route=\/wp\/v2\/media\/9738"}],"wp:attachment":[{"href":"https:\/\/www.gocmeniz.biz\/index.php?rest_route=%2Fwp%2Fv2%2Fmedia&parent=9737"}],"wp:term":[{"taxonomy":"category","embeddable":true,"href":"https:\/\/www.gocmeniz.biz\/index.php?rest_route=%2Fwp%2Fv2%2Fcategories&post=9737"},{"taxonomy":"post_tag","embeddable":true,"href":"https:\/\/www.gocmeniz.biz\/index.php?rest_route=%2Fwp%2Fv2%2Ftags&post=9737"}],"curies":[{"name":"wp","href":"https:\/\/api.w.org\/{rel}","templated":true}]}}