{"id":9748,"date":"2026-05-01T10:02:00","date_gmt":"2026-05-01T07:02:00","guid":{"rendered":"https:\/\/www.gocmeniz.biz\/?p=9748"},"modified":"2026-05-01T20:03:37","modified_gmt":"2026-05-01T17:03:37","slug":"isi-pompasi-enerji-krizine-karsi-cozum-olabilir-mi-avrupada-kullanici-deneyimleri-dikkat-cekiyor","status":"publish","type":"post","link":"https:\/\/www.gocmeniz.biz\/?p=9748","title":{"rendered":"Is\u0131 pompas\u0131 enerji krizine kar\u015f\u0131 \u00e7\u00f6z\u00fcm olabilir mi? Avrupa\u2019da kullan\u0131c\u0131 deneyimleri dikkat \u00e7ekiyor"},"content":{"rendered":"\n<p><\/p>\n\n\n\n<p>Avrupa\u2019da dalgalanan do\u011falgaz fiyatlar\u0131 ve enerji krizleri, bir\u00e7ok haneyi alternatif \u0131s\u0131nma \u00e7\u00f6z\u00fcmlerine y\u00f6neltti. Euronews\u2019te yer alan habere g\u00f6re \u00f6zellikle <strong>\u0131s\u0131 pompalar\u0131<\/strong>, do\u011falgaza ba\u011f\u0131ml\u0131l\u0131\u011f\u0131 azaltan ve uzun vadede enerji maliyetlerini d\u00fc\u015f\u00fcren sistemler olarak \u00f6ne \u00e7\u0131k\u0131yor.<\/p>\n\n\n\n<p>Haberde konu\u015fan kullan\u0131c\u0131lar, ilk kurulum maliyetinin y\u00fcksek olmas\u0131na ra\u011fmen birka\u00e7 y\u0131l i\u00e7inde tasarruf sa\u011flad\u0131klar\u0131n\u0131 belirtiyor. Is\u0131 pompalar\u0131; d\u0131\u015f ortam havas\u0131, toprak veya sudan ald\u0131\u011f\u0131 enerjiyi i\u00e7 mek\u00e2n \u0131s\u0131tmas\u0131nda kullan\u0131yor. Bu sayede klasik kombi sistemlerine g\u00f6re daha d\u00fc\u015f\u00fck enerji t\u00fcketimiyle \u00e7al\u0131\u015fabiliyor ve karbon emisyonunu azaltabiliyor.<\/p>\n\n\n\n<p>Uzmanlara g\u00f6re Avrupa\u2019daki enerji belirsizli\u011fi s\u00fcrd\u00fck\u00e7e \u0131s\u0131 pompas\u0131 yat\u0131r\u0131mlar\u0131 artabilir. Ancak sistemin verimli \u00e7al\u0131\u015fmas\u0131 i\u00e7in bina yal\u0131t\u0131m\u0131, b\u00f6lgenin iklim ko\u015fullar\u0131 ve do\u011fru kapasite se\u00e7imi kritik \u00f6nem ta\u015f\u0131yor. \u00d6zellikle iyi yal\u0131t\u0131lm\u0131\u015f evlerde yat\u0131r\u0131m geri d\u00f6n\u00fc\u015f s\u00fcresi daha k\u0131sa oluyor.<\/p>\n\n\n\n<p>Enerji faturalar\u0131ndan bunalan Avrupa sakinleri i\u00e7in \u0131s\u0131 pompalar\u0131 ciddi bir alternatif haline geliyor. \u0130lk yat\u0131r\u0131m pahal\u0131 g\u00f6r\u00fcnse de uzun vadede hem b\u00fct\u00e7e hem \u00e7evre a\u00e7\u0131s\u0131ndan avantaj sa\u011flayabiliyor; yani \u201ck\u0131\u015f geldi, fatura korkusu ba\u015flad\u0131\u201d d\u00f6nemine teknolojik bir cevap olabilir.<\/p>\n","protected":false},"excerpt":{"rendered":"<p>Avrupa\u2019da dalgalanan do\u011falgaz fiyatlar\u0131 ve enerji krizleri, bir\u00e7ok haneyi alternatif \u0131s\u0131nma \u00e7\u00f6z\u00fcmlerine y\u00f6neltti. Euronews\u2019te yer alan habere g\u00f6re \u00f6zellikle \u0131s\u0131 pompalar\u0131, do\u011falgaza ba\u011f\u0131ml\u0131l\u0131\u011f\u0131 azaltan ve uzun vadede enerji maliyetlerini d\u00fc\u015f\u00fcren sistemler olarak \u00f6ne \u00e7\u0131k\u0131yor. Haberde konu\u015fan kullan\u0131c\u0131lar, ilk kurulum maliyetinin y\u00fcksek olmas\u0131na ra\u011fmen birka\u00e7 y\u0131l i\u00e7inde tasarruf sa\u011flad\u0131klar\u0131n\u0131 belirtiyor. Is\u0131 pompalar\u0131; d\u0131\u015f ortam havas\u0131, toprak [&hellip;]<\/p>\n","protected":false},"author":1,"featured_media":9749,"comment_status":"closed","ping_status":"open","sticky":false,"template":"","format":"standard","meta":{"advanced_seo_description":"","jetpack_seo_html_title":"","jetpack_seo_noindex":false,"ngg_post_thumbnail":0,"jetpack_post_was_ever_published":false,"_jetpack_newsletter_access":"","_jetpack_dont_email_post_to_subs":true,"_jetpack_newsletter_tier_id":0,"_jetpack_memberships_contains_paywalled_content":false,"_jetpack_memberships_contains_paid_content":false,"footnotes":""},"categories":[5],"tags":[],"class_list":["post-9748","post","type-post","status-publish","format-standard","has-post-thumbnail","hentry","category-haberler"],"jetpack_featured_media_url":"https:\/\/i0.wp.com\/www.gocmeniz.biz\/wp-content\/1366x768_cmsv2_f910b613-fe18-5b32-a83f-5d62b7f269a5-9703767.webp?fit=1366%2C768&ssl=1","jetpack_shortlink":"https:\/\/wp.me\/paHHlZ-2xe","jetpack-related-posts":[{"id":9754,"url":"https:\/\/www.gocmeniz.biz\/?p=9754","url_meta":{"origin":9748,"position":0},"title":"Hollanda Krali\u00e7esi ve Prensesi g\u00f6n\u00fcll\u00fc askeri e\u011fitim ald\u0131: \u00dclkede orduya ilgi art\u0131yor","author":"Admin","date":"01 May\u0131s 2026","format":false,"excerpt":"Hollanda\u2019da savunma ve g\u00fcvenlik konusu son d\u00f6nemde toplumun daha fazla g\u00fcndemine girmeye ba\u015flad\u0131. Euronews\u2019in haberine g\u00f6re M\u00e1xima of the Netherlands ve veliaht prenses Catharina-Amalia, Princess of Orange, g\u00f6n\u00fcll\u00fc askeri e\u011fitim program\u0131na kat\u0131larak dikkat \u00e7ekti. Kraliyet ailesinin bu ad\u0131m\u0131, yaln\u0131zca sembolik bir mesaj olarak de\u011fil, toplumda savunma bilincini art\u0131rmaya y\u00f6nelik g\u00fc\u00e7l\u00fc\u2026","rel":"","context":"&quot;Haberler&quot; i\u00e7inde","block_context":{"text":"Haberler","link":"https:\/\/www.gocmeniz.biz\/?cat=5"},"img":{"alt_text":"","src":"https:\/\/www.gocmeniz.biz\/wp-content\/750x500_cmsv2_c6db07c7-7c02-5fd9-b6d3-a55a49f93c59-9640572.avif","width":350,"height":200,"srcset":"https:\/\/www.gocmeniz.biz\/wp-content\/750x500_cmsv2_c6db07c7-7c02-5fd9-b6d3-a55a49f93c59-9640572.avif 1x, https:\/\/www.gocmeniz.biz\/wp-content\/750x500_cmsv2_c6db07c7-7c02-5fd9-b6d3-a55a49f93c59-9640572.avif 1.5x, https:\/\/www.gocmeniz.biz\/wp-content\/750x500_cmsv2_c6db07c7-7c02-5fd9-b6d3-a55a49f93c59-9640572.avif 2x"},"classes":[]},{"id":1818,"url":"https:\/\/www.gocmeniz.biz\/?p=1818","url_meta":{"origin":9748,"position":1},"title":"Bulgaristan ve Rusya enerji alan\u0131nda i\u015fbirli\u011fini s\u00fcrd\u00fcr\u00fcyorlar","author":"Haberci","date":"01 Ekim 2009","format":false,"excerpt":"Rusya Enerji Bakan\u0131 Sergey \u015ematko, R\u0130A Novosti ajans\u0131 taraf\u0131ndan d\u00fczenlenen bas\u0131n toplant\u0131s\u0131nda Bulgar gazetecilerine konu\u015furken \u015fu s\u00f6zleri kulland\u0131: \u201cBulgaristan\u2019a yapt\u0131\u011f\u0131m ziyaretten sonra enerji alan\u0131ndaki i\u015fbirli\u011fimizi s\u00fcrd\u00fcrece\u011fimize tamamen inan\u0131yorum.\u201d Bakan \u015ematko, Burgas \u2013 Aleksandrupolis petrol boru hatt\u0131na dair karar\u0131n uzun zaman ertelenmemesinin Rusya i\u00e7in \u00f6nem ta\u015f\u0131d\u0131\u011f\u0131n\u0131 kaydetti. Rus taraf\u0131n\u0131n yeni Bulgaristan\u2026","rel":"","context":"&quot;Haberler&quot; i\u00e7inde","block_context":{"text":"Haberler","link":"https:\/\/www.gocmeniz.biz\/?cat=5"},"img":{"alt_text":"","src":"","width":0,"height":0},"classes":[]},{"id":9714,"url":"https:\/\/www.gocmeniz.biz\/?p=9714","url_meta":{"origin":9748,"position":2},"title":"AB&#8217;nin Petrol Rezervleri Ne Kadar Dayanabilir?","author":"Admin","date":"03 Nisan 2026","format":false,"excerpt":"Orta Do\u011fu'daki sava\u015f\u0131n k\u00fcresel petrol arz\u0131n\u0131 g\u00fcnde 12 milyon varil daraltmas\u0131yla birlikte Avrupa Birli\u011fi, enerji g\u00fcvenli\u011fini sa\u011flamak i\u00e7in harekete ge\u00e7ti. AB Enerji Komiseri Dan Jorgensen, 31 Mart'ta ger\u00e7ekle\u015ftirilen ola\u011fan\u00fcst\u00fc enerji bakanlar\u0131 toplant\u0131s\u0131n\u0131n ard\u0131ndan Orta Do\u011fu'ya ba\u011f\u0131ml\u0131l\u0131k nedeniyle dizel ve jet yak\u0131t\u0131nda k\u0131tl\u0131k riskinin y\u00fcksek oldu\u011fu uyar\u0131s\u0131nda bulundu ve \"uzun s\u00fcreli\u2026","rel":"","context":"&quot;Haberler&quot; i\u00e7inde","block_context":{"text":"Haberler","link":"https:\/\/www.gocmeniz.biz\/?cat=5"},"img":{"alt_text":"","src":"https:\/\/i0.wp.com\/www.gocmeniz.biz\/wp-content\/1366x768_cmsv2_628b5f32-c46f-51c5-a35a-6f8c0fd5ba4a-9707771.webp?fit=1200%2C675&ssl=1&resize=350%2C200","width":350,"height":200,"srcset":"https:\/\/i0.wp.com\/www.gocmeniz.biz\/wp-content\/1366x768_cmsv2_628b5f32-c46f-51c5-a35a-6f8c0fd5ba4a-9707771.webp?fit=1200%2C675&ssl=1&resize=350%2C200 1x, https:\/\/i0.wp.com\/www.gocmeniz.biz\/wp-content\/1366x768_cmsv2_628b5f32-c46f-51c5-a35a-6f8c0fd5ba4a-9707771.webp?fit=1200%2C675&ssl=1&resize=525%2C300 1.5x, https:\/\/i0.wp.com\/www.gocmeniz.biz\/wp-content\/1366x768_cmsv2_628b5f32-c46f-51c5-a35a-6f8c0fd5ba4a-9707771.webp?fit=1200%2C675&ssl=1&resize=700%2C400 2x, https:\/\/i0.wp.com\/www.gocmeniz.biz\/wp-content\/1366x768_cmsv2_628b5f32-c46f-51c5-a35a-6f8c0fd5ba4a-9707771.webp?fit=1200%2C675&ssl=1&resize=1050%2C600 3x"},"classes":[]},{"id":1141,"url":"https:\/\/www.gocmeniz.biz\/?p=1141","url_meta":{"origin":9748,"position":3},"title":"3 y\u0131l sonra D\u00fcnya&#8217;y\u0131 vuracak kabus!","author":"Haberci","date":"29 Nisan 2009","format":false,"excerpt":"Bilim adamlar\u0131 3 y\u0131l sonra Avrupa'y\u0131 vurmas\u0131 beklenen yeni tehlikeyi a\u00e7\u0131klad\u0131.Bilim adamlar\u0131 153 y\u0131l \u00f6nce hayat\u0131 fel\u00e7eden g\u00fcne\u015f f\u0131rt\u0131nas\u0131n\u0131n bir benzerinin Kuzey Amerika ve Avrupa'y\u0131 2012 Eyl\u00fcl'\u00fcnde vuraca\u011f\u0131n\u0131 tespit etti.1859 y\u0131l\u0131n\u0131n 1 Eyl\u00fcl'\u00fcnde g\u00fcne\u015ften gelen anormal manyetik enerji nedeniyle telgraf sistemleri tamamen \u00e7\u00f6km\u00fc\u015ft\u00fc. Ancak bu kez etki \u00e7ok daha vahim\u2026","rel":"","context":"&quot;Haberler&quot; i\u00e7inde","block_context":{"text":"Haberler","link":"https:\/\/www.gocmeniz.biz\/?cat=5"},"img":{"alt_text":"","src":"","width":0,"height":0},"classes":[]},{"id":1464,"url":"https:\/\/www.gocmeniz.biz\/?p=1464","url_meta":{"origin":9748,"position":4},"title":"IFC&#8217;den \u015ei\u015fecam&#8217;a 70 milyon dolar kredi","author":"Haberci","date":"30 Haziran 2009","format":false,"excerpt":"D\u00fcnya Bankas\u0131 kurulu\u015fu IFC, uzun s\u00fcredir i\u015fbirli\u011fi i\u00e7inde oldu\u011fu \u015ei\u015fecam\u2019a, T\u00fcrkiye ve Bulgaristan\u2019da bulunan cam \u00fcretim tesislerinde yapaca\u011f\u0131 yat\u0131r\u0131mlar i\u00e7in 70 milyon dolar finansman sa\u011flad\u0131\u011f\u0131n\u0131 a\u00e7\u0131klad\u0131. IFC\u2019den yap\u0131lan a\u00e7\u0131klamada, proje finansman\u0131 kapsam\u0131nda verilen kredinin \u015ei\u015fecam\u2019\u0131n d\u00fc\u015f\u00fck demirli g\u00fcne\u015f enerjisi cam\u0131 \u00fcretmek i\u00e7in yap\u0131lacak yat\u0131r\u0131mlar\u0131n yan\u0131 s\u0131ra \u00e7evre ile ilgili iyile\u015ftirme\u2026","rel":"","context":"&quot;Haberler&quot; i\u00e7inde","block_context":{"text":"Haberler","link":"https:\/\/www.gocmeniz.biz\/?cat=5"},"img":{"alt_text":"","src":"","width":0,"height":0},"classes":[]},{"id":1070,"url":"https:\/\/www.gocmeniz.biz\/?p=1070","url_meta":{"origin":9748,"position":5},"title":"Bulgaristan \u2013 T\u00fcrkiye aras\u0131nda anla\u015fma imzaland\u0131","author":"Haberci","date":"15 Nisan 2009","format":false,"excerpt":"Bulgaristan Ekonomi ve Enerji Bakan\u0131 Pet\u0131r Dimitrov ve T\u00fcrkiye D\u0131\u015f Ticaret ve G\u00fcmr\u00fcklerden sorumlu Devlet Bakan\u0131 K\u00fcr\u015fat T\u00fczmen , teknik d\u00fczenlemeler, standardizasyon, uygunluk de\u011ferlendirmesi ve meteroloji alan\u0131nlar\u0131nda Dan\u0131\u015fma ve \u0130\u015fbirli\u011fi mekanizmas\u0131 kurulmas\u0131na ili\u015fkin h\u00fck\u00fcmetler aras\u0131 bir anla\u015fma imzalad\u0131lar.\u0130ki Bakan, Sofya\u2019da Bulgar- T\u00fcrk i\u015f forumuna kat\u0131lacaklar. 2008 y\u0131l\u0131nda Bulgaristan ve T\u00fcrkiye\u2026","rel":"","context":"&quot;Haberler&quot; i\u00e7inde","block_context":{"text":"Haberler","link":"https:\/\/www.gocmeniz.biz\/?cat=5"},"img":{"alt_text":"","src":"","width":0,"height":0},"classes":[]}],"jetpack_sharing_enabled":true,"jetpack_likes_enabled":true,"_links":{"self":[{"href":"https:\/\/www.gocmeniz.biz\/index.php?rest_route=\/wp\/v2\/posts\/9748","targetHints":{"allow":["GET"]}}],"collection":[{"href":"https:\/\/www.gocmeniz.biz\/index.php?rest_route=\/wp\/v2\/posts"}],"about":[{"href":"https:\/\/www.gocmeniz.biz\/index.php?rest_route=\/wp\/v2\/types\/post"}],"author":[{"embeddable":true,"href":"https:\/\/www.gocmeniz.biz\/index.php?rest_route=\/wp\/v2\/users\/1"}],"replies":[{"embeddable":true,"href":"https:\/\/www.gocmeniz.biz\/index.php?rest_route=%2Fwp%2Fv2%2Fcomments&post=9748"}],"version-history":[{"count":1,"href":"https:\/\/www.gocmeniz.biz\/index.php?rest_route=\/wp\/v2\/posts\/9748\/revisions"}],"predecessor-version":[{"id":9750,"href":"https:\/\/www.gocmeniz.biz\/index.php?rest_route=\/wp\/v2\/posts\/9748\/revisions\/9750"}],"wp:featuredmedia":[{"embeddable":true,"href":"https:\/\/www.gocmeniz.biz\/index.php?rest_route=\/wp\/v2\/media\/9749"}],"wp:attachment":[{"href":"https:\/\/www.gocmeniz.biz\/index.php?rest_route=%2Fwp%2Fv2%2Fmedia&parent=9748"}],"wp:term":[{"taxonomy":"category","embeddable":true,"href":"https:\/\/www.gocmeniz.biz\/index.php?rest_route=%2Fwp%2Fv2%2Fcategories&post=9748"},{"taxonomy":"post_tag","embeddable":true,"href":"https:\/\/www.gocmeniz.biz\/index.php?rest_route=%2Fwp%2Fv2%2Ftags&post=9748"}],"curies":[{"name":"wp","href":"https:\/\/api.w.org\/{rel}","templated":true}]}}