{"id":9754,"date":"2026-05-01T09:16:00","date_gmt":"2026-05-01T06:16:00","guid":{"rendered":"https:\/\/www.gocmeniz.biz\/?p=9754"},"modified":"2026-05-01T20:17:18","modified_gmt":"2026-05-01T17:17:18","slug":"hollanda-kralicesi-ve-prensesi-gonullu-askeri-egitim-aldi-ulkede-orduya-ilgi-artiyor","status":"publish","type":"post","link":"https:\/\/www.gocmeniz.biz\/?p=9754","title":{"rendered":"Hollanda Krali\u00e7esi ve Prensesi g\u00f6n\u00fcll\u00fc askeri e\u011fitim ald\u0131: \u00dclkede orduya ilgi art\u0131yor"},"content":{"rendered":"\n<p><\/p>\n\n\n\n<p>Hollanda\u2019da savunma ve g\u00fcvenlik konusu son d\u00f6nemde toplumun daha fazla g\u00fcndemine girmeye ba\u015flad\u0131. Euronews\u2019in haberine g\u00f6re <strong>M\u00e1xima of the Netherlands<\/strong> ve veliaht prenses <strong>Catharina-Amalia, Princess of Orange<\/strong>, g\u00f6n\u00fcll\u00fc askeri e\u011fitim program\u0131na kat\u0131larak dikkat \u00e7ekti. Kraliyet ailesinin bu ad\u0131m\u0131, yaln\u0131zca sembolik bir mesaj olarak de\u011fil, toplumda savunma bilincini art\u0131rmaya y\u00f6nelik g\u00fc\u00e7l\u00fc bir destek olarak yorumland\u0131.<\/p>\n\n\n\n<p>Habere g\u00f6re Hollanda\u2019da \u00f6zellikle son y\u0131llarda Avrupa\u2019daki g\u00fcvenlik endi\u015feleri, Rusya-Ukrayna sava\u015f\u0131 sonras\u0131 artan savunma harcamalar\u0131 ve NATO i\u00e7indeki y\u00fck\u00fcml\u00fcl\u00fckler nedeniyle orduya olan ilgi y\u00fckseli\u015fe ge\u00e7ti. G\u00f6n\u00fcll\u00fc askeri e\u011fitim programlar\u0131na ba\u015fvuran ki\u015fi say\u0131s\u0131nda belirgin art\u0131\u015f ya\u015fan\u0131rken, gen\u00e7ler aras\u0131nda da savunma alan\u0131na y\u00f6nelik fark\u0131ndal\u0131k b\u00fcy\u00fcyor. Yetkililer, toplumun yaln\u0131zca profesyonel askerlere de\u011fil; kriz, afet ve g\u00fcvenlik durumlar\u0131nda destek verebilecek e\u011fitimli sivillere de ihtiya\u00e7 duydu\u011funu vurguluyor.<\/p>\n\n\n\n<p>Krali\u00e7e M\u00e1xima ve prensesin programa kat\u0131lmas\u0131 kamuoyunda geni\u015f yank\u0131 uyand\u0131rd\u0131. Bu hamle, \u201csavunma sadece askerlerin i\u015fi de\u011fil, toplumsal bir sorumluluk\u201d mesaj\u0131 olarak de\u011ferlendirildi. Avrupa\u2019da bir\u00e7ok \u00fclke benzer \u015fekilde savunma kapasitelerini art\u0131rmaya, yedek kuvvetleri g\u00fc\u00e7lendirmeye ve vatanda\u015f kat\u0131l\u0131m\u0131n\u0131 te\u015fvik etmeye \u00e7al\u0131\u015f\u0131yor.<\/p>\n\n\n\n<p>Uzmanlara g\u00f6re Avrupa genelinde g\u00fcvenlik alg\u0131s\u0131 de\u011fi\u015fiyor. Uzun y\u0131llar boyunca sava\u015f riskini d\u00fc\u015f\u00fck g\u00f6ren toplumlar art\u0131k enerji g\u00fcvenli\u011fi, s\u0131n\u0131r g\u00fcvenli\u011fi, siber tehditler ve b\u00f6lgesel krizler nedeniyle daha haz\u0131rl\u0131kl\u0131 olma e\u011filiminde. Hollanda \u00f6rne\u011fi de bu d\u00f6n\u00fc\u015f\u00fcm\u00fcn sembolik ama dikkat \u00e7ekici bir yans\u0131mas\u0131 olarak g\u00f6r\u00fcl\u00fcyor.<\/p>\n\n\n\n<p>Avrupa\u2019da ya\u015famay\u0131 d\u00fc\u015f\u00fcnen veya hali haz\u0131rda ya\u015fayan g\u00f6\u00e7menler i\u00e7in bu geli\u015fme, k\u0131tan\u0131n g\u00fcvenlik politikalar\u0131nda yeni bir d\u00f6neme i\u015faret ediyor. Savunma, kriz y\u00f6netimi ve vatanda\u015f kat\u0131l\u0131m\u0131 konular\u0131 \u00f6n\u00fcm\u00fczdeki y\u0131llarda Avrupa \u00fclkelerinde daha g\u00f6r\u00fcn\u00fcr hale gelebilir. Kraliyet ailesinin bile \u00fcniforma giydi\u011fi bir ortamda, \u201cAvrupa\u2019da her \u015fey hep sakin gider\u201d alg\u0131s\u0131 biraz de\u011fi\u015fiyor diyebiliriz.<\/p>\n","protected":false},"excerpt":{"rendered":"<p>Hollanda\u2019da savunma ve g\u00fcvenlik konusu son d\u00f6nemde toplumun daha fazla g\u00fcndemine girmeye ba\u015flad\u0131. Euronews\u2019in haberine g\u00f6re M\u00e1xima of the Netherlands ve veliaht prenses Catharina-Amalia, Princess of Orange, g\u00f6n\u00fcll\u00fc askeri e\u011fitim program\u0131na kat\u0131larak dikkat \u00e7ekti. Kraliyet ailesinin bu ad\u0131m\u0131, yaln\u0131zca sembolik bir mesaj olarak de\u011fil, toplumda savunma bilincini art\u0131rmaya y\u00f6nelik g\u00fc\u00e7l\u00fc bir destek olarak yorumland\u0131. Habere [&hellip;]<\/p>\n","protected":false},"author":1,"featured_media":9755,"comment_status":"closed","ping_status":"open","sticky":false,"template":"","format":"standard","meta":{"advanced_seo_description":"","jetpack_seo_html_title":"","jetpack_seo_noindex":false,"ngg_post_thumbnail":0,"jetpack_post_was_ever_published":false,"_jetpack_newsletter_access":"","_jetpack_dont_email_post_to_subs":false,"_jetpack_newsletter_tier_id":0,"_jetpack_memberships_contains_paywalled_content":false,"_jetpack_memberships_contains_paid_content":false,"footnotes":""},"categories":[5],"tags":[],"class_list":["post-9754","post","type-post","status-publish","format-standard","has-post-thumbnail","hentry","category-haberler"],"jetpack_featured_media_url":"https:\/\/www.gocmeniz.biz\/wp-content\/750x500_cmsv2_c6db07c7-7c02-5fd9-b6d3-a55a49f93c59-9640572.avif","jetpack_shortlink":"https:\/\/wp.me\/paHHlZ-2xk","jetpack-related-posts":[{"id":2593,"url":"https:\/\/www.gocmeniz.biz\/?p=2593","url_meta":{"origin":9754,"position":0},"title":"Bulgaristan&#8217;da tart\u0131\u015fmal\u0131 &#8216;Roman entegrasyonu&#8217; tasar\u0131s\u0131","author":"Haberci","date":"09 \u015eubat 2019","format":false,"excerpt":"Ba\u015fbakan Yard\u0131mc\u0131s\u0131 ve Savunma Bakan\u0131 Krasimir Karaka\u00e7anov, \u00fclkedeki Roman az\u0131nl\u0131\u011f\u0131n topluma entegrasyonu i\u00e7in h\u00fck\u00fcmete sunulmak \u00fczere bir tasar\u0131 haz\u0131rlad\u0131. H\u00fck\u00fcmet orta\u011f\u0131 \u0131rk\u00e7\u0131 ve a\u015f\u0131r\u0131 milliyet\u00e7i Birle\u015fik Vatanseverler (OP) koalisyonunu temsil eden Karaka\u00e7anov'un, Romanlar\u0131 \"marjinal topluluk\" olarak niteledi\u011fi ve Romanlara \u00e7e\u015fitli zorunlu uygulamalar\u0131 \u00f6ng\u00f6ren tasar\u0131s\u0131 tart\u0131\u015fmalara neden oldu.\u00dcyelerinin \u00e7o\u011funu T\u00fcrklerin olu\u015fturdu\u011fu\u2026","rel":"","context":"&quot;Haberler&quot; i\u00e7inde","block_context":{"text":"Haberler","link":"https:\/\/www.gocmeniz.biz\/?cat=5"},"img":{"alt_text":"","src":"https:\/\/i0.wp.com\/www.gocmeniz.biz\/wp-content\/bulgaristanda-tartismali-roman-entegrasyonu-tasarisiztrWi_6Lh0-ya0DeBwd5LA.jpg?fit=620%2C258&ssl=1&resize=350%2C200","width":350,"height":200,"srcset":"https:\/\/i0.wp.com\/www.gocmeniz.biz\/wp-content\/bulgaristanda-tartismali-roman-entegrasyonu-tasarisiztrWi_6Lh0-ya0DeBwd5LA.jpg?fit=620%2C258&ssl=1&resize=350%2C200 1x, https:\/\/i0.wp.com\/www.gocmeniz.biz\/wp-content\/bulgaristanda-tartismali-roman-entegrasyonu-tasarisiztrWi_6Lh0-ya0DeBwd5LA.jpg?fit=620%2C258&ssl=1&resize=525%2C300 1.5x"},"classes":[]},{"id":460,"url":"https:\/\/www.gocmeniz.biz\/?p=460","url_meta":{"origin":9754,"position":1},"title":"SOFYA&#8217;DAK\u0130 ASKER\u0130 DEPODA \u015e\u0130DDETL\u0130 PATLAMA","author":"Haberci","date":"04 Temmuz 2008","format":false,"excerpt":"Bulgaristan'\u0131n ba\u015fkenti Sofya'n\u0131n \u00c7elope\u00e7 semtinde orduya ait bir depoda saat 06.30 dolaylar\u0131nda ba\u015flayan \u015fiddetli patlamalar ba\u015fkentte pani\u011fe neden oldu. B\u00f6lgede y\u00fczlerce evin camlar\u0131n\u0131n k\u0131r\u0131lmas\u0131na sebep olan ve ard\u0131 ard\u0131na s\u00fcren \u00fc\u00e7 patlaman\u0131n imha at\u00f6lyesinden ba\u015flad\u0131\u011f\u0131 belirtildi.T\u00fcm Sofya halk\u0131n\u0131 aya\u011fa kald\u0131ran patlamalar\u0131n oldu\u011fu b\u00f6lgeye \u00e7ok say\u0131da ambulans ve itfaiye arac\u0131 sevk\u2026","rel":"","context":"Benzer yaz\u0131","block_context":{"text":"Benzer yaz\u0131","link":""},"img":{"alt_text":"","src":"","width":0,"height":0},"classes":[]},{"id":293,"url":"https:\/\/www.gocmeniz.biz\/?p=293","url_meta":{"origin":9754,"position":2},"title":"Bulgaristan, T\u00fcrk s\u0131n\u0131r\u0131nda g\u00f6m\u00fcl\u00fc tanklar\u0131n\u0131 satacak","author":"Admin","date":"16 \u015eubat 2008","format":false,"excerpt":"Bulgaristan, So\u011fuk Sava\u015f d\u00f6neminde T\u00fcrkiye s\u0131n\u0131r\u0131na g\u00f6md\u00fc\u011f\u00fc tanklar\u0131n bir k\u0131sm\u0131n\u0131 satacak. Savunma Bakan\u0131 Veselin Bliznakov, profesyonel orduya ge\u00e7i\u015fle ilgili geli\u015fmeleri aktar\u0131rken, bu y\u0131l i\u00e7inde binlerce ordu mensubunun ordu s\u0131ralar\u0131ndan ayr\u0131laca\u011f\u0131n\u0131 kaydetti. Profesyonel ordu kurma yolunda mevcut askeri teknolojiyi de profesyonel orduya cevap verir nitelikte yenileme karar\u0131 ald\u0131klar\u0131n\u0131 kaydeden Bliznakov, Bulgaristan\u2026","rel":"","context":"&quot;Haberler&quot; i\u00e7inde","block_context":{"text":"Haberler","link":"https:\/\/www.gocmeniz.biz\/?cat=5"},"img":{"alt_text":"","src":"","width":0,"height":0},"classes":[]},{"id":9722,"url":"https:\/\/www.gocmeniz.biz\/?p=9722","url_meta":{"origin":9754,"position":3},"title":"Zelenskiy&#8217;den Avrupa&#8217;ya Ortak Savunma \u00c7a\u011fr\u0131s\u0131","author":"Admin","date":"14 Nisan 2026","format":false,"excerpt":"Ukrayna Cumhurba\u015fkan\u0131 Volodimir Zelenskiy, Berlin ziyareti \u00f6ncesinde Ukrayna'n\u0131n bu hafta Avrupal\u0131 ortaklar\u0131yla ortak bir savunma sistemi olu\u015fturmak amac\u0131yla g\u00f6r\u00fc\u015fmeler yapaca\u011f\u0131n\u0131 duyurdu. \"Ya Avrupa'n\u0131n par\u00e7as\u0131 oluruz ya da Rus d\u00fcnyas\u0131na dahil oluruz\" Zelenskiy, Ukrayna'n\u0131n Avrupa g\u00fcvenlik sisteminin ayr\u0131lmaz bir par\u00e7as\u0131 olmas\u0131 gerekti\u011fini, aksi h\u00e2lde Avrupa'daki baz\u0131 \u00fclkelerin \"Rus d\u00fcnyas\u0131n\u0131n\" bir par\u00e7as\u0131\u2026","rel":"","context":"&quot;Haberler&quot; i\u00e7inde","block_context":{"text":"Haberler","link":"https:\/\/www.gocmeniz.biz\/?cat=5"},"img":{"alt_text":"","src":"https:\/\/i0.wp.com\/www.gocmeniz.biz\/wp-content\/1366x768_cmsv2_e646d1c3-8425-5ac6-a0f8-519795aa0016-9721625.webp?fit=1200%2C675&ssl=1&resize=350%2C200","width":350,"height":200,"srcset":"https:\/\/i0.wp.com\/www.gocmeniz.biz\/wp-content\/1366x768_cmsv2_e646d1c3-8425-5ac6-a0f8-519795aa0016-9721625.webp?fit=1200%2C675&ssl=1&resize=350%2C200 1x, https:\/\/i0.wp.com\/www.gocmeniz.biz\/wp-content\/1366x768_cmsv2_e646d1c3-8425-5ac6-a0f8-519795aa0016-9721625.webp?fit=1200%2C675&ssl=1&resize=525%2C300 1.5x, https:\/\/i0.wp.com\/www.gocmeniz.biz\/wp-content\/1366x768_cmsv2_e646d1c3-8425-5ac6-a0f8-519795aa0016-9721625.webp?fit=1200%2C675&ssl=1&resize=700%2C400 2x, https:\/\/i0.wp.com\/www.gocmeniz.biz\/wp-content\/1366x768_cmsv2_e646d1c3-8425-5ac6-a0f8-519795aa0016-9721625.webp?fit=1200%2C675&ssl=1&resize=1050%2C600 3x"},"classes":[]},{"id":1178,"url":"https:\/\/www.gocmeniz.biz\/?p=1178","url_meta":{"origin":9754,"position":4},"title":"Bulgaristan&#8217;da 100 y\u0131l bayram\u0131","author":"Haberci","date":"06 May\u0131s 2009","format":false,"excerpt":"Bulgaristan'da \"6 May\u0131s Ordu ve Cesaret Bayram\u0131\" kutlamalar\u0131na Bulgaristan'\u0131n ba\u011f\u0131ms\u0131zl\u0131k ilan\u0131n\u0131n 100. y\u0131l d\u00f6n\u00fcm\u00fcne denk gelmesi nedeniyle bug\u00fcnden ba\u015fland\u0131.Kutlamalar \u00e7er\u00e7evesinde ba\u015fkent Sofya'ya 11 \u00fclkeden gelen askeri bando ve orkestralar, kentin park ve meydanlar\u0131nda konserler d\u00fczenledi. Askeri bandolar Sofya'n\u0131n yan\u0131 s\u0131ra Plevne, Varna ve Filibe gibi b\u00fcy\u00fck kentlerde de \u00e7e\u015fitli etkinliklere\u2026","rel":"","context":"&quot;Haberler&quot; i\u00e7inde","block_context":{"text":"Haberler","link":"https:\/\/www.gocmeniz.biz\/?cat=5"},"img":{"alt_text":"","src":"","width":0,"height":0},"classes":[]},{"id":466,"url":"https:\/\/www.gocmeniz.biz\/?p=466","url_meta":{"origin":9754,"position":5},"title":"BULGAR\u0130STAN&#8217;DA \u00d6NEML\u0130 OTOYOLLARDAK\u0130 TRAF\u0130K, HEL\u0130KOPTERLERLE DENETLENECEK","author":"Haberci","date":"18 Temmuz 2008","format":false,"excerpt":"\u0130\u00e7i\u015fleri Bakanl\u0131\u011f\u0131 ile Savunma Bakanl\u0131\u011f\u0131, otoyollarda trafik kazalar\u0131n\u0131n azalt\u0131lmas\u0131 i\u00e7in yeni bir uygulamay\u0131 hayata ge\u00e7irdi. Buna g\u00f6re, \u00fclkedeki \u00f6nemli karayolundaki trafik helikopterler ile denetlenecek ve trafi\u011fi ihlal edenler tespit edilecek. Savunma Bakan\u0131 Nikolay Tsonev ile \u0130\u00e7i\u015fleri Bakan\u0131 Mihail Mikov, bu konuda bir i\u015fbirli\u011fi anla\u015fmas\u0131 imzalad\u0131. Havadan trafik denetimi, Savunma Bakanl\u0131\u011f\u0131\u2026","rel":"","context":"&quot;Haberler&quot; i\u00e7inde","block_context":{"text":"Haberler","link":"https:\/\/www.gocmeniz.biz\/?cat=5"},"img":{"alt_text":"","src":"","width":0,"height":0},"classes":[]}],"jetpack_sharing_enabled":true,"jetpack_likes_enabled":true,"_links":{"self":[{"href":"https:\/\/www.gocmeniz.biz\/index.php?rest_route=\/wp\/v2\/posts\/9754","targetHints":{"allow":["GET"]}}],"collection":[{"href":"https:\/\/www.gocmeniz.biz\/index.php?rest_route=\/wp\/v2\/posts"}],"about":[{"href":"https:\/\/www.gocmeniz.biz\/index.php?rest_route=\/wp\/v2\/types\/post"}],"author":[{"embeddable":true,"href":"https:\/\/www.gocmeniz.biz\/index.php?rest_route=\/wp\/v2\/users\/1"}],"replies":[{"embeddable":true,"href":"https:\/\/www.gocmeniz.biz\/index.php?rest_route=%2Fwp%2Fv2%2Fcomments&post=9754"}],"version-history":[{"count":1,"href":"https:\/\/www.gocmeniz.biz\/index.php?rest_route=\/wp\/v2\/posts\/9754\/revisions"}],"predecessor-version":[{"id":9756,"href":"https:\/\/www.gocmeniz.biz\/index.php?rest_route=\/wp\/v2\/posts\/9754\/revisions\/9756"}],"wp:featuredmedia":[{"embeddable":true,"href":"https:\/\/www.gocmeniz.biz\/index.php?rest_route=\/wp\/v2\/media\/9755"}],"wp:attachment":[{"href":"https:\/\/www.gocmeniz.biz\/index.php?rest_route=%2Fwp%2Fv2%2Fmedia&parent=9754"}],"wp:term":[{"taxonomy":"category","embeddable":true,"href":"https:\/\/www.gocmeniz.biz\/index.php?rest_route=%2Fwp%2Fv2%2Fcategories&post=9754"},{"taxonomy":"post_tag","embeddable":true,"href":"https:\/\/www.gocmeniz.biz\/index.php?rest_route=%2Fwp%2Fv2%2Ftags&post=9754"}],"curies":[{"name":"wp","href":"https:\/\/api.w.org\/{rel}","templated":true}]}}